{"id":26672,"date":"2026-03-10T11:56:41","date_gmt":"2026-03-10T11:56:41","guid":{"rendered":"https:\/\/acronoticias.com\/index.php\/2026\/03\/10\/lluvias-alertas-y-pronostico-del-indomet\/"},"modified":"2026-03-10T11:56:41","modified_gmt":"2026-03-10T11:56:41","slug":"lluvias-alertas-y-pronostico-del-indomet","status":"publish","type":"post","link":"https:\/\/acronoticias.com\/index.php\/2026\/03\/10\/lluvias-alertas-y-pronostico-del-indomet\/","title":{"rendered":"lluvias, alertas y pron\u00f3stico del Indomet"},"content":{"rendered":"<div id=\"nota-texto\">\n<p>El <strong>Instituto Dominicano de Meteorolog\u00eda<\/strong> (<strong>Indomet<\/strong>) inform\u00f3 que este martes se mantendr\u00e1 la incidencia de una vaguada en los niveles medios y altos de la troposfera, as\u00ed como la influencia de un viento moderado del este.<\/p>\n<p>Estas condiciones favorecer\u00e1n un ambiente mayormente nublado desde horas de la ma\u00f1ana, con chubascos dispersos hacia el<strong> litoral nordeste<\/strong> y la llanura oriental del pa\u00eds.<\/p>\n<p>Durante la tarde y hasta las primeras horas de la noche se prev\u00e9n <strong>aguaceros moderados<\/strong> a fuertes, acompa\u00f1ados de tormentas el\u00e9ctricas, r\u00e1fagas de viento muy fuertes en ocasiones y posibles granizadas.<\/p>\n<p>Estas precipitaciones afectar\u00e1n principalmente provincias del valle del <strong>Cibao<\/strong>, nordeste, sureste, la <strong>Cordillera Central<\/strong> y la zona fronteriza. Entre las demarcaciones bajo estas condiciones se encuentran: el <strong>Gran Santo Domingo<\/strong>, <strong>Monte Plata<\/strong>, <strong>Saman\u00e1<\/strong>, <strong>Mar\u00eda Trinidad S\u00e1nchez<\/strong>, <strong>Duarte<\/strong>, <strong>Monse\u00f1or Nouel<\/strong>, <strong>S\u00e1nchez Ram\u00edrez<\/strong>, <strong>San Crist\u00f3bal<\/strong>, <strong>La Vega<\/strong>, <strong>Santiago<\/strong>, <strong>Azua<\/strong>, <strong>San Juan<\/strong>, <strong>Peravia<\/strong>, <strong>San Jos\u00e9 de Ocoa<\/strong>, <strong>Independencia<\/strong> y <strong>El\u00edas Pi\u00f1a<\/strong>.<\/p>\n<h2 class=\"wp-block-heading\">Pron\u00f3stico para el mi\u00e9rcoles<\/h2>\n<p>Para ma\u00f1ana mi\u00e9rcoles se prev\u00e9 una disminuci\u00f3n gradual del contenido de humedad en la atm\u00f3sfera, lo que limitar\u00e1 los acumulados de precipitaciones sobre el <strong>territorio nacional.<\/strong><\/p>\n<p>No obstante, la <strong>vaguada<\/strong>, junto al viento del este y los efectos del calentamiento diurno, provocar\u00e1n incrementos nubosos en horas de la tarde y primeras horas de la noche, con aguaceros moderados en ocasiones y aisladas tronadas.<\/p>\n<p>Estas condiciones se presentar\u00e1n principalmente en algunas provincias del nordeste, el valle del <strong>Cibao<\/strong>, la llanura oriental, la <strong>Cordillera Central<\/strong> y la zona fronteriza.<\/p>\n<h2 class=\"wp-block-heading\">Condiciones mar\u00edtimas<\/h2>\n<p>En el \u00e1mbito mar\u00edtimo, a partir del mi\u00e9rcoles se espera una mejor\u00eda significativa en la altura del oleaje en <strong>ambas costas del pa\u00eds.<\/strong><\/p>\n<p>Mientras tanto, en las costas atl\u00e1ntica y caribe\u00f1a se mantiene la <strong>recomendaci\u00f3n <\/strong>a los operadores de fr\u00e1giles, peque\u00f1as y medianas embarcaciones de permanecer en puerto, debido a vientos fuertes y olas anormales.<\/p>\n<h2 class=\"wp-block-heading\">Clima en el Gran Santo Domingo<\/h2>\n<p>Nublados en la tarde con aguaceros moderados a fuertes, tronadas y <strong>r\u00e1fagas de viento.<\/strong><\/p>\n<p>Nublado con aguaceros moderados a fuertes, tronadas y <strong>r\u00e1fagas de viento.<\/strong><\/p>\n<p>Nublados en la tarde con aguaceros, tronadas y <strong>r\u00e1fagas de viento.<\/strong><\/p>\n<p>Nublados en la tarde con aguaceros fuertes en ocasiones, tronadas y <strong>r\u00e1fagas de viento.<\/strong><\/p>\n<p>M\u00ednimas entre 20 \u00b0C y 22 \u00b0C, y m\u00e1ximas entre <strong>28 \u00b0C y 30 \u00b0C.<\/strong><\/p>\n<p>Cielo mayormente nublado con <strong>aguaceros<\/strong>, tormentas el\u00e9ctricas y r\u00e1fagas de viento en varias provincias.<\/p>\n<blockquote class=\"wp-block-quote is-layout-flow wp-block-quote-is-layout-flow\">\n<p>Se mantienen las alertas y avisos meteorol\u00f3gicos ante posibles inundaciones urbanas. Tambi\u00e9n contin\u00faa vigente la recomendaci\u00f3n por <strong>oleaje y viento anormal <\/strong>en ambas costas.<\/p>\n<\/blockquote>\n<\/div>\n","protected":false},"excerpt":{"rendered":"<p>El Instituto Dominicano de Meteorolog\u00eda (Indomet) inform\u00f3 que este martes se mantendr\u00e1 la incidencia de una vaguada en los niveles medios y altos de la troposfera, as\u00ed como la influencia de un viento moderado del este. Estas condiciones favorecer\u00e1n un ambiente mayormente nublado desde horas de la ma\u00f1ana, con chubascos dispersos hacia el litoral nordeste<\/p>\n","protected":false},"author":1,"featured_media":26673,"comment_status":"open","ping_status":"open","sticky":false,"template":"","format":"standard","meta":{"footnotes":""},"categories":[1],"tags":[],"class_list":["post-26672","post","type-post","status-publish","format-standard","has-post-thumbnail","hentry","category-nacionales"],"_links":{"self":[{"href":"https:\/\/acronoticias.com\/index.php\/wp-json\/wp\/v2\/posts\/26672","targetHints":{"allow":["GET"]}}],"collection":[{"href":"https:\/\/acronoticias.com\/index.php\/wp-json\/wp\/v2\/posts"}],"about":[{"href":"https:\/\/acronoticias.com\/index.php\/wp-json\/wp\/v2\/types\/post"}],"author":[{"embeddable":true,"href":"https:\/\/acronoticias.com\/index.php\/wp-json\/wp\/v2\/users\/1"}],"replies":[{"embeddable":true,"href":"https:\/\/acronoticias.com\/index.php\/wp-json\/wp\/v2\/comments?post=26672"}],"version-history":[{"count":0,"href":"https:\/\/acronoticias.com\/index.php\/wp-json\/wp\/v2\/posts\/26672\/revisions"}],"wp:featuredmedia":[{"embeddable":true,"href":"https:\/\/acronoticias.com\/index.php\/wp-json\/wp\/v2\/media\/26673"}],"wp:attachment":[{"href":"https:\/\/acronoticias.com\/index.php\/wp-json\/wp\/v2\/media?parent=26672"}],"wp:term":[{"taxonomy":"category","embeddable":true,"href":"https:\/\/acronoticias.com\/index.php\/wp-json\/wp\/v2\/categories?post=26672"},{"taxonomy":"post_tag","embeddable":true,"href":"https:\/\/acronoticias.com\/index.php\/wp-json\/wp\/v2\/tags?post=26672"}],"curies":[{"name":"wp","href":"https:\/\/api.w.org\/{rel}","templated":true}]}}