{"id":26662,"date":"2026-03-10T10:16:38","date_gmt":"2026-03-10T10:16:38","guid":{"rendered":"https:\/\/acronoticias.com\/index.php\/2026\/03\/10\/israel-dice-ha-matado-1900-soldados-y-jefes-de-iran\/"},"modified":"2026-03-10T10:16:38","modified_gmt":"2026-03-10T10:16:38","slug":"israel-dice-ha-matado-1900-soldados-y-jefes-de-iran","status":"publish","type":"post","link":"https:\/\/acronoticias.com\/index.php\/2026\/03\/10\/israel-dice-ha-matado-1900-soldados-y-jefes-de-iran\/","title":{"rendered":"Israel dice ha matado 1,900 soldados y jefes de Ir\u00e1n"},"content":{"rendered":"<div>\n<div class=\"c-detail__author full\">\n<div>\n<div class=\"c-detail__author__thumb\">\n<figure>\n                                <picture src=\"https:\/\/imagenes.hoy.com.do\/files\/image_square_xs\/uploads\/2025\/11\/18\/691c7d5bed035.jpeg\" data-size=\"w:40,h:40\">\n                                    <img decoding=\"async\" loading=\"lazy\" alt=\"EFE EFE\" width=\"40\" height=\"40\" src=\"https:\/\/imagenes.hoy.com.do\/files\/image_square_xs\/uploads\/2025\/11\/18\/691c7d5bed035.jpeg\"\/>\n                                <\/picture>\n                                <\/figure>\n<\/div>\n<\/div>\n<\/div>\n<p>                                                                                            <!-- --><\/p>\n<p class=\"paragraph\">Jerusal\u00e9n.- EFE<\/p>\n<p class=\"paragraph\"><b>El portavoz del Ej\u00e9rcito de Israel, Effie Defrin,<\/b> dijo este lunes en una comparecencia que la fuerza a\u00e9rea ha matado a m\u00e1s de 1,900 soldados y comandantes iran\u00edes desde el inicio de la guerra, que ha cumplido ya m\u00e1s de una semana.<\/p>\n<p class=\"paragraph\">\u201cEn los \u00faltimos d\u00edas, hemos atacado al r\u00e9gimen terrorista iran\u00ed. Hemos matado a m\u00e1s de 1,900 soldado y comandantes iran\u00edes. Tenemos muchos m\u00e1s objetivos, es un esfuerzo continuo y estamos profundizando los golpes a todos los niveles del r\u00e9gimen\u201d, indic\u00f3 Defrin.<\/p>\n<p class=\"paragraph\">Adem\u00e1s, Defrin asegur\u00f3 que tambi\u00e9n \u201cse han completado una serie de ataques contra seis aer\u00f3dromos militares\u201d en Ir\u00e1n.<\/p>\n<div class=\"c-detail__box \">\n<article class=\"c-detail__sumario \">\n<figure class=\"c-detail__sumario__thumb\" style=\"display: block;\">\n            <a href=\"#\" title=\"\">\n                <picture data-size=\"w:140,h:140\" loading=\"lazy\" src=\"https:\/\/imagenes.hoy.com.do\/files\/related_image\/files\/fp\/uploads\/2026\/03\/09\/69af907ee1f00.r_d.3000-2000.jpeg\" data-full-src=\"https:\/\/imagenes.hoy.com.do\/uploads\/2026\/03\/09\/69af907ee1f00.jpeg\">\n                    <img loading=\"lazy\" decoding=\"async\" width=\"140\" height=\"140\" alt=\"Una densa columna de humo se eleva desde una instalaci\u00f3n de almacenamiento de petr\u00f3leo afectada el s\u00e1bado 7 de marzo por un ataque estadounidense-israel\u00ed, el domingo 8 de marzo de 2026, en Teher\u00e1n, Ir\u00e1n. (AP Foto\/Vahid Salemi)\" src=\"https:\/\/imagenes.hoy.com.do\/uploads\/2026\/03\/09\/69af907ee1f00.jpeg\"\/>\n                <\/picture>\n            <\/a><br \/>\n        <\/figure>\n<\/article>\n<\/div>\n<p class=\"paragraph\"><b><i>\u201cLa fuerza a\u00e9rea contin\u00faa profundizando su superioridad a\u00e9rea sobre los cielos iran\u00edes\u201d, agreg\u00f3.<\/i><\/b><\/p>\n<p class=\"paragraph\">El portavoz castrense indic\u00f3 que estos ataques \u201cda\u00f1an las capacidades de armamento no solo del r\u00e9gimen (iran\u00ed) sino tambi\u00e9n de los representantes terroristas en todo Oriente Pr\u00f3ximo&#8221;. Este lunes un misil iran\u00ed impact\u00f3 en el centro del pa\u00eds causando un muerto y dos heridos cr\u00edticos. Israel amenaz\u00f3 a Mojtaba Jamene\u00ed, hijo del fallecido ayatol\u00e1, Ali Jamene\u00ed.\u00a0<\/p>\n<\/div>\n","protected":false},"excerpt":{"rendered":"<p>Jerusal\u00e9n.- EFE El portavoz del Ej\u00e9rcito de Israel, Effie Defrin, dijo este lunes en una comparecencia que la fuerza a\u00e9rea ha matado a m\u00e1s de 1,900 soldados y comandantes iran\u00edes desde el inicio de la guerra, que ha cumplido ya m\u00e1s de una semana. \u201cEn los \u00faltimos d\u00edas, hemos atacado al r\u00e9gimen terrorista iran\u00ed. Hemos<\/p>\n","protected":false},"author":1,"featured_media":26663,"comment_status":"open","ping_status":"open","sticky":false,"template":"","format":"standard","meta":{"footnotes":""},"categories":[3],"tags":[],"class_list":["post-26662","post","type-post","status-publish","format-standard","has-post-thumbnail","hentry","category-internacionales"],"_links":{"self":[{"href":"https:\/\/acronoticias.com\/index.php\/wp-json\/wp\/v2\/posts\/26662","targetHints":{"allow":["GET"]}}],"collection":[{"href":"https:\/\/acronoticias.com\/index.php\/wp-json\/wp\/v2\/posts"}],"about":[{"href":"https:\/\/acronoticias.com\/index.php\/wp-json\/wp\/v2\/types\/post"}],"author":[{"embeddable":true,"href":"https:\/\/acronoticias.com\/index.php\/wp-json\/wp\/v2\/users\/1"}],"replies":[{"embeddable":true,"href":"https:\/\/acronoticias.com\/index.php\/wp-json\/wp\/v2\/comments?post=26662"}],"version-history":[{"count":0,"href":"https:\/\/acronoticias.com\/index.php\/wp-json\/wp\/v2\/posts\/26662\/revisions"}],"wp:featuredmedia":[{"embeddable":true,"href":"https:\/\/acronoticias.com\/index.php\/wp-json\/wp\/v2\/media\/26663"}],"wp:attachment":[{"href":"https:\/\/acronoticias.com\/index.php\/wp-json\/wp\/v2\/media?parent=26662"}],"wp:term":[{"taxonomy":"category","embeddable":true,"href":"https:\/\/acronoticias.com\/index.php\/wp-json\/wp\/v2\/categories?post=26662"},{"taxonomy":"post_tag","embeddable":true,"href":"https:\/\/acronoticias.com\/index.php\/wp-json\/wp\/v2\/tags?post=26662"}],"curies":[{"name":"wp","href":"https:\/\/api.w.org\/{rel}","templated":true}]}}