{"id":26660,"date":"2026-03-10T09:32:41","date_gmt":"2026-03-10T09:32:41","guid":{"rendered":"https:\/\/acronoticias.com\/index.php\/2026\/03\/10\/raquel-pena-encabezo-la-jornada-131-de-evaluacion-del-plan-de-seguridad-ciudadana\/"},"modified":"2026-03-10T09:32:41","modified_gmt":"2026-03-10T09:32:41","slug":"raquel-pena-encabezo-la-jornada-131-de-evaluacion-del-plan-de-seguridad-ciudadana","status":"publish","type":"post","link":"https:\/\/acronoticias.com\/index.php\/2026\/03\/10\/raquel-pena-encabezo-la-jornada-131-de-evaluacion-del-plan-de-seguridad-ciudadana\/","title":{"rendered":"Raquel Pe\u00f1a encabez\u00f3 la jornada 131 de evaluaci\u00f3n del Plan de Seguridad Ciudadana"},"content":{"rendered":"<div data-td-block-uid=\"tdi_101\">\n<div class=\"tdb-block-inner td-fix-index\">\n<p>La vicepresidenta <strong>Raquel Pe\u00f1a <\/strong>encabez\u00f3 este lunes la<strong> jornada 131<\/strong> de seguimiento al<strong> Plan de Seguridad Ciudadana<\/strong>, donde autoridades evaluaron indicadores y las medidas aplicadas para fortalecer la seguridad en el pa\u00eds.<\/p>\n<p>La reuni\u00f3n se realiz\u00f3 en el <strong>Club de Oficiales del Palacio de la Polic\u00eda Nacional<\/strong>. En este mecanismo de coordinaci\u00f3n se revisaron las acciones ejecutadas en los \u00faltimos d\u00edas y los <strong>resultados obtenidos<\/strong> en materia de prevenci\u00f3n y respuesta ante la criminalidad. <\/p>\n<p><strong>Puede leer: <a href=\"https:\/\/rnn.com.do\/raquel-pena-lidera-evaluacion-del-plan-de-seguridad-ciudadana\/\">Raquel Pe\u00f1a lidera evaluaci\u00f3n del Plan de Seguridad Ciudadana<\/a><\/strong><\/p>\n<p>En el encuentro participaron la ministra de Interior y Polic\u00eda,<strong> Faride Raful<\/strong>; el ministro de la Presidencia, <strong>Jos\u00e9 Ignacio Paliza<\/strong>; el ministro de Defensa, <strong>Carlos Antonio Fern\u00e1ndez Onofre<\/strong>; y el director de la Polic\u00eda Nacional <strong>Andr\u00e9s Modesto Cruz Cruz<\/strong>, quien asisti\u00f3 por primera vez de manera presencial desde su designaci\u00f3n en el cargo.<\/p>\n<p>Tambi\u00e9n estuvieron presentes representantes del Consejo Nacional de Drogas; la Comisi\u00f3n Militar y Policial; la Direcci\u00f3n General de Seguridad de Tr\u00e1nsito y Transporte Terrestre; la Polic\u00eda de Turismo; el Sistema Nacional de Atenci\u00f3n a Emergencias 911; y la Direcci\u00f3n de Asuntos Internos de la Polic\u00eda Nacional<\/p>\n<\/div>\n<\/div>\n","protected":false},"excerpt":{"rendered":"<p>La vicepresidenta Raquel Pe\u00f1a encabez\u00f3 este lunes la jornada 131 de seguimiento al Plan de Seguridad Ciudadana, donde autoridades evaluaron indicadores y las medidas aplicadas para fortalecer la seguridad en el pa\u00eds. La reuni\u00f3n se realiz\u00f3 en el Club de Oficiales del Palacio de la Polic\u00eda Nacional. En este mecanismo de coordinaci\u00f3n se revisaron las<\/p>\n","protected":false},"author":1,"featured_media":26661,"comment_status":"open","ping_status":"open","sticky":false,"template":"","format":"standard","meta":{"footnotes":""},"categories":[1],"tags":[],"class_list":["post-26660","post","type-post","status-publish","format-standard","has-post-thumbnail","hentry","category-nacionales"],"_links":{"self":[{"href":"https:\/\/acronoticias.com\/index.php\/wp-json\/wp\/v2\/posts\/26660","targetHints":{"allow":["GET"]}}],"collection":[{"href":"https:\/\/acronoticias.com\/index.php\/wp-json\/wp\/v2\/posts"}],"about":[{"href":"https:\/\/acronoticias.com\/index.php\/wp-json\/wp\/v2\/types\/post"}],"author":[{"embeddable":true,"href":"https:\/\/acronoticias.com\/index.php\/wp-json\/wp\/v2\/users\/1"}],"replies":[{"embeddable":true,"href":"https:\/\/acronoticias.com\/index.php\/wp-json\/wp\/v2\/comments?post=26660"}],"version-history":[{"count":0,"href":"https:\/\/acronoticias.com\/index.php\/wp-json\/wp\/v2\/posts\/26660\/revisions"}],"wp:featuredmedia":[{"embeddable":true,"href":"https:\/\/acronoticias.com\/index.php\/wp-json\/wp\/v2\/media\/26661"}],"wp:attachment":[{"href":"https:\/\/acronoticias.com\/index.php\/wp-json\/wp\/v2\/media?parent=26660"}],"wp:term":[{"taxonomy":"category","embeddable":true,"href":"https:\/\/acronoticias.com\/index.php\/wp-json\/wp\/v2\/categories?post=26660"},{"taxonomy":"post_tag","embeddable":true,"href":"https:\/\/acronoticias.com\/index.php\/wp-json\/wp\/v2\/tags?post=26660"}],"curies":[{"name":"wp","href":"https:\/\/api.w.org\/{rel}","templated":true}]}}