{"id":26656,"date":"2026-03-10T09:16:45","date_gmt":"2026-03-10T09:16:45","guid":{"rendered":"https:\/\/acronoticias.com\/index.php\/2026\/03\/10\/procuradora-independencia-del-ministerio-publico-debe-ser-protegida-del-vaiven-de-los-politicos\/"},"modified":"2026-03-10T09:16:45","modified_gmt":"2026-03-10T09:16:45","slug":"procuradora-independencia-del-ministerio-publico-debe-ser-protegida-del-vaiven-de-los-politicos","status":"publish","type":"post","link":"https:\/\/acronoticias.com\/index.php\/2026\/03\/10\/procuradora-independencia-del-ministerio-publico-debe-ser-protegida-del-vaiven-de-los-politicos\/","title":{"rendered":"Procuradora: independencia del Ministerio P\u00fablico debe ser protegida del vaiv\u00e9n de los pol\u00edticos"},"content":{"rendered":"<div>\n<p><strong>Santo Domingo<\/strong>. \u2013 La procuradora General de la Rep\u00fablica, <strong>Yeni Berenice Reynoso<\/strong>, advirti\u00f3 este lunes que la <strong>independencia del Ministerio P\u00fablico<\/strong> no basta con estar consagrada en la Constituci\u00f3n, sino que <strong>debe ser protegida frente al vaiv\u00e9n de los pol\u00edticos y sus gobiernos<\/strong>.<\/p>\n<p>Adem\u00e1s, anunci\u00f3 que a partir del <strong>primero de abril<\/strong> ser\u00e1 obligatorio el uso de c\u00e1maras corporales en todas las operaciones contra el crimen organizado.<\/p>\n<p>La magistrada habl\u00f3 en estos t\u00e9rminos al rendir honor al<strong> primer fiscal de la Rep\u00fablica <\/strong>en su natalicio, el patricio <strong>Francisco del Rosario S\u00e1nchez<\/strong> en un acto en el marco del <strong>Mes de la Patria<\/strong> en el Parque Independencia. El acto, que cont\u00f3 con la presencia de miembros del Ministerio P\u00fablico, las Fuerzas Armadas y la Polic\u00eda Nacional, estuvo encabezado adem\u00e1s por <strong>Juan Pablo Uribe<\/strong>, director ejecutivo de la Comisi\u00f3n Permanente de <strong>Efem\u00e9rides Patrias <\/strong>(CPEP).<\/p>\n<p>Esta actividad se realiza adem\u00e1s en el marco del <strong>D\u00eda del Ministerio P\u00fablico<\/strong>, por lo que, ante el busto de los Padres de la Patria, la procuradora General insisti\u00f3 en que la <strong>independencia del \u00f3rgano persecutor<\/strong> no es suficiente con su consagraci\u00f3n en la Constituci\u00f3n dominicana.<\/p>\n<div class=\"wp-block-media-text is-stacked-on-mobile\" style=\"grid-template-columns:33% auto\">\n<figure class=\"wp-block-media-text__media\"><img data-recalc-dims=\"1\" fetchpriority=\"high\" decoding=\"async\" width=\"696\" height=\"500\" data-attachment-id=\"489868\" data-permalink=\"https:\/\/rnn.com.do\/procuradora-independencia-del-ministerio-publico-debe-ser-protegida-del-vaiven-de-los-politicos\/corte-pgr-dia-del-mp_029\/\" data-orig-file=\"https:\/\/i0.wp.com\/rnn.com.do\/wp-content\/uploads\/2026\/03\/Corte-PGR-Dia-del-MP_029-scaled.jpg?fit=2560%2C1840&amp;ssl=1\" data-orig-size=\"2560,1840\" data-comments-opened=\"1\" data-image-meta=\"{&quot;aperture&quot;:&quot;1.4&quot;,&quot;credit&quot;:&quot;&quot;,&quot;camera&quot;:&quot;ILCE-7M4&quot;,&quot;caption&quot;:&quot;&quot;,&quot;created_timestamp&quot;:&quot;1773044598&quot;,&quot;copyright&quot;:&quot;&quot;,&quot;focal_length&quot;:&quot;35&quot;,&quot;iso&quot;:&quot;160&quot;,&quot;shutter_speed&quot;:&quot;0.002&quot;,&quot;title&quot;:&quot;&quot;,&quot;orientation&quot;:&quot;0&quot;}\" data-image-title=\"Corte PGR Di\u0301a del MP_029\" data-image-description=\"\" data-image-caption=\"\" data-medium-file=\"https:\/\/i0.wp.com\/rnn.com.do\/wp-content\/uploads\/2026\/03\/Corte-PGR-Dia-del-MP_029-scaled.jpg?fit=300%2C216&amp;ssl=1\" data-large-file=\"https:\/\/i0.wp.com\/rnn.com.do\/wp-content\/uploads\/2026\/03\/Corte-PGR-Dia-del-MP_029-scaled.jpg?fit=696%2C500&amp;ssl=1\" src=\"https:\/\/i0.wp.com\/rnn.com.do\/wp-content\/uploads\/2026\/03\/Corte-PGR-Dia-del-MP_029.jpg?resize=696%2C500&amp;ssl=1\" alt=\"\" class=\"wp-image-489868 size-full\" srcset=\"https:\/\/i0.wp.com\/rnn.com.do\/wp-content\/uploads\/2026\/03\/Corte-PGR-Dia-del-MP_029-scaled.jpg?resize=1024%2C736&amp;ssl=1 1024w, https:\/\/i0.wp.com\/rnn.com.do\/wp-content\/uploads\/2026\/03\/Corte-PGR-Dia-del-MP_029-scaled.jpg?resize=300%2C216&amp;ssl=1 300w, https:\/\/i0.wp.com\/rnn.com.do\/wp-content\/uploads\/2026\/03\/Corte-PGR-Dia-del-MP_029-scaled.jpg?resize=768%2C552&amp;ssl=1 768w, https:\/\/i0.wp.com\/rnn.com.do\/wp-content\/uploads\/2026\/03\/Corte-PGR-Dia-del-MP_029-scaled.jpg?resize=1536%2C1104&amp;ssl=1 1536w, https:\/\/i0.wp.com\/rnn.com.do\/wp-content\/uploads\/2026\/03\/Corte-PGR-Dia-del-MP_029-scaled.jpg?resize=2048%2C1472&amp;ssl=1 2048w, https:\/\/i0.wp.com\/rnn.com.do\/wp-content\/uploads\/2026\/03\/Corte-PGR-Dia-del-MP_029-scaled.jpg?resize=584%2C420&amp;ssl=1 584w, https:\/\/i0.wp.com\/rnn.com.do\/wp-content\/uploads\/2026\/03\/Corte-PGR-Dia-del-MP_029-scaled.jpg?resize=150%2C108&amp;ssl=1 150w, https:\/\/i0.wp.com\/rnn.com.do\/wp-content\/uploads\/2026\/03\/Corte-PGR-Dia-del-MP_029-scaled.jpg?resize=696%2C500&amp;ssl=1 696w, https:\/\/i0.wp.com\/rnn.com.do\/wp-content\/uploads\/2026\/03\/Corte-PGR-Dia-del-MP_029-scaled.jpg?resize=1068%2C768&amp;ssl=1 1068w, https:\/\/i0.wp.com\/rnn.com.do\/wp-content\/uploads\/2026\/03\/Corte-PGR-Dia-del-MP_029-scaled.jpg?resize=1920%2C1380&amp;ssl=1 1920w, https:\/\/i0.wp.com\/rnn.com.do\/wp-content\/uploads\/2026\/03\/Corte-PGR-Dia-del-MP_029-scaled.jpg?w=1392&amp;ssl=1 1392w\" sizes=\"(max-width: 696px) 100vw, 696px\"\/><\/figure>\n<div class=\"wp-block-media-text__content\">\n<p>\u201c<em>Es indispensable tener una carrera cada d\u00eda m\u00e1s <strong>s\u00f3lida y respetable<\/strong>. La independencia del Ministerio P\u00fablico no solo se garantiza en la Constituci\u00f3n, se garantiza cuando su<strong> ascenso<\/strong>, su <strong>permanencia<\/strong> y su <strong>estabilidad dependen exclusivamente de su m\u00e9rito, su honestidad y su trabajo duro<\/strong><\/em>\u201d, asegur\u00f3 la procuradora Reynoso.<\/p>\n<\/div>\n<\/div>\n<p><strong>Puede leer: <a href=\"https:\/\/rnn.com.do\/yeni-berenice-destaca-avances-del-ministerio-publico-en-decomisos-y-llama-a-fortalecer-cultura-de-transparencia\/\">Yeni Berenice destaca avances del Ministerio P\u00fablico en decomisos y llama a fortalecer cultura de transparencia<\/a><\/strong><\/p>\n<p>La titular del Ministerio P\u00fablico dej\u00f3 claro que la estabilidad impacta en la efectividad de las funciones de cada fiscal. \u201c<em>No busco exigir <strong>resultado de excelencia <\/strong>a hombres y mujeres que operan <strong>bajo vulnerabilidad<\/strong>. La paz social no se puede construir sobre los ojos del fiscal <strong>angustiados por su futuro<\/strong><\/em>\u201d, enfatiz\u00f3 <strong>Yeni Berenice Reynoso<\/strong>.<\/p>\n<p>La procuradora general aprovecho para anunciar a partir de este primero de abril el <strong>uso obligatorio de las c\u00e1maras corporales<\/strong> en todas las operaciones contra el <strong>crimen organizado<\/strong>.<\/p>\n<figure class=\"wp-block-image size-large\"><img loading=\"lazy\" data-recalc-dims=\"1\" decoding=\"async\" width=\"696\" height=\"464\" data-attachment-id=\"489879\" data-permalink=\"https:\/\/rnn.com.do\/procuradora-independencia-del-ministerio-publico-debe-ser-protegida-del-vaiven-de-los-politicos\/pgr-dia-del-mp_005\/\" data-orig-file=\"https:\/\/i0.wp.com\/rnn.com.do\/wp-content\/uploads\/2026\/03\/PGR-Dia-del-MP_005-scaled.jpg?fit=2560%2C1707&amp;ssl=1\" data-orig-size=\"2560,1707\" data-comments-opened=\"1\" data-image-meta=\"{&quot;aperture&quot;:&quot;2.8&quot;,&quot;credit&quot;:&quot;&quot;,&quot;camera&quot;:&quot;ILCE-7M4&quot;,&quot;caption&quot;:&quot;&quot;,&quot;created_timestamp&quot;:&quot;1773061140&quot;,&quot;copyright&quot;:&quot;&quot;,&quot;focal_length&quot;:&quot;19&quot;,&quot;iso&quot;:&quot;200&quot;,&quot;shutter_speed&quot;:&quot;0.001&quot;,&quot;title&quot;:&quot;&quot;,&quot;orientation&quot;:&quot;0&quot;}\" data-image-title=\"PGR Di\u0301a del MP_005\" data-image-description=\"\" data-image-caption=\"\" data-medium-file=\"https:\/\/i0.wp.com\/rnn.com.do\/wp-content\/uploads\/2026\/03\/PGR-Dia-del-MP_005-scaled.jpg?fit=300%2C200&amp;ssl=1\" data-large-file=\"https:\/\/i0.wp.com\/rnn.com.do\/wp-content\/uploads\/2026\/03\/PGR-Dia-del-MP_005-scaled.jpg?fit=696%2C464&amp;ssl=1\" src=\"https:\/\/i0.wp.com\/rnn.com.do\/wp-content\/uploads\/2026\/03\/PGR-Dia-del-MP_005.jpg?resize=696%2C464&amp;ssl=1\" alt=\"\" class=\"wp-image-489879\" srcset=\"https:\/\/i0.wp.com\/rnn.com.do\/wp-content\/uploads\/2026\/03\/PGR-Dia-del-MP_005-scaled.jpg?resize=1024%2C683&amp;ssl=1 1024w, https:\/\/i0.wp.com\/rnn.com.do\/wp-content\/uploads\/2026\/03\/PGR-Dia-del-MP_005-scaled.jpg?resize=300%2C200&amp;ssl=1 300w, https:\/\/i0.wp.com\/rnn.com.do\/wp-content\/uploads\/2026\/03\/PGR-Dia-del-MP_005-scaled.jpg?resize=768%2C512&amp;ssl=1 768w, https:\/\/i0.wp.com\/rnn.com.do\/wp-content\/uploads\/2026\/03\/PGR-Dia-del-MP_005-scaled.jpg?resize=1536%2C1024&amp;ssl=1 1536w, https:\/\/i0.wp.com\/rnn.com.do\/wp-content\/uploads\/2026\/03\/PGR-Dia-del-MP_005-scaled.jpg?resize=2048%2C1365&amp;ssl=1 2048w, https:\/\/i0.wp.com\/rnn.com.do\/wp-content\/uploads\/2026\/03\/PGR-Dia-del-MP_005-scaled.jpg?resize=630%2C420&amp;ssl=1 630w, https:\/\/i0.wp.com\/rnn.com.do\/wp-content\/uploads\/2026\/03\/PGR-Dia-del-MP_005-scaled.jpg?resize=150%2C100&amp;ssl=1 150w, https:\/\/i0.wp.com\/rnn.com.do\/wp-content\/uploads\/2026\/03\/PGR-Dia-del-MP_005-scaled.jpg?resize=696%2C464&amp;ssl=1 696w, https:\/\/i0.wp.com\/rnn.com.do\/wp-content\/uploads\/2026\/03\/PGR-Dia-del-MP_005-scaled.jpg?resize=1068%2C712&amp;ssl=1 1068w, https:\/\/i0.wp.com\/rnn.com.do\/wp-content\/uploads\/2026\/03\/PGR-Dia-del-MP_005-scaled.jpg?resize=1920%2C1280&amp;ssl=1 1920w, https:\/\/i0.wp.com\/rnn.com.do\/wp-content\/uploads\/2026\/03\/PGR-Dia-del-MP_005-scaled.jpg?w=1392&amp;ssl=1 1392w\" sizes=\"auto, (max-width: 696px) 100vw, 696px\"\/><\/figure>\n<p>\u201c<em>Necesitamos inteligencia de datos, sistemas de gesti\u00f3n de casos predictivo, laboratorios forenses de vanguardia y plataformas que agilizan la respuesta ciudadana. La tecnolog\u00eda nos dar\u00e1 la velocidad, mientras que nuestro criterio \u00e9tico nos dar\u00e1 la direcci\u00f3n<\/em>\u201d, sentenci\u00f3 la funcionaria.<\/p>\n<p>Este lunes 9 de marzo y con los actos del ministerio p\u00fablico en honor a Francisco del Rosario S\u00e1nchez en su 209 aniversario, se cierra la celebraci\u00f3n del mes de la independencia.<\/p>\n<figure class=\"wp-block-embed is-type-video is-provider-youtube wp-block-embed-youtube wp-embed-aspect-16-9 wp-has-aspect-ratio\">\n<p>\n<span class=\"embed-youtube\" style=\"text-align:center; display: block;\"><iframe loading=\"lazy\" title=\"Yeni Berenice enfatiza la importancia de proteger independencia del MP\" width=\"960\" height=\"540\" src=\"https:\/\/www.youtube.com\/embed\/PAeHTkTYhNg?feature=oembed\" frameborder=\"0\" allow=\"accelerometer; autoplay; clipboard-write; encrypted-media; gyroscope; picture-in-picture; web-share\" referrerpolicy=\"strict-origin-when-cross-origin\" allowfullscreen><\/iframe><\/span>\n<\/p>\n<\/figure>\n<\/div>\n","protected":false},"excerpt":{"rendered":"<p>Santo Domingo. \u2013 La procuradora General de la Rep\u00fablica, Yeni Berenice Reynoso, advirti\u00f3 este lunes que la independencia del Ministerio P\u00fablico no basta con estar consagrada en la Constituci\u00f3n, sino que debe ser protegida frente al vaiv\u00e9n de los pol\u00edticos y sus gobiernos. Adem\u00e1s, anunci\u00f3 que a partir del primero de abril ser\u00e1 obligatorio el<\/p>\n","protected":false},"author":1,"featured_media":26657,"comment_status":"open","ping_status":"open","sticky":false,"template":"","format":"standard","meta":{"footnotes":""},"categories":[1],"tags":[],"class_list":["post-26656","post","type-post","status-publish","format-standard","has-post-thumbnail","hentry","category-nacionales"],"_links":{"self":[{"href":"https:\/\/acronoticias.com\/index.php\/wp-json\/wp\/v2\/posts\/26656","targetHints":{"allow":["GET"]}}],"collection":[{"href":"https:\/\/acronoticias.com\/index.php\/wp-json\/wp\/v2\/posts"}],"about":[{"href":"https:\/\/acronoticias.com\/index.php\/wp-json\/wp\/v2\/types\/post"}],"author":[{"embeddable":true,"href":"https:\/\/acronoticias.com\/index.php\/wp-json\/wp\/v2\/users\/1"}],"replies":[{"embeddable":true,"href":"https:\/\/acronoticias.com\/index.php\/wp-json\/wp\/v2\/comments?post=26656"}],"version-history":[{"count":0,"href":"https:\/\/acronoticias.com\/index.php\/wp-json\/wp\/v2\/posts\/26656\/revisions"}],"wp:featuredmedia":[{"embeddable":true,"href":"https:\/\/acronoticias.com\/index.php\/wp-json\/wp\/v2\/media\/26657"}],"wp:attachment":[{"href":"https:\/\/acronoticias.com\/index.php\/wp-json\/wp\/v2\/media?parent=26656"}],"wp:term":[{"taxonomy":"category","embeddable":true,"href":"https:\/\/acronoticias.com\/index.php\/wp-json\/wp\/v2\/categories?post=26656"},{"taxonomy":"post_tag","embeddable":true,"href":"https:\/\/acronoticias.com\/index.php\/wp-json\/wp\/v2\/tags?post=26656"}],"curies":[{"name":"wp","href":"https:\/\/api.w.org\/{rel}","templated":true}]}}