{"id":26653,"date":"2026-03-10T08:59:41","date_gmt":"2026-03-10T08:59:41","guid":{"rendered":"https:\/\/acronoticias.com\/index.php\/2026\/03\/10\/educacion-reforzara-regulacion-de-guarderias-tras-maltrato-a-nina-de-dos-anos\/"},"modified":"2026-03-10T08:59:41","modified_gmt":"2026-03-10T08:59:41","slug":"educacion-reforzara-regulacion-de-guarderias-tras-maltrato-a-nina-de-dos-anos","status":"publish","type":"post","link":"https:\/\/acronoticias.com\/index.php\/2026\/03\/10\/educacion-reforzara-regulacion-de-guarderias-tras-maltrato-a-nina-de-dos-anos\/","title":{"rendered":"Educaci\u00f3n reforzar\u00e1 regulaci\u00f3n de guarder\u00edas tras maltrato a ni\u00f1a de dos a\u00f1os"},"content":{"rendered":"<div data-td-block-uid=\"tdi_101\">\n<div class=\"tdb-block-inner td-fix-index\">\n<p><strong>Santo Domingo.- <\/strong>El ministro de <strong>Educaci\u00f3n, Luis Miguel De Camps<\/strong> reconoci\u00f3 este lunes que el pa\u00eds necesita reforzar <strong>la regulaci\u00f3n en el cuidado de ni\u00f1os en la edad preescolar, <\/strong>luego de darse a conocer el caso en el que una maestra <strong>maltrat\u00f3 a una ni\u00f1a de dos a\u00f1os <\/strong>en el centro de centro educativo<strong> Pre-Escolar \u201cMi Segundo Hogar\u201d<\/strong>, ubicado en el sector <strong>Alma Rosa I, en Santo Domingo Este.<\/strong><\/p>\n<p>Bajo protocolos de seguridad del <strong>Consejo Nacional de Educaci\u00f3n <\/strong>contin\u00faa la investigaci\u00f3n del hecho que ha causado conmoci\u00f3n en el pa\u00eds, as\u00ed lo afirm\u00f3 el ministro <strong>Luis Miguel De Camps<\/strong> al admitir la necesidad de reforzar la reglamentaci\u00f3n de los centros que tiene bajo su cuido a los infantes.<\/p>\n<p><em>\u201cAdem\u00e1s de que ya se activaron la semana pasada los protocolos de seguridad en la investigaci\u00f3n, estamos necesitados de fortalecer la regulaci\u00f3n en los niveles de preescolar\u00bb, <\/em>asegur\u00f3 el titular del <strong>Ministerio de Educaci\u00f3n Luis Miguel De Camps.\u00a0<\/strong><\/p>\n<p>El titular de <strong>Educaci\u00f3n <\/strong>dio los detalles tras recibir de <strong>RTVD <\/strong>la serie animada <em>\u00abLos Trinitarios\u00bb <\/em>que recrea los acontecimientos hist\u00f3ricos desde la ocupaci\u00f3n haitiana hasta la <strong>Independencia Dominicana.\u00a0<\/strong><\/p>\n<p><em>\u201cPero nunca en su cabeza dej\u00f3 de pensar en una rep\u00fablica dominicana que \u00e9l quer\u00eda libre y le viv\u00edan lo llamaban y le daban informaci\u00f3n de c\u00f3mo estaba y eso cada vez alimentaba m\u00e1s a un Juan Pablo Duarte que naci\u00f3 para hacer justamente lo que hizo\u201d, <\/em>destac\u00f3 el director de<strong> RTVD Ivan Ruiz.\u00a0<\/strong><br \/>El audiovisual que ser\u00e1 proyectado a trav\u00e9s de <strong>Educaci\u00f3n <\/strong>busca apoyar el proceso formativo sobre valores patri\u00f3ticos e identidad nacional desde las escuelas.<\/p>\n<figure class=\"wp-block-embed is-type-rich is-provider-twitter wp-block-embed-twitter\">\n<div class=\"wp-block-embed__wrapper\">\n<div class=\"embed-twitter\">\n<blockquote class=\"twitter-tweet\" data-width=\"550\" data-dnt=\"true\">\n<p lang=\"es\" dir=\"ltr\">El ministro de Educaci\u00f3n, Luis Miguel De Camps reconoci\u00f3 que el pa\u00eds necesita reforzar la regulaci\u00f3n en el cuidado de ni\u00f1os en la edad preescolar, luego de darse a conocer el caso en el que una maestra maltrat\u00f3 a una ni\u00f1a de dos a\u00f1os en el centro de centro educativo Pre-Escolar\u2026 <a href=\"https:\/\/t.co\/JOofq8G8Iw\">pic.twitter.com\/JOofq8G8Iw<\/a><\/p>\n<p>\u2014 Noticias RNN (@NoticiasRNN) <a href=\"https:\/\/twitter.com\/NoticiasRNN\/status\/2031069234189492628?ref_src=twsrc%5Etfw\">March 9, 2026<\/a><\/p><\/blockquote>\n<\/div>\n<\/div>\n<\/figure>\n<\/div>\n<\/div>\n<p><script async src=\"\/\/platform.twitter.com\/widgets.js\" charset=\"utf-8\"><\/script><\/p>\n","protected":false},"excerpt":{"rendered":"<p>Santo Domingo.- El ministro de Educaci\u00f3n, Luis Miguel De Camps reconoci\u00f3 este lunes que el pa\u00eds necesita reforzar la regulaci\u00f3n en el cuidado de ni\u00f1os en la edad preescolar, luego de darse a conocer el caso en el que una maestra maltrat\u00f3 a una ni\u00f1a de dos a\u00f1os en el centro de centro educativo Pre-Escolar<\/p>\n","protected":false},"author":1,"featured_media":26654,"comment_status":"open","ping_status":"open","sticky":false,"template":"","format":"standard","meta":{"footnotes":""},"categories":[1],"tags":[],"class_list":["post-26653","post","type-post","status-publish","format-standard","has-post-thumbnail","hentry","category-nacionales"],"_links":{"self":[{"href":"https:\/\/acronoticias.com\/index.php\/wp-json\/wp\/v2\/posts\/26653","targetHints":{"allow":["GET"]}}],"collection":[{"href":"https:\/\/acronoticias.com\/index.php\/wp-json\/wp\/v2\/posts"}],"about":[{"href":"https:\/\/acronoticias.com\/index.php\/wp-json\/wp\/v2\/types\/post"}],"author":[{"embeddable":true,"href":"https:\/\/acronoticias.com\/index.php\/wp-json\/wp\/v2\/users\/1"}],"replies":[{"embeddable":true,"href":"https:\/\/acronoticias.com\/index.php\/wp-json\/wp\/v2\/comments?post=26653"}],"version-history":[{"count":0,"href":"https:\/\/acronoticias.com\/index.php\/wp-json\/wp\/v2\/posts\/26653\/revisions"}],"wp:featuredmedia":[{"embeddable":true,"href":"https:\/\/acronoticias.com\/index.php\/wp-json\/wp\/v2\/media\/26654"}],"wp:attachment":[{"href":"https:\/\/acronoticias.com\/index.php\/wp-json\/wp\/v2\/media?parent=26653"}],"wp:term":[{"taxonomy":"category","embeddable":true,"href":"https:\/\/acronoticias.com\/index.php\/wp-json\/wp\/v2\/categories?post=26653"},{"taxonomy":"post_tag","embeddable":true,"href":"https:\/\/acronoticias.com\/index.php\/wp-json\/wp\/v2\/tags?post=26653"}],"curies":[{"name":"wp","href":"https:\/\/api.w.org\/{rel}","templated":true}]}}