{"id":26646,"date":"2026-03-10T08:14:42","date_gmt":"2026-03-10T08:14:42","guid":{"rendered":"https:\/\/acronoticias.com\/index.php\/2026\/03\/10\/papa-insiste-cese-ataques-o-medio\/"},"modified":"2026-03-10T08:14:42","modified_gmt":"2026-03-10T08:14:42","slug":"papa-insiste-cese-ataques-o-medio","status":"publish","type":"post","link":"https:\/\/acronoticias.com\/index.php\/2026\/03\/10\/papa-insiste-cese-ataques-o-medio\/","title":{"rendered":"Papa insiste cese ataques O. Medio"},"content":{"rendered":"<div>\n<div class=\"c-detail__author full\">\n<div>\n<div class=\"c-detail__author__thumb\">\n<figure>\n                                <picture src=\"https:\/\/imagenes.hoy.com.do\/files\/image_square_xs\/uploads\/2025\/11\/18\/691c7d5bed035.jpeg\" data-size=\"w:40,h:40\">\n                                    <img decoding=\"async\" loading=\"lazy\" alt=\"EFE EFE\" width=\"40\" height=\"40\" src=\"https:\/\/imagenes.hoy.com.do\/files\/image_square_xs\/uploads\/2025\/11\/18\/691c7d5bed035.jpeg\"\/>\n                                <\/picture>\n                                <\/figure>\n<\/div>\n<\/div>\n<\/div>\n<p>                                                                                            <!-- --><\/p>\n<p class=\"paragraph\">Ciudad del Vaticano. EFE.<\/p>\n<p class=\"paragraph\"><b>El papa Le\u00f3n XIV<\/b> pidi\u00f3 ayer que las hostilidades en Oriente Medio<b> \u201ccesen cuanto antes\u201d <\/b>y transmiti\u00f3 su \u201cprofundo dolor\u201d por las v\u00edctimas de los bombardeos, entre ellas \u201cmuchos ni\u00f1os\u201d y un sacerdote maronita asesinado en el L\u00edbano mientras realizaba labores humanitarias.  \u201cEl papa Le\u00f3n XIV expresa su profundo dolor por todas las v\u00edctimas de los bombardeos de estos d\u00edas en Oriente Medio, por los numerosos inocentes, entre ellos muchos ni\u00f1os, y por quienes les prestaban ayuda, como el padre Pierre El-Rahi, sacerdote maronita asesinado esta tarde en Qlayaa (L\u00edbano)\u201d, inform\u00f3 la Oficina de Prensa de la Santa Sede.   Desde el Vaticano a\u00f1adieron que el pont\u00edfice \u201csigue con preocupaci\u00f3n lo que est\u00e1 sucediendo y reza para que cesen cuanto antes todas las hostilidades&#8221;.<\/p>\n<div class=\"c-detail__box \">\n<article class=\"c-detail__sumario \">\n<figure class=\"c-detail__sumario__thumb\" style=\"display: block;\">\n            <a href=\"#\" title=\"\">\n                <picture data-size=\"w:140,h:140\" loading=\"lazy\" src=\"https:\/\/imagenes.hoy.com.do\/files\/related_image\/uploads\/2025\/12\/19\/694605b6aecba.jpeg\" data-full-src=\"https:\/\/imagenes.hoy.com.do\/uploads\/2025\/12\/19\/694605b6aecba.jpeg\">\n                    <img loading=\"lazy\" decoding=\"async\" width=\"140\" height=\"140\" alt=\"Papa Le\u00f3n XVI\" src=\"https:\/\/imagenes.hoy.com.do\/uploads\/2025\/12\/19\/694605b6aecba.jpeg\"\/>\n                <\/picture>\n            <\/a><br \/>\n        <\/figure>\n<\/article>\n<\/div>\n<\/div>\n","protected":false},"excerpt":{"rendered":"<p>Ciudad del Vaticano. EFE. El papa Le\u00f3n XIV pidi\u00f3 ayer que las hostilidades en Oriente Medio \u201ccesen cuanto antes\u201d y transmiti\u00f3 su \u201cprofundo dolor\u201d por las v\u00edctimas de los bombardeos, entre ellas \u201cmuchos ni\u00f1os\u201d y un sacerdote maronita asesinado en el L\u00edbano mientras realizaba labores humanitarias. \u201cEl papa Le\u00f3n XIV expresa su profundo dolor por<\/p>\n","protected":false},"author":1,"featured_media":22017,"comment_status":"open","ping_status":"open","sticky":false,"template":"","format":"standard","meta":{"footnotes":""},"categories":[3],"tags":[],"class_list":["post-26646","post","type-post","status-publish","format-standard","has-post-thumbnail","hentry","category-internacionales"],"_links":{"self":[{"href":"https:\/\/acronoticias.com\/index.php\/wp-json\/wp\/v2\/posts\/26646","targetHints":{"allow":["GET"]}}],"collection":[{"href":"https:\/\/acronoticias.com\/index.php\/wp-json\/wp\/v2\/posts"}],"about":[{"href":"https:\/\/acronoticias.com\/index.php\/wp-json\/wp\/v2\/types\/post"}],"author":[{"embeddable":true,"href":"https:\/\/acronoticias.com\/index.php\/wp-json\/wp\/v2\/users\/1"}],"replies":[{"embeddable":true,"href":"https:\/\/acronoticias.com\/index.php\/wp-json\/wp\/v2\/comments?post=26646"}],"version-history":[{"count":0,"href":"https:\/\/acronoticias.com\/index.php\/wp-json\/wp\/v2\/posts\/26646\/revisions"}],"wp:featuredmedia":[{"embeddable":true,"href":"https:\/\/acronoticias.com\/index.php\/wp-json\/wp\/v2\/media\/22017"}],"wp:attachment":[{"href":"https:\/\/acronoticias.com\/index.php\/wp-json\/wp\/v2\/media?parent=26646"}],"wp:term":[{"taxonomy":"category","embeddable":true,"href":"https:\/\/acronoticias.com\/index.php\/wp-json\/wp\/v2\/categories?post=26646"},{"taxonomy":"post_tag","embeddable":true,"href":"https:\/\/acronoticias.com\/index.php\/wp-json\/wp\/v2\/tags?post=26646"}],"curies":[{"name":"wp","href":"https:\/\/api.w.org\/{rel}","templated":true}]}}