{"id":26626,"date":"2026-03-10T06:21:45","date_gmt":"2026-03-10T06:21:45","guid":{"rendered":"https:\/\/acronoticias.com\/index.php\/2026\/03\/10\/eligen-a-cabarete-para-sesion-de-fotos-internacional-con-el-atleta-vinicius-martins-el-nuevo-diario-republica-dominicana\/"},"modified":"2026-03-10T06:21:45","modified_gmt":"2026-03-10T06:21:45","slug":"eligen-a-cabarete-para-sesion-de-fotos-internacional-con-el-atleta-vinicius-martins-el-nuevo-diario-republica-dominicana","status":"publish","type":"post","link":"https:\/\/acronoticias.com\/index.php\/2026\/03\/10\/eligen-a-cabarete-para-sesion-de-fotos-internacional-con-el-atleta-vinicius-martins-el-nuevo-diario-republica-dominicana\/","title":{"rendered":"Eligen a Cabarete para sesi\u00f3n de fotos internacional con el atleta Vinicius Martins \u2013 El Nuevo Diario (Rep\u00fablica Dominicana)"},"content":{"rendered":"<p><i class=\"bi bi-camera-fill\" style=\"font-size:18px; color:var(--rojo)\"\/> Vinicius Martins. (Foto: fuente externa)<\/p>\n<div>\n<div id=\"gemini-summary-wrapper\" class=\"mb-3\">\n                <button id=\"btn-get-summary\" class=\"gemini-btn\" data-post-id=\"3043239\" data-post-title=\"Eligen a Cabarete para sesi\u00f3n de fotos internacional con el atleta Vinicius Martins\"><br \/>\n                    Leer resumen <b class=\"d-none d-md-inline\">de la noticia<\/b> (IA) <span>CLICK AQU\u00cd<\/span><br \/>\n                <\/button><\/p>\n<div id=\"gemini-loading\" class=\"mb-3\">\n<p>                    <span>Analizando noticia&#8230; por favor espera.<\/span>\n                <\/div>\n<\/p><\/div>\n<p>\u00a0<\/p>\n<p>EL NUEVO DIARIO,\u00a0PUERTO PLATA. \u2013 Una vez m\u00e1s, la famosa Playa Cabarete acoger\u00e1 del 17 al 21 de junio el evento deportivo internacional \u201cCabarete Wing Festival 2026\u201d, donde participar\u00e1 el atleta brasile\u00f1o Vinicius Martins, campe\u00f3n mundial de SUP y uno de los riders m\u00e1s reconocidos del wingfoil internacional.<\/p>\n<p>Entre olas, viento constante y el paisaje que ha convertido a Cabarete en uno de los destinos de deportes acu\u00e1ticos m\u00e1s reconocidos del planeta, el campe\u00f3n mundial Vinicius Martins fue visto recientemente en Vela Cabarete, donde realizaba una sesi\u00f3n internacional de fotos junto a un equipo local, seg\u00fan inform\u00f3 la comunicadora Nati Ruiz Casado.<\/p>\n<p>El destacado atleta brasile\u00f1o, considerado uno de los \u201cwatermen\u201d m\u00e1s completos del circuito mundial, se encuentra en Cabarete produciendo contenido para JP-Australia \/ Neil Pryde, una de las marcas m\u00e1s importantes de equipos de wingfoil, windsurf y deportes acu\u00e1ticos del mundo, de la cual es atleta oficial.<\/p>\n<p>La elecci\u00f3n del destino no fue casual, ya que Cabarete fue seleccionado por su combinaci\u00f3n \u00fanica de viento, olas y paisajes caribe\u00f1os, condiciones que lo posicionan entre los mejores spots del planeta para la pr\u00e1ctica de deportes acu\u00e1ticos de viento.<\/p>\n<p><img loading=\"lazy\" data-recalc-dims=\"1\" data-dominant-color=\"96a9b3\" data-has-transparency=\"false\" style=\"--dominant-color: #96a9b3;\" decoding=\"async\" class=\"alignnone size-full wp-image-3043249 not-transparent\" src=\"https:\/\/i0.wp.com\/nuevodiario-assets.s3.us-east-2.amazonaws.com\/wp-content\/uploads\/2026\/03\/WhatsApp-Image-2026-03-09-at-9.06.43-PM.jpeg?resize=640%2C961&amp;quality=100&amp;ssl=1\" alt=\"\" width=\"640\" height=\"961\" srcset=\"https:\/\/nuevodiario-assets.s3.us-east-2.amazonaws.com\/wp-content\/uploads\/2026\/03\/WhatsApp-Image-2026-03-09-at-9.06.43-PM.jpeg 1066w, https:\/\/nuevodiario-assets.s3.us-east-2.amazonaws.com\/wp-content\/uploads\/2026\/03\/WhatsApp-Image-2026-03-09-at-9.06.43-PM.jpeg 267w, https:\/\/nuevodiario-assets.s3.us-east-2.amazonaws.com\/wp-content\/uploads\/2026\/03\/WhatsApp-Image-2026-03-09-at-9.06.43-PM.jpeg 533w, https:\/\/nuevodiario-assets.s3.us-east-2.amazonaws.com\/wp-content\/uploads\/2026\/03\/WhatsApp-Image-2026-03-09-at-9.06.43-PM.jpeg 768w, https:\/\/nuevodiario-assets.s3.us-east-2.amazonaws.com\/wp-content\/uploads\/2026\/03\/WhatsApp-Image-2026-03-09-at-9.06.43-PM.jpeg 1023w, https:\/\/nuevodiario-assets.s3.us-east-2.amazonaws.com\/wp-content\/uploads\/2026\/03\/WhatsApp-Image-2026-03-09-at-9.06.43-PM.jpeg 600w\" sizes=\"auto, (max-width: 640px) 100vw, 640px\"\/><\/p>\n<p>Martins no es un deportista cualquiera. En su natal Brasil comenz\u00f3 a navegar a los 7 a\u00f1os en windsurf y, con el tiempo, se convirti\u00f3 en uno de los atletas m\u00e1s vers\u00e1tiles del circuito internacional. En 2019 se coron\u00f3 campe\u00f3n mundial de Stand Up Paddle (SUP) y posteriormente conquist\u00f3 t\u00edtulos brasile\u00f1os y sudamericanos de wingfoil.<\/p>\n<p>Su carrera tambi\u00e9n lo ha llevado a desafiar algunos de los escenarios m\u00e1s extremos del planeta. Es un visitante frecuente de Nazar\u00e9, en Portugal, playa famosa por tener algunas de las olas m\u00e1s grandes del mundo, donde entrena y surfea en disciplinas como foil, SUP y tow-surf.<\/p>\n<p>A pesar de su trayectoria internacional, esta semana se pudo ver a Vinicius Martins recorriendo Cabarete con total naturalidad, conversando con riders locales y produciendo im\u00e1genes frente al mar, ya que su visita tambi\u00e9n marca el preludio de su segunda participaci\u00f3n en el Cabarete Wing Festival, uno de los eventos emergentes m\u00e1s importantes del Caribe para el wingfoil.<\/p>\n<p>Se destaca que en su pr\u00f3xima edici\u00f3n el festival contar\u00e1 nuevamente con Martins, quien regresar\u00e1 no solo como atleta invitado, sino tambi\u00e9n para impartir una cl\u00ednica profesional dirigida a deportistas acu\u00e1ticos, compartiendo su experiencia con la nueva generaci\u00f3n.<\/p>\n<p>El Cabarete Wing Festival 2026 se celebrar\u00e1 del 17 al 21 de junio en Playa Cabarete y reunir\u00e1 a atletas internacionales, marcas de la industria y amantes de los deportes de viento de todo el mundo.<\/p>\n<p>\u00a0<\/p>\n<p><h3 class=\"jp-relatedposts-headline\"><em>Relacionado<\/em><\/h3>\n<\/p>\n<p>\t\t\t\t\t\t<!-- .entry-footer --><br \/>\n\t\t\t\t\t\t<!-- \n\n<div data-type=\"_mgwidget\" data-widget-id=\"1743501\"><\/div>\n\n  -->\n\t\t\t\t\t<\/div>\n","protected":false},"excerpt":{"rendered":"<p>Vinicius Martins. (Foto: fuente externa) Leer resumen de la noticia (IA) CLICK AQU\u00cd Analizando noticia&#8230; por favor espera. \u00a0 EL NUEVO DIARIO,\u00a0PUERTO PLATA. \u2013 Una vez m\u00e1s, la famosa Playa Cabarete acoger\u00e1 del 17 al 21 de junio el evento deportivo internacional \u201cCabarete Wing Festival 2026\u201d, donde participar\u00e1 el atleta brasile\u00f1o Vinicius Martins, campe\u00f3n mundial<\/p>\n","protected":false},"author":1,"featured_media":26627,"comment_status":"open","ping_status":"open","sticky":false,"template":"","format":"standard","meta":{"footnotes":""},"categories":[2],"tags":[],"class_list":["post-26626","post","type-post","status-publish","format-standard","has-post-thumbnail","hentry","category-deporte"],"_links":{"self":[{"href":"https:\/\/acronoticias.com\/index.php\/wp-json\/wp\/v2\/posts\/26626","targetHints":{"allow":["GET"]}}],"collection":[{"href":"https:\/\/acronoticias.com\/index.php\/wp-json\/wp\/v2\/posts"}],"about":[{"href":"https:\/\/acronoticias.com\/index.php\/wp-json\/wp\/v2\/types\/post"}],"author":[{"embeddable":true,"href":"https:\/\/acronoticias.com\/index.php\/wp-json\/wp\/v2\/users\/1"}],"replies":[{"embeddable":true,"href":"https:\/\/acronoticias.com\/index.php\/wp-json\/wp\/v2\/comments?post=26626"}],"version-history":[{"count":0,"href":"https:\/\/acronoticias.com\/index.php\/wp-json\/wp\/v2\/posts\/26626\/revisions"}],"wp:featuredmedia":[{"embeddable":true,"href":"https:\/\/acronoticias.com\/index.php\/wp-json\/wp\/v2\/media\/26627"}],"wp:attachment":[{"href":"https:\/\/acronoticias.com\/index.php\/wp-json\/wp\/v2\/media?parent=26626"}],"wp:term":[{"taxonomy":"category","embeddable":true,"href":"https:\/\/acronoticias.com\/index.php\/wp-json\/wp\/v2\/categories?post=26626"},{"taxonomy":"post_tag","embeddable":true,"href":"https:\/\/acronoticias.com\/index.php\/wp-json\/wp\/v2\/tags?post=26626"}],"curies":[{"name":"wp","href":"https:\/\/api.w.org\/{rel}","templated":true}]}}