{"id":26603,"date":"2026-03-10T04:19:46","date_gmt":"2026-03-10T04:19:46","guid":{"rendered":"https:\/\/acronoticias.com\/index.php\/2026\/03\/10\/roberto-cid-debuta-este-martes-en-la-copa-cap-cana-el-nuevo-diario-republica-dominicana\/"},"modified":"2026-03-10T04:19:46","modified_gmt":"2026-03-10T04:19:46","slug":"roberto-cid-debuta-este-martes-en-la-copa-cap-cana-el-nuevo-diario-republica-dominicana","status":"publish","type":"post","link":"https:\/\/acronoticias.com\/index.php\/2026\/03\/10\/roberto-cid-debuta-este-martes-en-la-copa-cap-cana-el-nuevo-diario-republica-dominicana\/","title":{"rendered":"Roberto Cid debuta este martes en la Copa Cap Cana \u2013 El Nuevo Diario (Rep\u00fablica Dominicana)"},"content":{"rendered":"<p><i class=\"bi bi-camera-fill\" style=\"font-size:18px; color:var(--rojo)\"\/> Roberto Cid.<\/p>\n<div>\n<div id=\"gemini-summary-wrapper\" class=\"mb-3\">\n                <button id=\"btn-get-summary\" class=\"gemini-btn\" data-post-id=\"3043180\" data-post-title=\"Roberto Cid debuta este martes en la Copa Cap Cana\"><br \/>\n                    Leer resumen <b class=\"d-none d-md-inline\">de la noticia<\/b> (IA) <span>CLICK AQU\u00cd<\/span><br \/>\n                <\/button><\/p>\n<div id=\"gemini-loading\" class=\"mb-3\">\n<p>                    <span>Analizando noticia&#8230; por favor espera.<\/span>\n                <\/div>\n<\/p><\/div>\n<p>EL NUEVO DIARIO, CAP CANA.- El dominicano Roberto Cid ser\u00e1 el primer tenista local en debutar en el cuadro principal del Rep\u00fablica Dominicana Open, Copa Cap Cana 2026, lo que har\u00e1 este martes no antes de las 6:30 de la tarde.<\/p>\n<p>El partido del quisqueyano en el evento auspiciado por el Ministerio de Turismo ser\u00e1 contra el belga Alexander Blockx, actual 97 del mundo, y a quien nunca ha enfrentado. En 2025, Cid fue el \u00fanico dominicano en el main draw, avanzando a segunda ronda tras una victoria sobre el japon\u00e9s Sho Shimabukuro 7-5, 6-3.<\/p>\n<p>Este a\u00f1o, adem\u00e1s de Cid, Nick Hardt buscar\u00e1 el t\u00edtulo de la Copa Cap Cana, cuando enfrente el mi\u00e9rcoles al argentino Mariano Navone, sexto favorito.<\/p>\n<p>Otros partidos que tendr\u00e1n lugar en el estadio Cap Cana este martes es el del chileno Nicol\u00e1s Jarry que enfrentar\u00e1 al australiano Adam Walton, octavo preclasificado, no antes de las 4:30 de la tarde, y el duelo italiano entre Francesco Maestrelli y Mattia Bellucci para cerrar la jornada.<\/p>\n<p>En el Grandstand, el chileno Tom\u00e1s Barrios se medir\u00e1 ante el quinto sembrado, el belga Raphael Collignon, encuentro pautado para no antes de las 6:30 de la tarde.<\/p>\n<p>Final de qualy<\/p>\n<p>Este lunes se llevaron a cabo los primeros duelos de la fase clasificatoria (qualy), en la que el hongkon\u00e9s Coleman Wong se impuso por sobre el chino Zhizhen Zhang con pizarra de 61 36 63, mientras que el colombiano Nicolas Mej\u00eda super\u00f3 al estadounidense Martin Damm por 63 64.<\/p>\n<p>En otros resultados de la jornada inicial en el Tennis Village de Cap Cana el tunecino Moez Echargui venci\u00f3 al dominicano Alberto Puello 61 62, y el brit\u00e1nico Arthur Fery derrot\u00f3 al australiano Dane Sweeny 64 46 61.<\/p>\n<p>Los ganadores de la primera ronda de la qualy jugar\u00e1n este mi\u00e9rcoles en busca de acceder al cuadro principal del torneo.<\/p>\n<p>Copa Cap Cana<\/p>\n<p>El Rep\u00fablica Dominicana Open, Copa Cap Cana, es un torneo ATP Challenger 175, que otorga esa cantidad de puntos para el circuito profesional a los campeones de dobles y sencillos, repartiendo 300 mil d\u00f3lares entre los jugadores participantes.<\/p>\n<p>Al torneo tambi\u00e9n se dan cita tenistas de Serbia, Estados Unidos, China Taipei, Polonia, Rep\u00fablica Checa, Bosnia y Herzegovina, Jap\u00f3n, Francia, Espa\u00f1a, India, entre otras naciones.<\/p>\n<p>El evento se extender\u00e1 hasta el pr\u00f3ximo domingo 15 de marzo, y las boletas para el mismo est\u00e1n a la venta en Uepa Tickets.<\/p>\n<p><h3 class=\"jp-relatedposts-headline\"><em>Relacionado<\/em><\/h3>\n<\/p>\n<p>\t\t\t\t\t\t<!-- .entry-footer --><br \/>\n\t\t\t\t\t\t<!-- \n\n<div data-type=\"_mgwidget\" data-widget-id=\"1743501\"><\/div>\n\n  -->\n\t\t\t\t\t<\/div>\n","protected":false},"excerpt":{"rendered":"<p>Roberto Cid. Leer resumen de la noticia (IA) CLICK AQU\u00cd Analizando noticia&#8230; por favor espera. EL NUEVO DIARIO, CAP CANA.- El dominicano Roberto Cid ser\u00e1 el primer tenista local en debutar en el cuadro principal del Rep\u00fablica Dominicana Open, Copa Cap Cana 2026, lo que har\u00e1 este martes no antes de las 6:30 de la<\/p>\n","protected":false},"author":1,"featured_media":26604,"comment_status":"open","ping_status":"open","sticky":false,"template":"","format":"standard","meta":{"footnotes":""},"categories":[2],"tags":[],"class_list":["post-26603","post","type-post","status-publish","format-standard","has-post-thumbnail","hentry","category-deporte"],"_links":{"self":[{"href":"https:\/\/acronoticias.com\/index.php\/wp-json\/wp\/v2\/posts\/26603","targetHints":{"allow":["GET"]}}],"collection":[{"href":"https:\/\/acronoticias.com\/index.php\/wp-json\/wp\/v2\/posts"}],"about":[{"href":"https:\/\/acronoticias.com\/index.php\/wp-json\/wp\/v2\/types\/post"}],"author":[{"embeddable":true,"href":"https:\/\/acronoticias.com\/index.php\/wp-json\/wp\/v2\/users\/1"}],"replies":[{"embeddable":true,"href":"https:\/\/acronoticias.com\/index.php\/wp-json\/wp\/v2\/comments?post=26603"}],"version-history":[{"count":0,"href":"https:\/\/acronoticias.com\/index.php\/wp-json\/wp\/v2\/posts\/26603\/revisions"}],"wp:featuredmedia":[{"embeddable":true,"href":"https:\/\/acronoticias.com\/index.php\/wp-json\/wp\/v2\/media\/26604"}],"wp:attachment":[{"href":"https:\/\/acronoticias.com\/index.php\/wp-json\/wp\/v2\/media?parent=26603"}],"wp:term":[{"taxonomy":"category","embeddable":true,"href":"https:\/\/acronoticias.com\/index.php\/wp-json\/wp\/v2\/categories?post=26603"},{"taxonomy":"post_tag","embeddable":true,"href":"https:\/\/acronoticias.com\/index.php\/wp-json\/wp\/v2\/tags?post=26603"}],"curies":[{"name":"wp","href":"https:\/\/api.w.org\/{rel}","templated":true}]}}