{"id":26599,"date":"2026-03-10T04:10:36","date_gmt":"2026-03-10T04:10:36","guid":{"rendered":"https:\/\/acronoticias.com\/index.php\/2026\/03\/10\/4-atrapados-y-1-rescatado\/"},"modified":"2026-03-10T04:10:36","modified_gmt":"2026-03-10T04:10:36","slug":"4-atrapados-y-1-rescatado","status":"publish","type":"post","link":"https:\/\/acronoticias.com\/index.php\/2026\/03\/10\/4-atrapados-y-1-rescatado\/","title":{"rendered":"4 atrapados y 1 rescatado"},"content":{"rendered":"<div id=\"nota-texto\">\n<p><strong>Ciudad de M\u00e9xico.<\/strong>\u2014 Un <strong>edificio en proceso de demolici\u00f3n<\/strong> colaps\u00f3 este lunes en el <strong>centro de la Ciudad de M\u00e9xico<\/strong>, dejando <strong>al menos cuatro personas atrapadas<\/strong>, de las cuales <strong>una ya fue rescatada<\/strong>, seg\u00fan informaron las autoridades.<\/p>\n<p>El accidente ocurri\u00f3 en la <strong>Calzada San Antonio Abad y Antonio Chavero<\/strong>, en la <strong>colonia Tr\u00e1nsito<\/strong>, dentro de la <strong>alcald\u00eda Cuauht\u00e9moc<\/strong>, una zona c\u00e9ntrica de la capital mexicana donde se movilizaron r\u00e1pidamente <strong>equipos de emergencia<\/strong>.<\/p>\n<p>En un primer reporte, la <strong>Secretar\u00eda de Seguridad Ciudadana (SSC)<\/strong> indic\u00f3 mediante una tarjeta informativa que el incidente se produjo <strong>\u201cdebido a un colapso no controlado\u201d<\/strong>, y que <strong>al parecer cuatro personas quedaron atrapadas<\/strong> entre los escombros del inmueble.<\/p>\n<figure class=\"wp-block-image size-full\"><img fetchpriority=\"high\" decoding=\"async\" width=\"768\" height=\"432\" src=\"https:\/\/multimedia.noticiassin.com\/wp-content\/uploads\/2026\/03\/tres-personas-atrapadas-tras-colapso-de-edificio-en-ciudad-de-mexico-20260309-213500-tBxB.png\" alt=\"\" class=\"wp-image-1962613 lazy\" srcset=\"https:\/\/multimedia.noticiassin.com\/wp-content\/uploads\/2026\/03\/tres-personas-atrapadas-tras-colapso-de-edificio-en-ciudad-de-mexico-20260309-213500-tBxB.png 768w, https:\/\/multimedia.noticiassin.com\/wp-content\/uploads\/2026\/03\/tres-personas-atrapadas-tras-colapso-de-edificio-en-ciudad-de-mexico-20260309-213500-tBxB-288x162.png 288w, https:\/\/multimedia.noticiassin.com\/wp-content\/uploads\/2026\/03\/tres-personas-atrapadas-tras-colapso-de-edificio-en-ciudad-de-mexico-20260309-213500-tBxB-588x330.png 588w, https:\/\/multimedia.noticiassin.com\/wp-content\/uploads\/2026\/03\/tres-personas-atrapadas-tras-colapso-de-edificio-en-ciudad-de-mexico-20260309-213500-tBxB-608x342.png 608w, https:\/\/multimedia.noticiassin.com\/wp-content\/uploads\/2026\/03\/tres-personas-atrapadas-tras-colapso-de-edificio-en-ciudad-de-mexico-20260309-213500-tBxB-742x418.png 742w, https:\/\/multimedia.noticiassin.com\/wp-content\/uploads\/2026\/03\/tres-personas-atrapadas-tras-colapso-de-edificio-en-ciudad-de-mexico-20260309-213500-tBxB-150x85.png 150w, https:\/\/multimedia.noticiassin.com\/wp-content\/uploads\/2026\/03\/tres-personas-atrapadas-tras-colapso-de-edificio-en-ciudad-de-mexico-20260309-213500-tBxB-1200x675.png 1200w\" data-sizes=\"(max-width: 768px) 100vw, 768px\"\/><\/figure>\n<h3 class=\"wp-block-heading\">Un trabajador rescatado y trasladado a un hospital<\/h3>\n<p>Minutos despu\u00e9s, la <strong>jefa de Gobierno de la Ciudad de M\u00e9xico<\/strong>, <strong>Clara Brugada<\/strong>, confirm\u00f3 a medios de comunicaci\u00f3n que <strong>uno de los trabajadores fue rescatado con vida<\/strong> y trasladado a un centro de salud para recibir atenci\u00f3n m\u00e9dica.<\/p>\n<p>De acuerdo con la funcionaria, el obrero fue llevado a un hospital con <strong>politraumatismos<\/strong>, mientras los equipos m\u00e9dicos evaluaban su estado de salud tras el accidente.<\/p>\n<p>Brugada explic\u00f3 adem\u00e1s que se trata de un <strong>inmueble privado que estaba siendo demolido<\/strong>, luego de los <strong>da\u00f1os estructurales que sufri\u00f3 durante el terremoto de 2017<\/strong>, uno de los sismos m\u00e1s devastadores que ha afectado a la capital mexicana en las \u00faltimas d\u00e9cadas.<\/p>\n<h3 class=\"wp-block-heading\">Trabajadores realizaban labores de demolici\u00f3n<\/h3>\n<p>Seg\u00fan <strong>reportes preliminares<\/strong>, al menos <strong>50 trabajadores de la construcci\u00f3n<\/strong> se encontraban realizando <strong>labores de demolici\u00f3n<\/strong> dentro del edificio cuando ocurri\u00f3 el derrumbe.<\/p>\n<p>La <strong>secretaria de Gesti\u00f3n Integral de Riesgos y Protecci\u00f3n Civil<\/strong>, <strong>Miriam Urz\u00faa<\/strong>, detall\u00f3 que los obreros trabajaban <strong>en el tercer nivel del inmueble<\/strong> cuando se produjo el colapso de la estructura.<\/p>\n<p>Tras el incidente, <strong>cuerpos de emergencia, rescatistas y personal de protecci\u00f3n civil<\/strong> se desplazaron al lugar para iniciar <strong>las labores de b\u00fasqueda y rescate<\/strong>, mientras se acordon\u00f3 el \u00e1rea para evitar riesgos adicionales.<\/p>\n<ul class=\"wp-block-list\">\n<li>Las autoridades mantienen un <strong>operativo activo en la zona<\/strong>, ya que contin\u00faan las tareas para <strong>localizar a las personas que podr\u00edan permanecer atrapadas<\/strong> bajo los escombros.<\/li>\n<\/ul>\n<\/div>\n","protected":false},"excerpt":{"rendered":"<p>Ciudad de M\u00e9xico.\u2014 Un edificio en proceso de demolici\u00f3n colaps\u00f3 este lunes en el centro de la Ciudad de M\u00e9xico, dejando al menos cuatro personas atrapadas, de las cuales una ya fue rescatada, seg\u00fan informaron las autoridades. El accidente ocurri\u00f3 en la Calzada San Antonio Abad y Antonio Chavero, en la colonia Tr\u00e1nsito, dentro de<\/p>\n","protected":false},"author":1,"featured_media":26600,"comment_status":"open","ping_status":"open","sticky":false,"template":"","format":"standard","meta":{"footnotes":""},"categories":[3],"tags":[],"class_list":["post-26599","post","type-post","status-publish","format-standard","has-post-thumbnail","hentry","category-internacionales"],"_links":{"self":[{"href":"https:\/\/acronoticias.com\/index.php\/wp-json\/wp\/v2\/posts\/26599","targetHints":{"allow":["GET"]}}],"collection":[{"href":"https:\/\/acronoticias.com\/index.php\/wp-json\/wp\/v2\/posts"}],"about":[{"href":"https:\/\/acronoticias.com\/index.php\/wp-json\/wp\/v2\/types\/post"}],"author":[{"embeddable":true,"href":"https:\/\/acronoticias.com\/index.php\/wp-json\/wp\/v2\/users\/1"}],"replies":[{"embeddable":true,"href":"https:\/\/acronoticias.com\/index.php\/wp-json\/wp\/v2\/comments?post=26599"}],"version-history":[{"count":0,"href":"https:\/\/acronoticias.com\/index.php\/wp-json\/wp\/v2\/posts\/26599\/revisions"}],"wp:featuredmedia":[{"embeddable":true,"href":"https:\/\/acronoticias.com\/index.php\/wp-json\/wp\/v2\/media\/26600"}],"wp:attachment":[{"href":"https:\/\/acronoticias.com\/index.php\/wp-json\/wp\/v2\/media?parent=26599"}],"wp:term":[{"taxonomy":"category","embeddable":true,"href":"https:\/\/acronoticias.com\/index.php\/wp-json\/wp\/v2\/categories?post=26599"},{"taxonomy":"post_tag","embeddable":true,"href":"https:\/\/acronoticias.com\/index.php\/wp-json\/wp\/v2\/tags?post=26599"}],"curies":[{"name":"wp","href":"https:\/\/api.w.org\/{rel}","templated":true}]}}