{"id":26597,"date":"2026-03-10T03:54:46","date_gmt":"2026-03-10T03:54:46","guid":{"rendered":"https:\/\/acronoticias.com\/index.php\/2026\/03\/10\/instituto-duartiano-pide-fortalecer-repatriaciones-a-haiti\/"},"modified":"2026-03-10T03:54:46","modified_gmt":"2026-03-10T03:54:46","slug":"instituto-duartiano-pide-fortalecer-repatriaciones-a-haiti","status":"publish","type":"post","link":"https:\/\/acronoticias.com\/index.php\/2026\/03\/10\/instituto-duartiano-pide-fortalecer-repatriaciones-a-haiti\/","title":{"rendered":"Instituto Duartiano pide fortalecer repatriaciones a Hait\u00ed"},"content":{"rendered":"<div id=\"nota-texto\">\n<p><strong>Santo Domingo.\u2014 <\/strong>El presidente del <strong>Instituto Duartiano<\/strong>, <strong>Wilson G\u00f3mez Ram\u00edrez<\/strong>, afirm\u00f3 este lunes que la <strong>crisis que atraviesa Hait\u00ed<\/strong> no podr\u00e1 resolverse sin una <strong>intervenci\u00f3n decidida de la comunidad internacional<\/strong>.<\/p>\n<p>Al mismo tiempo, exhort\u00f3 a las autoridades dominicanas a <strong>mantener y fortalecer las repatriaciones<\/strong> de ciudadanos haitianos en condici\u00f3n migratoria irregular.<\/p>\n<p>El dirigente sostuvo que <strong>Rep\u00fablica Dominicana no puede cargar sola<\/strong> con el peso de una crisis <strong>institucional, pol\u00edtica y social<\/strong> que se ha profundizado en la vecina naci\u00f3n.<\/p>\n<p>Sus declaraciones se produjeron durante un <strong>acto solemne en el Altar de la Patria<\/strong>, donde la entidad conmemor\u00f3 el <strong>209 aniversario del natalicio de Francisco del Rosario S\u00e1nchez<\/strong>, figura clave de la <strong>Independencia Nacional<\/strong>.<\/p>\n<p>Durante la ceremonia, los directivos del organismo resaltaron el <strong>legado patri\u00f3tico de S\u00e1nchez<\/strong>, al que definieron como un s\u00edmbolo de <strong>valent\u00eda, sacrificio y defensa de la soberan\u00eda dominicana<\/strong>.<\/p>\n<figure class=\"wp-block-image size-full\"><img fetchpriority=\"high\" decoding=\"async\" width=\"1280\" height=\"720\" src=\"https:\/\/multimedia.noticiassin.com\/wp-content\/uploads\/2026\/03\/instituto-duartiano-pide-fortalecer-repatriaciones-y-mayor-intervencion-internac-20260309-210517-lgse.png\" alt=\"\" class=\"wp-image-1962596 lazy\" srcset=\"https:\/\/multimedia.noticiassin.com\/wp-content\/uploads\/2026\/03\/instituto-duartiano-pide-fortalecer-repatriaciones-y-mayor-intervencion-internac-20260309-210517-lgse.png 1280w, https:\/\/multimedia.noticiassin.com\/wp-content\/uploads\/2026\/03\/instituto-duartiano-pide-fortalecer-repatriaciones-y-mayor-intervencion-internac-20260309-210517-lgse-768x432.png 768w, https:\/\/multimedia.noticiassin.com\/wp-content\/uploads\/2026\/03\/instituto-duartiano-pide-fortalecer-repatriaciones-y-mayor-intervencion-internac-20260309-210517-lgse-288x162.png 288w, https:\/\/multimedia.noticiassin.com\/wp-content\/uploads\/2026\/03\/instituto-duartiano-pide-fortalecer-repatriaciones-y-mayor-intervencion-internac-20260309-210517-lgse-588x330.png 588w, https:\/\/multimedia.noticiassin.com\/wp-content\/uploads\/2026\/03\/instituto-duartiano-pide-fortalecer-repatriaciones-y-mayor-intervencion-internac-20260309-210517-lgse-608x342.png 608w, https:\/\/multimedia.noticiassin.com\/wp-content\/uploads\/2026\/03\/instituto-duartiano-pide-fortalecer-repatriaciones-y-mayor-intervencion-internac-20260309-210517-lgse-742x418.png 742w, https:\/\/multimedia.noticiassin.com\/wp-content\/uploads\/2026\/03\/instituto-duartiano-pide-fortalecer-repatriaciones-y-mayor-intervencion-internac-20260309-210517-lgse-150x85.png 150w, https:\/\/multimedia.noticiassin.com\/wp-content\/uploads\/2026\/03\/instituto-duartiano-pide-fortalecer-repatriaciones-y-mayor-intervencion-internac-20260309-210517-lgse-1200x675.png 1200w\" data-sizes=\"(max-width: 1280px) 100vw, 1280px\"\/><\/figure>\n<h3 class=\"wp-block-heading\">Defensa de la soberan\u00eda y crisis haitiana<\/h3>\n<p>G\u00f3mez Ram\u00edrez insisti\u00f3 en que la <strong>defensa de la soberan\u00eda nacional<\/strong> y la preservaci\u00f3n del <strong>orden institucional<\/strong> deben mantenerse como <strong>principios innegociables<\/strong> para el Estado dominicano.<\/p>\n<p>En ese sentido, sostuvo que el pa\u00eds tiene <strong>derecho y deber de aplicar sus leyes migratorias<\/strong> y proteger su territorio, al tiempo que reiter\u00f3 que:<\/p>\n<ul class=\"wp-block-list\">\n<li>La <strong>soluci\u00f3n estructural a la crisis haitiana<\/strong> exige un <strong>compromiso real de los organismos internacionales<\/strong>.<\/li>\n<\/ul>\n<p>El presidente del Instituto Duartiano record\u00f3 que <strong>S\u00e1nchez<\/strong>, junto a <strong>Mat\u00edas Ram\u00f3n Mella<\/strong> y los <strong>trinitarios<\/strong>, asumi\u00f3 con determinaci\u00f3n la conducci\u00f3n del <strong>movimiento independentista<\/strong> en momentos decisivos, especialmente cuando <strong>Juan Pablo Duarte<\/strong> se encontraba fuera del pa\u00eds tras ser perseguido por las autoridades haitianas de la \u00e9poca.<\/p>\n<p>Tambi\u00e9n destac\u00f3 que uno de los <strong>m\u00e9ritos m\u00e1s trascendentales del patricio<\/strong> fue <strong>proclamar la Independencia Nacional en la Puerta del Conde<\/strong> y encabezar el <strong>gobierno provisional<\/strong> en una etapa crucial para la consolidaci\u00f3n de la Rep\u00fablica.<\/p>\n<p>Asimismo, record\u00f3 que S\u00e1nchez se convirti\u00f3 en <strong>s\u00edmbolo de la lucha por la libertad y la soberan\u00eda<\/strong>, particularmente cuando regres\u00f3 al pa\u00eds para enfrentar la <strong>anexi\u00f3n a Espa\u00f1a promovida por Pedro Santana<\/strong>.<\/p>\n<p>En ese intento fue <strong>capturado y fusilado el 4 de julio de 1861<\/strong>, junto a varios patriotas, dejando un <strong>legado de firmeza patri\u00f3tica y amor por la patria<\/strong>.<\/p>\n<h3 class=\"wp-block-heading\">Reconocimiento al papel de la mujer dominicana<\/h3>\n<p>En el marco de la actividad, el <strong>Instituto Duartiano<\/strong> tambi\u00e9n conmemor\u00f3 el <strong>D\u00eda Internacional de la Mujer<\/strong> con una <strong>ofrenda floral en la Plazoleta Mar\u00eda Trinidad S\u00e1nchez<\/strong>.<\/p>\n<p>Durante el acto se destac\u00f3 el <strong>papel determinante de la mujer dominicana<\/strong> en la construcci\u00f3n de la naci\u00f3n y su aporte al <strong>desarrollo social del pa\u00eds<\/strong>.<\/p>\n<p>G\u00f3mez Ram\u00edrez se\u00f1al\u00f3 que esta fecha representa una oportunidad para <strong>reconocer la fortaleza, la entrega y la capacidad transformadora<\/strong> de las mujeres dominicanas, a quienes defini\u00f3 como <strong>columna moral de la familia<\/strong> y protagonistas del progreso nacional.<\/p>\n<p>La entidad record\u00f3 adem\u00e1s la memoria de <strong>mujeres patriotas<\/strong> que contribuyeron a la formaci\u00f3n de la identidad dominicana, entre ellas <strong>Mar\u00eda Trinidad S\u00e1nchez, Concepci\u00f3n Bona, Rosa Duarte y Manuela D\u00edez<\/strong>, cuyas acciones forman parte esencial de la <strong>historia nacional y de la lucha por la libertad<\/strong>.<\/p>\n<p><strong>Sobre el Instituto Duartiano<\/strong><\/p>\n<p>El <strong>Instituto Duartiano<\/strong> es un organismo oficial y aut\u00f3nomo fundado el <strong>26 de enero de 1964<\/strong>. La <strong>Ley 127-01<\/strong>, del 27 de julio de 2001, le otorg\u00f3 autonom\u00eda institucional.<\/p>\n<p>Su misi\u00f3n es <strong>difundir la vida, obra e ideales de Juan Pablo Duarte<\/strong>, as\u00ed como promover los <strong>valores patrios y la memoria hist\u00f3rica<\/strong> de la Rep\u00fablica Dominicana, con el prop\u00f3sito de formar <strong>ciudadanos comprometidos con el pa\u00eds<\/strong> y con la visi\u00f3n de una patria <strong>justa y libre<\/strong>.<\/p>\n<figure class=\"wp-block-image size-full\"><img loading=\"lazy\" decoding=\"async\" width=\"1030\" height=\"773\" src=\"https:\/\/multimedia.noticiassin.com\/wp-content\/uploads\/2026\/03\/instituto-duartiano-pide-fortalecer-repatriaciones-y-mayor-intervencion-internac-20260309-210416-ntAG.png\" alt=\"\" class=\"wp-image-1962595 lazy\" srcset=\"https:\/\/multimedia.noticiassin.com\/wp-content\/uploads\/2026\/03\/instituto-duartiano-pide-fortalecer-repatriaciones-y-mayor-intervencion-internac-20260309-210416-ntAG.png 1030w, https:\/\/multimedia.noticiassin.com\/wp-content\/uploads\/2026\/03\/instituto-duartiano-pide-fortalecer-repatriaciones-y-mayor-intervencion-internac-20260309-210416-ntAG-768x576.png 768w, https:\/\/multimedia.noticiassin.com\/wp-content\/uploads\/2026\/03\/instituto-duartiano-pide-fortalecer-repatriaciones-y-mayor-intervencion-internac-20260309-210416-ntAG-1200x901.png 1200w\" data-sizes=\"(max-width: 1030px) 100vw, 1030px\"\/><\/figure>\n<\/div>\n","protected":false},"excerpt":{"rendered":"<p>Santo Domingo.\u2014 El presidente del Instituto Duartiano, Wilson G\u00f3mez Ram\u00edrez, afirm\u00f3 este lunes que la crisis que atraviesa Hait\u00ed no podr\u00e1 resolverse sin una intervenci\u00f3n decidida de la comunidad internacional. Al mismo tiempo, exhort\u00f3 a las autoridades dominicanas a mantener y fortalecer las repatriaciones de ciudadanos haitianos en condici\u00f3n migratoria irregular. El dirigente sostuvo que<\/p>\n","protected":false},"author":1,"featured_media":26598,"comment_status":"open","ping_status":"open","sticky":false,"template":"","format":"standard","meta":{"footnotes":""},"categories":[1],"tags":[],"class_list":["post-26597","post","type-post","status-publish","format-standard","has-post-thumbnail","hentry","category-nacionales"],"_links":{"self":[{"href":"https:\/\/acronoticias.com\/index.php\/wp-json\/wp\/v2\/posts\/26597","targetHints":{"allow":["GET"]}}],"collection":[{"href":"https:\/\/acronoticias.com\/index.php\/wp-json\/wp\/v2\/posts"}],"about":[{"href":"https:\/\/acronoticias.com\/index.php\/wp-json\/wp\/v2\/types\/post"}],"author":[{"embeddable":true,"href":"https:\/\/acronoticias.com\/index.php\/wp-json\/wp\/v2\/users\/1"}],"replies":[{"embeddable":true,"href":"https:\/\/acronoticias.com\/index.php\/wp-json\/wp\/v2\/comments?post=26597"}],"version-history":[{"count":0,"href":"https:\/\/acronoticias.com\/index.php\/wp-json\/wp\/v2\/posts\/26597\/revisions"}],"wp:featuredmedia":[{"embeddable":true,"href":"https:\/\/acronoticias.com\/index.php\/wp-json\/wp\/v2\/media\/26598"}],"wp:attachment":[{"href":"https:\/\/acronoticias.com\/index.php\/wp-json\/wp\/v2\/media?parent=26597"}],"wp:term":[{"taxonomy":"category","embeddable":true,"href":"https:\/\/acronoticias.com\/index.php\/wp-json\/wp\/v2\/categories?post=26597"},{"taxonomy":"post_tag","embeddable":true,"href":"https:\/\/acronoticias.com\/index.php\/wp-json\/wp\/v2\/tags?post=26597"}],"curies":[{"name":"wp","href":"https:\/\/api.w.org\/{rel}","templated":true}]}}