{"id":26581,"date":"2026-03-10T02:18:40","date_gmt":"2026-03-10T02:18:40","guid":{"rendered":"https:\/\/acronoticias.com\/index.php\/2026\/03\/10\/mopc-cierra-temporalmente-paso-por-puente-la-mercedita-en-carretera-enriquillo-barahona-el-nuevo-diario-republica-dominicana\/"},"modified":"2026-03-10T02:18:40","modified_gmt":"2026-03-10T02:18:40","slug":"mopc-cierra-temporalmente-paso-por-puente-la-mercedita-en-carretera-enriquillo-barahona-el-nuevo-diario-republica-dominicana","status":"publish","type":"post","link":"https:\/\/acronoticias.com\/index.php\/2026\/03\/10\/mopc-cierra-temporalmente-paso-por-puente-la-mercedita-en-carretera-enriquillo-barahona-el-nuevo-diario-republica-dominicana\/","title":{"rendered":"MOPC cierra temporalmente paso por puente La Mercedita en carretera Enriquillo- Barahona \u2013 El Nuevo Diario (Rep\u00fablica Dominicana)"},"content":{"rendered":"<p><i class=\"bi bi-camera-fill\" style=\"font-size:18px; color:var(--rojo)\"\/> Fachada del Ministerio de Obras P\u00fablicas. (Foto: fuente externa)<\/p>\n<div>\n<div id=\"gemini-summary-wrapper\" class=\"mb-3\">\n                <button id=\"btn-get-summary\" class=\"gemini-btn\" data-post-id=\"3043134\" data-post-title=\"MOPC cierra temporalmente paso por puente La Mercedita en carretera Enriquillo- Barahona\"><br \/>\n                    Leer resumen <b class=\"d-none d-md-inline\">de la noticia<\/b> (IA) <span>CLICK AQU\u00cd<\/span><br \/>\n                <\/button><\/p>\n<div id=\"gemini-loading\" class=\"mb-3\">\n<p>                    <span>Analizando noticia&#8230; por favor espera.<\/span>\n                <\/div>\n<\/p><\/div>\n<p>EL NUEVO DIARIO, SANTO DOMINGO.- El Ministerio de Obras P\u00fablicas y Comunicaciones inform\u00f3 que debido a trabajos de adecuaci\u00f3n, en horas de la noche de este lunes se proceder\u00e1 a la restricci\u00f3n temporal del puente La Mercedita, ubicado pr\u00f3ximo a la entrada del municipio de Enriquillo, provincia Barahona.<\/p>\n<p>Durante un breve per\u00edodo, entre las 10:00 de la noche y la 1:00 de la madrugada del martes, se realizar\u00e1n trabajos en la zona que implicar\u00e1n ajustes en la circulaci\u00f3n. El MOPC dijo que los trabajos a realizar en la estructura forman parte del Proyecto de Reconstrucci\u00f3n de la Carretera Barahona\u2013Enriquillo.<\/p>\n<p>En ese sentido, la entidad solicit\u00f3 a los conductores y usuarios de esta v\u00eda seguir las indicaciones de la se\u00f1alizaci\u00f3n preventiva colocada en la zona, as\u00ed como transitar con precauci\u00f3n.<\/p>\n<p>\u201cAgradecemos su comprensi\u00f3n mientras se ejecutan estos trabajos orientados a mejorar la seguridad y condiciones de la v\u00eda\u201d, concluye la nota enviada por el MOPC.<\/p>\n<p><h3 class=\"jp-relatedposts-headline\"><em>Relacionado<\/em><\/h3>\n<\/p>\n<p>\t\t\t\t\t\t<!-- .entry-footer --><br \/>\n\t\t\t\t\t\t<!-- \n\n<div data-type=\"_mgwidget\" data-widget-id=\"1743501\"><\/div>\n\n  -->\n\t\t\t\t\t<\/div>\n","protected":false},"excerpt":{"rendered":"<p>Fachada del Ministerio de Obras P\u00fablicas. (Foto: fuente externa) Leer resumen de la noticia (IA) CLICK AQU\u00cd Analizando noticia&#8230; por favor espera. EL NUEVO DIARIO, SANTO DOMINGO.- El Ministerio de Obras P\u00fablicas y Comunicaciones inform\u00f3 que debido a trabajos de adecuaci\u00f3n, en horas de la noche de este lunes se proceder\u00e1 a la restricci\u00f3n temporal<\/p>\n","protected":false},"author":1,"featured_media":26582,"comment_status":"open","ping_status":"open","sticky":false,"template":"","format":"standard","meta":{"footnotes":""},"categories":[1],"tags":[],"class_list":["post-26581","post","type-post","status-publish","format-standard","has-post-thumbnail","hentry","category-nacionales"],"_links":{"self":[{"href":"https:\/\/acronoticias.com\/index.php\/wp-json\/wp\/v2\/posts\/26581","targetHints":{"allow":["GET"]}}],"collection":[{"href":"https:\/\/acronoticias.com\/index.php\/wp-json\/wp\/v2\/posts"}],"about":[{"href":"https:\/\/acronoticias.com\/index.php\/wp-json\/wp\/v2\/types\/post"}],"author":[{"embeddable":true,"href":"https:\/\/acronoticias.com\/index.php\/wp-json\/wp\/v2\/users\/1"}],"replies":[{"embeddable":true,"href":"https:\/\/acronoticias.com\/index.php\/wp-json\/wp\/v2\/comments?post=26581"}],"version-history":[{"count":0,"href":"https:\/\/acronoticias.com\/index.php\/wp-json\/wp\/v2\/posts\/26581\/revisions"}],"wp:featuredmedia":[{"embeddable":true,"href":"https:\/\/acronoticias.com\/index.php\/wp-json\/wp\/v2\/media\/26582"}],"wp:attachment":[{"href":"https:\/\/acronoticias.com\/index.php\/wp-json\/wp\/v2\/media?parent=26581"}],"wp:term":[{"taxonomy":"category","embeddable":true,"href":"https:\/\/acronoticias.com\/index.php\/wp-json\/wp\/v2\/categories?post=26581"},{"taxonomy":"post_tag","embeddable":true,"href":"https:\/\/acronoticias.com\/index.php\/wp-json\/wp\/v2\/tags?post=26581"}],"curies":[{"name":"wp","href":"https:\/\/api.w.org\/{rel}","templated":true}]}}