{"id":26577,"date":"2026-03-10T02:08:36","date_gmt":"2026-03-10T02:08:36","guid":{"rendered":"https:\/\/acronoticias.com\/index.php\/2026\/03\/10\/israel-lanza-segunda-gran-oleada-de-ataques-en-teheran\/"},"modified":"2026-03-10T02:08:36","modified_gmt":"2026-03-10T02:08:36","slug":"israel-lanza-segunda-gran-oleada-de-ataques-en-teheran","status":"publish","type":"post","link":"https:\/\/acronoticias.com\/index.php\/2026\/03\/10\/israel-lanza-segunda-gran-oleada-de-ataques-en-teheran\/","title":{"rendered":"Israel lanza segunda gran oleada de ataques en Teher\u00e1n"},"content":{"rendered":"<div id=\"nota-texto\">\n<p><strong>Jerusal\u00e9n.-<\/strong> El <strong>Ej\u00e9rcito israel\u00ed<\/strong> lanz\u00f3 este lunes por la noche otra <strong>\u201cgran oleada\u201d de ataques<\/strong> contra <strong>objetivos del r\u00e9gimen iran\u00ed<\/strong> en <strong>Teher\u00e1n<\/strong>, informaron las <strong>Fuerzas de Defensa de Israel (FDI)<\/strong> en un comunicado.<\/p>\n<p>Las autoridades militares ya hab\u00edan anunciado a mediod\u00eda otra <strong>tanda de ataques a gran escala<\/strong>, esta vez contra <strong>infraestructura del r\u00e9gimen de los ayatol\u00e1s<\/strong> en <strong>Teher\u00e1n, Isfah\u00e1n y el sur de Ir\u00e1n<\/strong>.<\/p>\n<p>A primera hora de la ma\u00f1ana, las FDI hab\u00edan comunicado otra <strong>ofensiva<\/strong>, horas despu\u00e9s de una ronda de ataques en la que aseguraron haber bombardeado el <strong>cuartel general de la Fuerza A\u00e9rea de la Guardia Revolucionaria de Ir\u00e1n<\/strong>, desde donde se operan <strong>misiles bal\u00edsticos<\/strong> y <strong>flotas de drones<\/strong>.<\/p>\n<h3 class=\"wp-block-heading\">Impacto en las fuerzas iran\u00edes<\/h3>\n<p>El <strong>portavoz del Ej\u00e9rcito de Israel<\/strong>, <strong>Effie Defrin<\/strong>, indic\u00f3 que la <strong>fuerza a\u00e9rea<\/strong> ha eliminado a <strong>m\u00e1s de 1.900 soldados y comandantes iran\u00edes<\/strong> desde el inicio del conflicto, que ya cumple m\u00e1s de <strong>una semana<\/strong>.<\/p>\n<p>Ayer, la <strong>fuerza a\u00e9rea israel\u00ed<\/strong> anunci\u00f3 haber alcanzado <strong>400 objetivos militares<\/strong> del r\u00e9gimen iran\u00ed en el oeste y centro del pa\u00eds, incluidos <strong>lanzadores de misiles<\/strong> y <strong>plantas de producci\u00f3n de armas<\/strong>.<\/p>\n<p>Por primera vez, tambi\u00e9n atac\u00f3 <strong>dep\u00f3sitos de combustible<\/strong> en Teher\u00e1n y zonas cercanas, lo que provoc\u00f3 <strong>al menos cuatro muertes<\/strong>, oblig\u00f3 a <strong>racionar la gasolina a 20 litros por persona al d\u00eda<\/strong> y cubri\u00f3 la capital iran\u00ed con <strong>una nube t\u00f3xica de lluvia y humo<\/strong>.<\/p>\n<figure class=\"wp-block-image size-full\"><img fetchpriority=\"high\" decoding=\"async\" width=\"2560\" height=\"1440\" src=\"https:\/\/multimedia.noticiassin.com\/wp-content\/uploads\/2026\/03\/israel-lanza-segunda-su-segunda-gran-oleada-de-ataques-sobre-teheran-este-lune-20260309-214945-eG4u-scaled.png\" alt=\"\" class=\"wp-image-1962634 lazy\" srcset=\"https:\/\/multimedia.noticiassin.com\/wp-content\/uploads\/2026\/03\/israel-lanza-segunda-su-segunda-gran-oleada-de-ataques-sobre-teheran-este-lune-20260309-214945-eG4u-scaled.png 2560w, https:\/\/multimedia.noticiassin.com\/wp-content\/uploads\/2026\/03\/israel-lanza-segunda-su-segunda-gran-oleada-de-ataques-sobre-teheran-este-lune-20260309-214945-eG4u-768x432.png 768w, https:\/\/multimedia.noticiassin.com\/wp-content\/uploads\/2026\/03\/israel-lanza-segunda-su-segunda-gran-oleada-de-ataques-sobre-teheran-este-lune-20260309-214945-eG4u-1536x864.png 1536w, https:\/\/multimedia.noticiassin.com\/wp-content\/uploads\/2026\/03\/israel-lanza-segunda-su-segunda-gran-oleada-de-ataques-sobre-teheran-este-lune-20260309-214945-eG4u-2048x1152.png 2048w, https:\/\/multimedia.noticiassin.com\/wp-content\/uploads\/2026\/03\/israel-lanza-segunda-su-segunda-gran-oleada-de-ataques-sobre-teheran-este-lune-20260309-214945-eG4u-288x162.png 288w, https:\/\/multimedia.noticiassin.com\/wp-content\/uploads\/2026\/03\/israel-lanza-segunda-su-segunda-gran-oleada-de-ataques-sobre-teheran-este-lune-20260309-214945-eG4u-588x330.png 588w, https:\/\/multimedia.noticiassin.com\/wp-content\/uploads\/2026\/03\/israel-lanza-segunda-su-segunda-gran-oleada-de-ataques-sobre-teheran-este-lune-20260309-214945-eG4u-608x342.png 608w, https:\/\/multimedia.noticiassin.com\/wp-content\/uploads\/2026\/03\/israel-lanza-segunda-su-segunda-gran-oleada-de-ataques-sobre-teheran-este-lune-20260309-214945-eG4u-742x418.png 742w, https:\/\/multimedia.noticiassin.com\/wp-content\/uploads\/2026\/03\/israel-lanza-segunda-su-segunda-gran-oleada-de-ataques-sobre-teheran-este-lune-20260309-214945-eG4u-150x85.png 150w, https:\/\/multimedia.noticiassin.com\/wp-content\/uploads\/2026\/03\/israel-lanza-segunda-su-segunda-gran-oleada-de-ataques-sobre-teheran-este-lune-20260309-214945-eG4u-1200x675.png 1200w\" data-sizes=\"(max-width: 2560px) 100vw, 2560px\"\/><\/figure>\n<h3 class=\"wp-block-heading\">Consecuencias en L\u00edbano y ataques de Hizbul\u00e1<\/h3>\n<p>Mientras tanto, el n\u00famero de <strong>muertos en el L\u00edbano<\/strong> por la ofensiva a\u00e9rea israel\u00ed asciende a <strong>394<\/strong>, entre ellos <strong>83 ni\u00f1os<\/strong>, y los heridos a <strong>1,130<\/strong>, seg\u00fan inform\u00f3 el ministro liban\u00e9s de Salud P\u00fablica, <strong>Rakan Nasreddine<\/strong>.<\/p>\n<ul class=\"wp-block-list\">\n<li>Por su parte, el <strong>grupo chi\u00ed Hizbul\u00e1<\/strong> contin\u00faa lanzando <strong>ataques de impacto limitado<\/strong> contra <strong>objetivos militares en el norte de Israel<\/strong>, en medio de la escalada que mantiene la tensi\u00f3n en la regi\u00f3n.<\/li>\n<\/ul>\n<p>El conflicto actual entre <strong>Israel e Ir\u00e1n<\/strong> tiene ra\u00edces profundas en la <strong>historia pol\u00edtica y militar de Oriente Medio<\/strong>, especialmente desde la <strong>Revoluci\u00f3n Isl\u00e1mica de Ir\u00e1n de 1979<\/strong>, cuando el r\u00e9gimen de los <strong>ayatol\u00e1s<\/strong> asumi\u00f3 el poder y comenz\u00f3 a apoyar movimientos chi\u00edes en la regi\u00f3n, incluidos grupos en <strong>L\u00edbano, Siria y Gaza<\/strong>, percibidos por Israel como amenazas estrat\u00e9gicas.<\/p>\n<\/div>\n","protected":false},"excerpt":{"rendered":"<p>Jerusal\u00e9n.- El Ej\u00e9rcito israel\u00ed lanz\u00f3 este lunes por la noche otra \u201cgran oleada\u201d de ataques contra objetivos del r\u00e9gimen iran\u00ed en Teher\u00e1n, informaron las Fuerzas de Defensa de Israel (FDI) en un comunicado. Las autoridades militares ya hab\u00edan anunciado a mediod\u00eda otra tanda de ataques a gran escala, esta vez contra infraestructura del r\u00e9gimen de<\/p>\n","protected":false},"author":1,"featured_media":26578,"comment_status":"open","ping_status":"open","sticky":false,"template":"","format":"standard","meta":{"footnotes":""},"categories":[3],"tags":[],"class_list":["post-26577","post","type-post","status-publish","format-standard","has-post-thumbnail","hentry","category-internacionales"],"_links":{"self":[{"href":"https:\/\/acronoticias.com\/index.php\/wp-json\/wp\/v2\/posts\/26577","targetHints":{"allow":["GET"]}}],"collection":[{"href":"https:\/\/acronoticias.com\/index.php\/wp-json\/wp\/v2\/posts"}],"about":[{"href":"https:\/\/acronoticias.com\/index.php\/wp-json\/wp\/v2\/types\/post"}],"author":[{"embeddable":true,"href":"https:\/\/acronoticias.com\/index.php\/wp-json\/wp\/v2\/users\/1"}],"replies":[{"embeddable":true,"href":"https:\/\/acronoticias.com\/index.php\/wp-json\/wp\/v2\/comments?post=26577"}],"version-history":[{"count":0,"href":"https:\/\/acronoticias.com\/index.php\/wp-json\/wp\/v2\/posts\/26577\/revisions"}],"wp:featuredmedia":[{"embeddable":true,"href":"https:\/\/acronoticias.com\/index.php\/wp-json\/wp\/v2\/media\/26578"}],"wp:attachment":[{"href":"https:\/\/acronoticias.com\/index.php\/wp-json\/wp\/v2\/media?parent=26577"}],"wp:term":[{"taxonomy":"category","embeddable":true,"href":"https:\/\/acronoticias.com\/index.php\/wp-json\/wp\/v2\/categories?post=26577"},{"taxonomy":"post_tag","embeddable":true,"href":"https:\/\/acronoticias.com\/index.php\/wp-json\/wp\/v2\/tags?post=26577"}],"curies":[{"name":"wp","href":"https:\/\/api.w.org\/{rel}","templated":true}]}}