{"id":26571,"date":"2026-03-10T01:30:48","date_gmt":"2026-03-10T01:30:48","guid":{"rendered":"https:\/\/acronoticias.com\/index.php\/2026\/03\/10\/idac-instalara-radar-de-ultima-generacion-en-el-aeropuerto-gregorio-luperon-de-puerto-plata-el-nuevo-diario-republica-dominicana\/"},"modified":"2026-03-10T01:30:48","modified_gmt":"2026-03-10T01:30:48","slug":"idac-instalara-radar-de-ultima-generacion-en-el-aeropuerto-gregorio-luperon-de-puerto-plata-el-nuevo-diario-republica-dominicana","status":"publish","type":"post","link":"https:\/\/acronoticias.com\/index.php\/2026\/03\/10\/idac-instalara-radar-de-ultima-generacion-en-el-aeropuerto-gregorio-luperon-de-puerto-plata-el-nuevo-diario-republica-dominicana\/","title":{"rendered":"IDAC instalar\u00e1 radar de \u00faltima generaci\u00f3n en el Aeropuerto Gregorio Luper\u00f3n de Puerto Plata \u2013 El Nuevo Diario (Rep\u00fablica Dominicana)"},"content":{"rendered":"<p><i class=\"bi bi-camera-fill\" style=\"font-size:18px; color:var(--rojo)\"\/> Instalar\u00e1 radar en Aeropuerto Gregorio Luper\u00f3n de Puerto Plata. (Fuente externa)<\/p>\n<div>\n<div id=\"gemini-summary-wrapper\" class=\"mb-3\">\n                <button id=\"btn-get-summary\" class=\"gemini-btn\" data-post-id=\"3043232\" data-post-title=\"IDAC instalar\u00e1 radar de \u00faltima generaci\u00f3n en el Aeropuerto Gregorio Luper\u00f3n de Puerto Plata\"><br \/>\n                    Leer resumen <b class=\"d-none d-md-inline\">de la noticia<\/b> (IA) <span>CLICK AQU\u00cd<\/span><br \/>\n                <\/button><\/p>\n<div id=\"gemini-loading\" class=\"mb-3\">\n<p>                    <span>Analizando noticia&#8230; por favor espera.<\/span>\n                <\/div>\n<\/p><\/div>\n<p>EL NUEVO DIARIO, PUERTO PLATA.- El <span class=\"hover:entity-accent entity-underline inline cursor-pointer align-baseline\"><span class=\"whitespace-normal\">Instituto Dominicano de Aviaci\u00f3n Civil<\/span><\/span> (IDAC) inform\u00f3 que en los pr\u00f3ximos meses ser\u00e1 instalado un radar de \u00faltima generaci\u00f3n en el <span class=\"hover:entity-accent entity-underline inline cursor-pointer align-baseline\"><span class=\"whitespace-normal\">Aeropuerto Internacional Gregorio Luper\u00f3n<\/span><\/span>, ubicado en <span class=\"hover:entity-accent entity-underline inline cursor-pointer align-baseline\"><span class=\"whitespace-normal\">Puerto Plata<\/span><\/span>, con el objetivo de fortalecer la vigilancia y la seguridad de la navegaci\u00f3n a\u00e9rea en la zona norte del pa\u00eds.<\/p>\n<p data-start=\"453\" data-end=\"928\">El anuncio fue realizado por el director general del IDAC, <span class=\"hover:entity-accent entity-underline inline cursor-pointer align-baseline\"><span class=\"whitespace-normal\">Igor Rodr\u00edguez Dur\u00e1n<\/span><\/span>, durante una entrevista concedida al periodista <span class=\"hover:entity-accent entity-underline inline cursor-pointer align-baseline\"><span class=\"whitespace-normal\">Sim\u00f3n Pe\u00f1a<\/span><\/span> en el programa \u201cEl Poder del 10\u201d, transmitido por Xtravisi\u00f3n. El funcionario explic\u00f3 que la terminal aeroportuaria cuenta actualmente con un radar primario instalado hace aproximadamente 35 a\u00f1os, por lo que se hace necesario sustituirlo por un equipo moderno con mayor capacidad de cobertura.<\/p>\n<p data-start=\"930\" data-end=\"1231\">Rodr\u00edguez Dur\u00e1n indic\u00f3 que el proceso de adquisici\u00f3n del nuevo radar se iniciar\u00e1 una vez concluya la compra de equipos destinados al <span class=\"hover:entity-accent entity-underline inline cursor-pointer align-baseline\"><span class=\"whitespace-normal\">Aeropuerto de Cabo Rojo<\/span><\/span>. El sistema que se prev\u00e9 instalar en Puerto Plata ser\u00e1 un radar primario-secundario de \u00faltima generaci\u00f3n para la navegaci\u00f3n a\u00e9rea.<\/p>\n<div class=\"tiled-gallery type-rectangular tiled-gallery-unresized\" data-original-width=\"640\" data-carousel-extra=\"null\" itemscope=\"\" itemtype=\"http:\/\/schema.org\/ImageGallery\">\n<div class=\"gallery-row\" style=\"width: 640px; height: 531px;\" data-original-width=\"640\" data-original-height=\"531\">\n<div class=\"gallery-group images-1\" style=\"width: 640px; height: 531px;\" data-original-width=\"640\" data-original-height=\"531\">\n<div class=\"tiled-gallery-item tiled-gallery-item-large\" itemprop=\"associatedMedia\" itemscope=\"\" itemtype=\"http:\/\/schema.org\/ImageObject\"> <a href=\"https:\/\/elnuevodiario.com.do\/idac-instalara-radar-de-ultima-generacion-en-el-aeropuerto-gregorio-luperon-de-puerto-plata\/idac-instalara-radar-de-ultima-generacion-en-el-aeropuerto-gregorio-luperon-de-puerto-plata-2\/\" border=\"0\" itemprop=\"url\"> <meta itemprop=\"width\" content=\"636\"\/> <meta itemprop=\"height\" content=\"527\"\/> <img decoding=\"async\" class=\"\" data-attachment-id=\"3043250\" src=\"https:\/\/nuevodiario-assets.s3.us-east-2.amazonaws.com\/wp-content\/uploads\/2026\/03\/IDAC-instalara-radar-de-ultima-generacion-en-el-Aeropuerto-Gregorio-Luperon-de-Puerto-Plata-2.jpeg\" data-orig-size=\"800,663\" data-comments-opened=\"\" data-image-meta=\"{&quot;aperture&quot;:&quot;0&quot;,&quot;credit&quot;:&quot;&quot;,&quot;camera&quot;:&quot;&quot;,&quot;caption&quot;:&quot;&quot;,&quot;created_timestamp&quot;:&quot;0&quot;,&quot;copyright&quot;:&quot;&quot;,&quot;focal_length&quot;:&quot;0&quot;,&quot;iso&quot;:&quot;0&quot;,&quot;shutter_speed&quot;:&quot;0&quot;,&quot;title&quot;:&quot;&quot;,&quot;orientation&quot;:&quot;0&quot;}\" data-image-title=\"IDAC instalar\u00e1 radar de \u00faltima generaci\u00f3n en el Aeropuerto Gregorio Luper\u00f3n de Puerto Plata (2)\" data-image-description=\"\" data-medium-file=\"https:\/\/i0.wp.com\/nuevodiario-assets.s3.us-east-2.amazonaws.com\/wp-content\/uploads\/2026\/03\/IDAC-instalara-radar-de-ultima-generacion-en-el-Aeropuerto-Gregorio-Luperon-de-Puerto-Plata-2.jpeg?fit=400%2C332&amp;quality=100&amp;ssl=1\" data-large-file=\"https:\/\/i0.wp.com\/nuevodiario-assets.s3.us-east-2.amazonaws.com\/wp-content\/uploads\/2026\/03\/IDAC-instalara-radar-de-ultima-generacion-en-el-Aeropuerto-Gregorio-Luperon-de-Puerto-Plata-2.jpeg?fit=640%2C530&amp;quality=100&amp;ssl=1\" srcset=\"https:\/\/nuevodiario-assets.s3.us-east-2.amazonaws.com\/wp-content\/uploads\/2026\/03\/IDAC-instalara-radar-de-ultima-generacion-en-el-Aeropuerto-Gregorio-Luperon-de-Puerto-Plata-2.jpeg 800w, https:\/\/nuevodiario-assets.s3.us-east-2.amazonaws.com\/wp-content\/uploads\/2026\/03\/IDAC-instalara-radar-de-ultima-generacion-en-el-Aeropuerto-Gregorio-Luperon-de-Puerto-Plata-2.jpeg 400w, https:\/\/nuevodiario-assets.s3.us-east-2.amazonaws.com\/wp-content\/uploads\/2026\/03\/IDAC-instalara-radar-de-ultima-generacion-en-el-Aeropuerto-Gregorio-Luperon-de-Puerto-Plata-2.jpeg 768w, https:\/\/nuevodiario-assets.s3.us-east-2.amazonaws.com\/wp-content\/uploads\/2026\/03\/IDAC-instalara-radar-de-ultima-generacion-en-el-Aeropuerto-Gregorio-Luperon-de-Puerto-Plata-2.jpeg 600w\" width=\"636\" height=\"527\" loading=\"lazy\" data-original-width=\"636\" data-original-height=\"527\" itemprop=\"http:\/\/schema.org\/image\" title=\"IDAC instalar\u00e1 radar de \u00faltima generaci\u00f3n en el Aeropuerto Gregorio Luper\u00f3n de Puerto Plata (2)\" alt=\"IDAC instalar\u00e1 radar de \u00faltima generaci\u00f3n en el Aeropuerto Gregorio Luper\u00f3n de Puerto Plata (2)\" style=\"width: 636px; height: 527px;\"\/> <\/a> <\/div>\n<\/p><\/div>\n<p> <!-- close group --> <\/div>\n<p> <!-- close row --> <\/div>\n<p data-start=\"1233\" data-end=\"1692\">Seg\u00fan explic\u00f3, el nuevo equipo permitir\u00e1 ampliar la cobertura de vigilancia hacia todo el litoral norte de la <span class=\"hover:entity-accent entity-underline inline cursor-pointer align-baseline\"><span class=\"whitespace-normal\">Rep\u00fablica Dominicana<\/span><\/span> e incluso m\u00e1s all\u00e1 del territorio nacional. Asimismo, posibilitar\u00e1 mayor coordinaci\u00f3n de vigilancia a\u00e9rea con territorios cercanos como <span class=\"hover:entity-accent entity-underline inline cursor-pointer align-baseline\"><span class=\"whitespace-normal\">Turks and Caicos<\/span><\/span>, <span class=\"hover:entity-accent entity-underline inline cursor-pointer align-baseline\"><span class=\"whitespace-normal\">Bahamas<\/span><\/span> y <span class=\"hover:entity-accent entity-underline inline cursor-pointer align-baseline\"><span class=\"whitespace-normal\">Estados Unidos<\/span><\/span>, lo que contribuir\u00e1 a reforzar la seguridad operacional.<\/p>\n<p data-start=\"1694\" data-end=\"1918\">El director del IDAC explic\u00f3 que los radares de navegaci\u00f3n a\u00e9rea permiten conocer la ubicaci\u00f3n exacta de las aeronaves, la altitud a la que se desplazan, su velocidad y la identificaci\u00f3n del equipo mediante el transpondedor.<\/p>\n<p data-start=\"1920\" data-end=\"2553\">En otro orden, Rodr\u00edguez Dur\u00e1n particip\u00f3 el pasado fin de semana en <span class=\"hover:entity-accent entity-underline inline cursor-pointer align-baseline\"><span class=\"whitespace-normal\">R\u00edo San Juan<\/span><\/span> en el acto de inicio de los trabajos del <span class=\"hover:entity-accent entity-underline inline cursor-pointer align-baseline\"><span class=\"whitespace-normal\">Aeropuerto Internacional de Playa Grande<\/span><\/span>, proyecto considerado estrat\u00e9gico para el desarrollo tur\u00edstico de la regi\u00f3n. La actividad fue encabezada por el presidente <span class=\"hover:entity-accent entity-underline inline cursor-pointer align-baseline\"><span class=\"whitespace-normal\">Luis Abinader<\/span><\/span>, junto al ministro de Turismo, <span class=\"hover:entity-accent entity-underline inline cursor-pointer align-baseline\"><span class=\"whitespace-normal\">David Collado<\/span><\/span>, ejecutivos de Playa Grande Golf and Ocean Club, <span class=\"hover:entity-accent entity-underline inline cursor-pointer align-baseline\"><span class=\"whitespace-normal\">Discovery Land Company<\/span><\/span> y <span class=\"hover:entity-accent entity-underline inline cursor-pointer align-baseline\"><span class=\"whitespace-normal\">Aman<\/span><\/span>, adem\u00e1s del exjugador de Grandes Ligas <span class=\"hover:entity-accent entity-underline inline cursor-pointer align-baseline\"><span class=\"whitespace-normal\">Alex Rodr\u00edguez<\/span><\/span>.<\/p>\n<div class=\"tiled-gallery type-rectangular tiled-gallery-unresized\" data-original-width=\"640\" data-carousel-extra=\"null\" itemscope=\"\" itemtype=\"http:\/\/schema.org\/ImageGallery\">\n<div class=\"gallery-row\" style=\"width: 640px; height: 472px;\" data-original-width=\"640\" data-original-height=\"472\">\n<div class=\"gallery-group images-1\" style=\"width: 640px; height: 472px;\" data-original-width=\"640\" data-original-height=\"472\">\n<div class=\"tiled-gallery-item tiled-gallery-item-large\" itemprop=\"associatedMedia\" itemscope=\"\" itemtype=\"http:\/\/schema.org\/ImageObject\"> <a href=\"https:\/\/elnuevodiario.com.do\/idac-instalara-radar-de-ultima-generacion-en-el-aeropuerto-gregorio-luperon-de-puerto-plata\/idac-instalara-radar-de-ultima-generacion-en-el-aeropuerto-gregorio-luperon-de-puerto-plata-1\/\" border=\"0\" itemprop=\"url\"> <meta itemprop=\"width\" content=\"636\"\/> <meta itemprop=\"height\" content=\"468\"\/> <img decoding=\"async\" class=\"\" data-attachment-id=\"3043252\" src=\"https:\/\/nuevodiario-assets.s3.us-east-2.amazonaws.com\/wp-content\/uploads\/2026\/03\/IDAC-instalara-radar-de-ultima-generacion-en-el-Aeropuerto-Gregorio-Luperon-de-Puerto-Plata-1.jpeg\" data-orig-size=\"1280,942\" data-comments-opened=\"\" data-image-meta=\"{&quot;aperture&quot;:&quot;0&quot;,&quot;credit&quot;:&quot;&quot;,&quot;camera&quot;:&quot;&quot;,&quot;caption&quot;:&quot;&quot;,&quot;created_timestamp&quot;:&quot;0&quot;,&quot;copyright&quot;:&quot;&quot;,&quot;focal_length&quot;:&quot;0&quot;,&quot;iso&quot;:&quot;0&quot;,&quot;shutter_speed&quot;:&quot;0&quot;,&quot;title&quot;:&quot;&quot;,&quot;orientation&quot;:&quot;0&quot;}\" data-image-title=\"IDAC instalar\u00e1 radar de \u00faltima generaci\u00f3n en el Aeropuerto Gregorio Luper\u00f3n de Puerto Plata (1)\" data-image-description=\"\" data-medium-file=\"https:\/\/i0.wp.com\/nuevodiario-assets.s3.us-east-2.amazonaws.com\/wp-content\/uploads\/2026\/03\/IDAC-instalara-radar-de-ultima-generacion-en-el-Aeropuerto-Gregorio-Luperon-de-Puerto-Plata-1.jpeg?fit=400%2C294&amp;quality=100&amp;ssl=1\" data-large-file=\"https:\/\/i0.wp.com\/nuevodiario-assets.s3.us-east-2.amazonaws.com\/wp-content\/uploads\/2026\/03\/IDAC-instalara-radar-de-ultima-generacion-en-el-Aeropuerto-Gregorio-Luperon-de-Puerto-Plata-1.jpeg?fit=640%2C471&amp;quality=100&amp;ssl=1\" srcset=\"https:\/\/nuevodiario-assets.s3.us-east-2.amazonaws.com\/wp-content\/uploads\/2026\/03\/IDAC-instalara-radar-de-ultima-generacion-en-el-Aeropuerto-Gregorio-Luperon-de-Puerto-Plata-1.jpeg 1280w, https:\/\/nuevodiario-assets.s3.us-east-2.amazonaws.com\/wp-content\/uploads\/2026\/03\/IDAC-instalara-radar-de-ultima-generacion-en-el-Aeropuerto-Gregorio-Luperon-de-Puerto-Plata-1.jpeg 400w, https:\/\/nuevodiario-assets.s3.us-east-2.amazonaws.com\/wp-content\/uploads\/2026\/03\/IDAC-instalara-radar-de-ultima-generacion-en-el-Aeropuerto-Gregorio-Luperon-de-Puerto-Plata-1.jpeg 800w, https:\/\/nuevodiario-assets.s3.us-east-2.amazonaws.com\/wp-content\/uploads\/2026\/03\/IDAC-instalara-radar-de-ultima-generacion-en-el-Aeropuerto-Gregorio-Luperon-de-Puerto-Plata-1.jpeg 768w, https:\/\/nuevodiario-assets.s3.us-east-2.amazonaws.com\/wp-content\/uploads\/2026\/03\/IDAC-instalara-radar-de-ultima-generacion-en-el-Aeropuerto-Gregorio-Luperon-de-Puerto-Plata-1.jpeg 600w\" width=\"636\" height=\"468\" loading=\"lazy\" data-original-width=\"636\" data-original-height=\"468\" itemprop=\"http:\/\/schema.org\/image\" title=\"IDAC instalar\u00e1 radar de \u00faltima generaci\u00f3n en el Aeropuerto Gregorio Luper\u00f3n de Puerto Plata (1)\" alt=\"IDAC instalar\u00e1 radar de \u00faltima generaci\u00f3n en el Aeropuerto Gregorio Luper\u00f3n de Puerto Plata (1)\" style=\"width: 636px; height: 468px;\"\/> <\/a> <\/div>\n<\/p><\/div>\n<p> <!-- close group --> <\/div>\n<p> <!-- close row --> <\/div>\n<p data-start=\"2555\" data-end=\"2829\" data-is-last-node=\"\" data-is-only-node=\"\">El funcionario reiter\u00f3 que desde el IDAC se trabaja para garantizar operaciones a\u00e9reas bajo altos est\u00e1ndares de seguridad y eficiencia, con el objetivo de fortalecer la conectividad del pa\u00eds y respaldar el crecimiento sostenido del turismo en la Rep\u00fablica Dominicana.<\/p>\n<p><h3 class=\"jp-relatedposts-headline\"><em>Relacionado<\/em><\/h3>\n<\/p>\n<p>\t\t\t\t\t\t<!-- .entry-footer --><br \/>\n\t\t\t\t\t\t<!-- \n\n<div data-type=\"_mgwidget\" data-widget-id=\"1743501\"><\/div>\n\n  -->\n\t\t\t\t\t<\/div>\n","protected":false},"excerpt":{"rendered":"<p>Instalar\u00e1 radar en Aeropuerto Gregorio Luper\u00f3n de Puerto Plata. (Fuente externa) Leer resumen de la noticia (IA) CLICK AQU\u00cd Analizando noticia&#8230; por favor espera. EL NUEVO DIARIO, PUERTO PLATA.- El Instituto Dominicano de Aviaci\u00f3n Civil (IDAC) inform\u00f3 que en los pr\u00f3ximos meses ser\u00e1 instalado un radar de \u00faltima generaci\u00f3n en el Aeropuerto Internacional Gregorio Luper\u00f3n,<\/p>\n","protected":false},"author":1,"featured_media":26572,"comment_status":"open","ping_status":"open","sticky":false,"template":"","format":"standard","meta":{"footnotes":""},"categories":[1],"tags":[],"class_list":["post-26571","post","type-post","status-publish","format-standard","has-post-thumbnail","hentry","category-nacionales"],"_links":{"self":[{"href":"https:\/\/acronoticias.com\/index.php\/wp-json\/wp\/v2\/posts\/26571","targetHints":{"allow":["GET"]}}],"collection":[{"href":"https:\/\/acronoticias.com\/index.php\/wp-json\/wp\/v2\/posts"}],"about":[{"href":"https:\/\/acronoticias.com\/index.php\/wp-json\/wp\/v2\/types\/post"}],"author":[{"embeddable":true,"href":"https:\/\/acronoticias.com\/index.php\/wp-json\/wp\/v2\/users\/1"}],"replies":[{"embeddable":true,"href":"https:\/\/acronoticias.com\/index.php\/wp-json\/wp\/v2\/comments?post=26571"}],"version-history":[{"count":0,"href":"https:\/\/acronoticias.com\/index.php\/wp-json\/wp\/v2\/posts\/26571\/revisions"}],"wp:featuredmedia":[{"embeddable":true,"href":"https:\/\/acronoticias.com\/index.php\/wp-json\/wp\/v2\/media\/26572"}],"wp:attachment":[{"href":"https:\/\/acronoticias.com\/index.php\/wp-json\/wp\/v2\/media?parent=26571"}],"wp:term":[{"taxonomy":"category","embeddable":true,"href":"https:\/\/acronoticias.com\/index.php\/wp-json\/wp\/v2\/categories?post=26571"},{"taxonomy":"post_tag","embeddable":true,"href":"https:\/\/acronoticias.com\/index.php\/wp-json\/wp\/v2\/tags?post=26571"}],"curies":[{"name":"wp","href":"https:\/\/api.w.org\/{rel}","templated":true}]}}