{"id":26569,"date":"2026-03-10T01:16:42","date_gmt":"2026-03-10T01:16:42","guid":{"rendered":"https:\/\/acronoticias.com\/index.php\/2026\/03\/10\/el-lanzador-colombiano-julio-teheran-anuncia-su-retiro\/"},"modified":"2026-03-10T01:16:42","modified_gmt":"2026-03-10T01:16:42","slug":"el-lanzador-colombiano-julio-teheran-anuncia-su-retiro","status":"publish","type":"post","link":"https:\/\/acronoticias.com\/index.php\/2026\/03\/10\/el-lanzador-colombiano-julio-teheran-anuncia-su-retiro\/","title":{"rendered":"El lanzador colombiano Julio Teher\u00e1n anuncia su retiro"},"content":{"rendered":"<div>\n<p>San Juan, 9 mar (EFE).- El lanzador colombiano Julio Teher\u00e1n, dos veces estrella en las Grandes Ligas, anunci\u00f3 este lunes su retiro del b\u00e9isbol tras m\u00e1s de 13 a\u00f1os de carrera profesional y luego de que Colombia quedara eliminada en el Cl\u00e1sico Mundial de B\u00e9isbol 2026.<\/p>\n<p>\u00abQuiero aprovechar para anunciarles oficialmente de que es el retiro m\u00edo del juego\u00bb, sostuvo Teher\u00e1n, de 35 a\u00f1os, tras la victoria de Colombia 4-3 ante Panam\u00e1 en el estadio Hiram Bithorn, en San Juan.<\/p>\n<p>\u00abHa sido una decisi\u00f3n que he estado pensando mucho, muchos a\u00f1os pens\u00e1ndolo, pero pienso que este es el momento indicado\u00bb, agreg\u00f3 Teher\u00e1n, quien jug\u00f3 con cinco equipos en Las Mayores.<\/p>\n<p>Se supon\u00eda que Teher\u00e1n lanzara el pasado s\u00e1bado ante Puerto Rico.<\/p>\n<p>Sin embargo, mientras se preparaba para su apertura, sinti\u00f3 molestias en su hombro de lanzar, el derecho.<\/p>\n<p>Ante ello, el piloto de Colombia, Jos\u00e9 Mayorga, lo sustituy\u00f3 por Austin Bergner.<\/p>\n<p>\u00abFue una decisi\u00f3n muy dif\u00edcil, pero s\u00e9 que las se\u00f1ales que Dios me ha enviado son las correctas, y yo creo plenamente en eso\u00bb, indic\u00f3 Teher\u00e1n.<\/p>\n<p>\u00abObviamente estoy agradecido con mi familia, agradecido con mi pa\u00eds y con mis compa\u00f1eros peloteros por todo su apoyo. Representar a Colombia en el mejor b\u00e9isbol del mundo ha sido un honor para m\u00ed\u00bb, abund\u00f3.<\/p>\n<p>Colombia termin\u00f3 el torneo en San Juan con marca de 1-3. Su \u00fanica victoria fue contra Panam\u00e1 y sus derrotas fueron ante Puerto Rico, Canad\u00e1 y Cuba.<\/p>\n<p>Debido a esto, la selecci\u00f3n colombiana tendr\u00e1 que ir a un torneo clasificatorio para el pr\u00f3ximo Cl\u00e1sico Mundial de B\u00e9isbol.<\/p>\n<\/div>\n","protected":false},"excerpt":{"rendered":"<p>San Juan, 9 mar (EFE).- El lanzador colombiano Julio Teher\u00e1n, dos veces estrella en las Grandes Ligas, anunci\u00f3 este lunes su retiro del b\u00e9isbol tras m\u00e1s de 13 a\u00f1os de carrera profesional y luego de que Colombia quedara eliminada en el Cl\u00e1sico Mundial de B\u00e9isbol 2026. \u00abQuiero aprovechar para anunciarles oficialmente de que es el<\/p>\n","protected":false},"author":1,"featured_media":26570,"comment_status":"open","ping_status":"open","sticky":false,"template":"","format":"standard","meta":{"footnotes":""},"categories":[2],"tags":[],"class_list":["post-26569","post","type-post","status-publish","format-standard","has-post-thumbnail","hentry","category-deporte"],"_links":{"self":[{"href":"https:\/\/acronoticias.com\/index.php\/wp-json\/wp\/v2\/posts\/26569","targetHints":{"allow":["GET"]}}],"collection":[{"href":"https:\/\/acronoticias.com\/index.php\/wp-json\/wp\/v2\/posts"}],"about":[{"href":"https:\/\/acronoticias.com\/index.php\/wp-json\/wp\/v2\/types\/post"}],"author":[{"embeddable":true,"href":"https:\/\/acronoticias.com\/index.php\/wp-json\/wp\/v2\/users\/1"}],"replies":[{"embeddable":true,"href":"https:\/\/acronoticias.com\/index.php\/wp-json\/wp\/v2\/comments?post=26569"}],"version-history":[{"count":0,"href":"https:\/\/acronoticias.com\/index.php\/wp-json\/wp\/v2\/posts\/26569\/revisions"}],"wp:featuredmedia":[{"embeddable":true,"href":"https:\/\/acronoticias.com\/index.php\/wp-json\/wp\/v2\/media\/26570"}],"wp:attachment":[{"href":"https:\/\/acronoticias.com\/index.php\/wp-json\/wp\/v2\/media?parent=26569"}],"wp:term":[{"taxonomy":"category","embeddable":true,"href":"https:\/\/acronoticias.com\/index.php\/wp-json\/wp\/v2\/categories?post=26569"},{"taxonomy":"post_tag","embeddable":true,"href":"https:\/\/acronoticias.com\/index.php\/wp-json\/wp\/v2\/tags?post=26569"}],"curies":[{"name":"wp","href":"https:\/\/api.w.org\/{rel}","templated":true}]}}