{"id":26567,"date":"2026-03-10T01:14:42","date_gmt":"2026-03-10T01:14:42","guid":{"rendered":"https:\/\/acronoticias.com\/index.php\/2026\/03\/10\/centro-uasd-puerto-plata-reconoce-a-12-mujeres-destacadas-en-el-dia-internacional-de-la-mujer-el-nuevo-diario-republica-dominicana\/"},"modified":"2026-03-10T01:14:42","modified_gmt":"2026-03-10T01:14:42","slug":"centro-uasd-puerto-plata-reconoce-a-12-mujeres-destacadas-en-el-dia-internacional-de-la-mujer-el-nuevo-diario-republica-dominicana","status":"publish","type":"post","link":"https:\/\/acronoticias.com\/index.php\/2026\/03\/10\/centro-uasd-puerto-plata-reconoce-a-12-mujeres-destacadas-en-el-dia-internacional-de-la-mujer-el-nuevo-diario-republica-dominicana\/","title":{"rendered":"Centro UASD Puerto Plata reconoce a 12 mujeres destacadas en el D\u00eda Internacional de la Mujer \u2013 El Nuevo Diario (Rep\u00fablica Dominicana)"},"content":{"rendered":"<div>\n<p data-start=\"123\" data-end=\"375\">EL NUEVO DIARIO, PUERTO PLATA.- El centro de la <span class=\"hover:entity-accent entity-underline inline cursor-pointer align-baseline\"><span class=\"whitespace-normal\">Universidad Aut\u00f3noma de Santo Domingo<\/span><\/span> (UASD) en <span class=\"hover:entity-accent entity-underline inline cursor-pointer align-baseline\"><span class=\"whitespace-normal\">Puerto Plata<\/span><\/span> realiz\u00f3 un acto de reconocimiento a 12 mujeres destacadas de esa provincia, en el marco de la conmemoraci\u00f3n del <span class=\"hover:entity-accent entity-underline inline cursor-pointer align-baseline\"><span class=\"whitespace-normal\">D\u00eda Internacional de la Mujer<\/span><\/span>.<\/p>\n<p data-start=\"377\" data-end=\"711\">La actividad fue encabezada por la directora del recinto universitario, <span class=\"hover:entity-accent entity-underline inline cursor-pointer align-baseline\"><span class=\"whitespace-normal\">Carolina Burgos Brisman<\/span><\/span>, quien resalt\u00f3 el aporte de las mujeres al desarrollo social, acad\u00e9mico y profesional de la provincia. Burgos Brisman es hasta el momento la \u00fanica mujer que ha dirigido la extensi\u00f3n de la academia estatal en esa demarcaci\u00f3n.<\/p>\n<div class=\"tiled-gallery type-rectangular tiled-gallery-unresized\" data-original-width=\"640\" data-carousel-extra=\"null\" itemscope=\"\" itemtype=\"http:\/\/schema.org\/ImageGallery\">\n<div class=\"gallery-row\" style=\"width: 640px; height: 362px;\" data-original-width=\"640\" data-original-height=\"362\">\n<div class=\"gallery-group images-1\" style=\"width: 640px; height: 362px;\" data-original-width=\"640\" data-original-height=\"362\">\n<div class=\"tiled-gallery-item tiled-gallery-item-large\" itemprop=\"associatedMedia\" itemscope=\"\" itemtype=\"http:\/\/schema.org\/ImageObject\"> <a href=\"https:\/\/elnuevodiario.com.do\/centro-uasd-puerto-plata-reconoce-a-12-mujeres-destacadas-en-el-dia-internacional-de-la-mujer\/centro-uasd-puerto-plata-reconoce-a-12-mujeres-destacadas-en-el-dia-internacional-de-la-mujer-1\/\" border=\"0\" itemprop=\"url\"> <meta itemprop=\"width\" content=\"636\"\/> <meta itemprop=\"height\" content=\"358\"\/> <img decoding=\"async\" class=\"\" data-attachment-id=\"3043242\" src=\"https:\/\/nuevodiario-assets.s3.us-east-2.amazonaws.com\/wp-content\/uploads\/2026\/03\/Centro-UASD-Puerto-Plata-reconoce-a-12-mujeres-destacadas-en-el-Dia-Internacional-de-la-Mujer-1.jpeg\" data-orig-size=\"1040,585\" data-comments-opened=\"\" data-image-meta=\"{&quot;aperture&quot;:&quot;0&quot;,&quot;credit&quot;:&quot;&quot;,&quot;camera&quot;:&quot;&quot;,&quot;caption&quot;:&quot;&quot;,&quot;created_timestamp&quot;:&quot;0&quot;,&quot;copyright&quot;:&quot;&quot;,&quot;focal_length&quot;:&quot;0&quot;,&quot;iso&quot;:&quot;0&quot;,&quot;shutter_speed&quot;:&quot;0&quot;,&quot;title&quot;:&quot;&quot;,&quot;orientation&quot;:&quot;0&quot;}\" data-image-title=\"Centro UASD Puerto Plata reconoce a 12 mujeres destacadas en el D\u00eda Internacional de la Mujer (1)\" data-image-description=\"\" data-medium-file=\"https:\/\/i0.wp.com\/nuevodiario-assets.s3.us-east-2.amazonaws.com\/wp-content\/uploads\/2026\/03\/Centro-UASD-Puerto-Plata-reconoce-a-12-mujeres-destacadas-en-el-Dia-Internacional-de-la-Mujer-1.jpeg?fit=400%2C225&amp;quality=100&amp;ssl=1\" data-large-file=\"https:\/\/i0.wp.com\/nuevodiario-assets.s3.us-east-2.amazonaws.com\/wp-content\/uploads\/2026\/03\/Centro-UASD-Puerto-Plata-reconoce-a-12-mujeres-destacadas-en-el-Dia-Internacional-de-la-Mujer-1.jpeg?fit=640%2C360&amp;quality=100&amp;ssl=1\" srcset=\"https:\/\/nuevodiario-assets.s3.us-east-2.amazonaws.com\/wp-content\/uploads\/2026\/03\/Centro-UASD-Puerto-Plata-reconoce-a-12-mujeres-destacadas-en-el-Dia-Internacional-de-la-Mujer-1.jpeg 1040w, https:\/\/nuevodiario-assets.s3.us-east-2.amazonaws.com\/wp-content\/uploads\/2026\/03\/Centro-UASD-Puerto-Plata-reconoce-a-12-mujeres-destacadas-en-el-Dia-Internacional-de-la-Mujer-1.jpeg 400w, https:\/\/nuevodiario-assets.s3.us-east-2.amazonaws.com\/wp-content\/uploads\/2026\/03\/Centro-UASD-Puerto-Plata-reconoce-a-12-mujeres-destacadas-en-el-Dia-Internacional-de-la-Mujer-1.jpeg 800w, https:\/\/nuevodiario-assets.s3.us-east-2.amazonaws.com\/wp-content\/uploads\/2026\/03\/Centro-UASD-Puerto-Plata-reconoce-a-12-mujeres-destacadas-en-el-Dia-Internacional-de-la-Mujer-1.jpeg 768w, https:\/\/nuevodiario-assets.s3.us-east-2.amazonaws.com\/wp-content\/uploads\/2026\/03\/Centro-UASD-Puerto-Plata-reconoce-a-12-mujeres-destacadas-en-el-Dia-Internacional-de-la-Mujer-1.jpeg 355w, https:\/\/nuevodiario-assets.s3.us-east-2.amazonaws.com\/wp-content\/uploads\/2026\/03\/Centro-UASD-Puerto-Plata-reconoce-a-12-mujeres-destacadas-en-el-Dia-Internacional-de-la-Mujer-1.jpeg 600w\" width=\"636\" height=\"358\" loading=\"lazy\" data-original-width=\"636\" data-original-height=\"358\" itemprop=\"http:\/\/schema.org\/image\" title=\"Centro UASD Puerto Plata reconoce a 12 mujeres destacadas en el D\u00eda Internacional de la Mujer (1)\" alt=\"Centro UASD Puerto Plata reconoce a 12 mujeres destacadas en el D\u00eda Internacional de la Mujer (1)\" style=\"width: 636px; height: 358px;\"\/> <\/a> <\/div>\n<\/p><\/div>\n<p> <!-- close group --> <\/div>\n<p> <!-- close row --> <\/div>\n<p data-start=\"713\" data-end=\"953\">Durante el acto, realizado en el lobby del auditorio <span class=\"hover:entity-accent entity-underline inline cursor-pointer align-baseline\"><span class=\"whitespace-normal\">Maestro Rafael Solano<\/span><\/span>, la directora del centro destac\u00f3 el papel de la mujer en la transformaci\u00f3n de la sociedad y su contribuci\u00f3n al fortalecimiento de distintos sectores.<\/p>\n<p data-start=\"955\" data-end=\"1543\">En la ceremonia fueron reconocidas las comunicadoras <span class=\"hover:entity-accent entity-underline inline cursor-pointer align-baseline\"><span class=\"whitespace-normal\">Yadira Polanco de Burgos<\/span><\/span>, <span class=\"hover:entity-accent entity-underline inline cursor-pointer align-baseline\"><span class=\"whitespace-normal\">Anny Mariel G\u00f3mez<\/span><\/span> y <span class=\"hover:entity-accent entity-underline inline cursor-pointer align-baseline\"><span class=\"whitespace-normal\">Desire\u00e9 De Le\u00f3n<\/span><\/span>, junto a otras mujeres distinguidas de la provincia: <span class=\"hover:entity-accent entity-underline inline cursor-pointer align-baseline\"><span class=\"whitespace-normal\">Adamilca Rodr\u00edguez<\/span><\/span>, <span class=\"hover:entity-accent entity-underline inline cursor-pointer align-baseline\"><span class=\"whitespace-normal\">Jacinta Mercedes Elzer<\/span><\/span>, <span class=\"hover:entity-accent entity-underline inline cursor-pointer align-baseline\"><span class=\"whitespace-normal\">Yuri Parra Ti\u00f3<\/span><\/span>, <span class=\"hover:entity-accent entity-underline inline cursor-pointer align-baseline\"><span class=\"whitespace-normal\">Carmen Cecilia Santos<\/span><\/span>, <span class=\"hover:entity-accent entity-underline inline cursor-pointer align-baseline\"><span class=\"whitespace-normal\">Gertrudis Grandales P\u00e9rez<\/span><\/span>, <span class=\"hover:entity-accent entity-underline inline cursor-pointer align-baseline\"><span class=\"whitespace-normal\">Carmen Cid<\/span><\/span>, <span class=\"hover:entity-accent entity-underline inline cursor-pointer align-baseline\"><span class=\"whitespace-normal\">Johanna Goede<\/span><\/span>, <span class=\"hover:entity-accent entity-underline inline cursor-pointer align-baseline\"><span class=\"whitespace-normal\">Kenia Pascual<\/span><\/span> y <span class=\"hover:entity-accent entity-underline inline cursor-pointer align-baseline\"><span class=\"whitespace-normal\">Luz Santos<\/span><\/span>.<\/p>\n<p data-start=\"1545\" data-end=\"1769\" data-is-last-node=\"\" data-is-only-node=\"\">El evento cont\u00f3 adem\u00e1s con la presencia del subdirector del Centro UASD Puerto Plata, <span class=\"hover:entity-accent entity-underline inline cursor-pointer align-baseline\"><span class=\"whitespace-normal\">Juanito Rodr\u00edguez<\/span><\/span>, as\u00ed como invitados especiales y miembros del personal administrativo de la instituci\u00f3n acad\u00e9mica.<\/p>\n<\/div>\n","protected":false},"excerpt":{"rendered":"<p>EL NUEVO DIARIO, PUERTO PLATA.- El centro de la Universidad Aut\u00f3noma de Santo Domingo (UASD) en Puerto Plata realiz\u00f3 un acto de reconocimiento a 12 mujeres destacadas de esa provincia, en el marco de la conmemoraci\u00f3n del D\u00eda Internacional de la Mujer. La actividad fue encabezada por la directora del recinto universitario, Carolina Burgos Brisman,<\/p>\n","protected":false},"author":1,"featured_media":26568,"comment_status":"open","ping_status":"open","sticky":false,"template":"","format":"standard","meta":{"footnotes":""},"categories":[1],"tags":[],"class_list":["post-26567","post","type-post","status-publish","format-standard","has-post-thumbnail","hentry","category-nacionales"],"_links":{"self":[{"href":"https:\/\/acronoticias.com\/index.php\/wp-json\/wp\/v2\/posts\/26567","targetHints":{"allow":["GET"]}}],"collection":[{"href":"https:\/\/acronoticias.com\/index.php\/wp-json\/wp\/v2\/posts"}],"about":[{"href":"https:\/\/acronoticias.com\/index.php\/wp-json\/wp\/v2\/types\/post"}],"author":[{"embeddable":true,"href":"https:\/\/acronoticias.com\/index.php\/wp-json\/wp\/v2\/users\/1"}],"replies":[{"embeddable":true,"href":"https:\/\/acronoticias.com\/index.php\/wp-json\/wp\/v2\/comments?post=26567"}],"version-history":[{"count":0,"href":"https:\/\/acronoticias.com\/index.php\/wp-json\/wp\/v2\/posts\/26567\/revisions"}],"wp:featuredmedia":[{"embeddable":true,"href":"https:\/\/acronoticias.com\/index.php\/wp-json\/wp\/v2\/media\/26568"}],"wp:attachment":[{"href":"https:\/\/acronoticias.com\/index.php\/wp-json\/wp\/v2\/media?parent=26567"}],"wp:term":[{"taxonomy":"category","embeddable":true,"href":"https:\/\/acronoticias.com\/index.php\/wp-json\/wp\/v2\/categories?post=26567"},{"taxonomy":"post_tag","embeddable":true,"href":"https:\/\/acronoticias.com\/index.php\/wp-json\/wp\/v2\/tags?post=26567"}],"curies":[{"name":"wp","href":"https:\/\/api.w.org\/{rel}","templated":true}]}}