{"id":26565,"date":"2026-03-10T01:07:37","date_gmt":"2026-03-10T01:07:37","guid":{"rendered":"https:\/\/acronoticias.com\/index.php\/2026\/03\/10\/2025-fue-el-quinto-ano-mas-seco-desde-1901\/"},"modified":"2026-03-10T01:07:37","modified_gmt":"2026-03-10T01:07:37","slug":"2025-fue-el-quinto-ano-mas-seco-desde-1901","status":"publish","type":"post","link":"https:\/\/acronoticias.com\/index.php\/2026\/03\/10\/2025-fue-el-quinto-ano-mas-seco-desde-1901\/","title":{"rendered":"2025 fue el quinto a\u00f1o m\u00e1s seco desde 1901"},"content":{"rendered":"<div id=\"nota-texto\">\n<p>La Habana.- Cuba registr\u00f3 al 2025 como el <strong>quinto a\u00f1o m\u00e1s seco<\/strong> desde 1901, con un total de <strong>1,114 mil\u00edmetros de lluvia<\/strong>, equivalente al <strong>83 % de la media hist\u00f3rica<\/strong>, seg\u00fan un informe del <strong>Instituto Nacional de Recursos Hidr\u00e1ulicos (INRH)<\/strong> divulgado este lunes por medios estatales.<\/p>\n<p>Los <strong>embalses<\/strong> cubanos cerraron el a\u00f1o al <strong>64 % de su capacidad<\/strong>, con <strong>5,868 hect\u00f3metros c\u00fabicos<\/strong> (hm\u00b3) almacenados, lo que represent\u00f3 <strong>228 hm\u00b3 menos<\/strong> que el promedio hist\u00f3rico para ese per\u00edodo. Este d\u00e9ficit refleja el impacto acumulado de la <strong>escasez de lluvias<\/strong> en todo el pa\u00eds.<\/p>\n<p>Por regiones, la occidental recibi\u00f3 solo el <strong>74 % de sus precipitaciones promedio<\/strong>, la central alcanz\u00f3 <strong>82 %<\/strong>, mientras que la oriental fue la m\u00e1s beneficiada con <strong>94 %<\/strong>, impulsada por la influencia del <strong>hurac\u00e1n Melissa<\/strong>, que azot\u00f3 varias provincias a finales de octubre.<\/p>\n<figure class=\"wp-block-image size-full\"><img fetchpriority=\"high\" decoding=\"async\" width=\"680\" height=\"453\" src=\"https:\/\/multimedia.noticiassin.com\/wp-content\/uploads\/2026\/03\/cuba-registra-al-2025-como-el-quinto-ano-mas-seco-desde-1901-20260309-230355-IxGI.png\" alt=\"\" class=\"wp-image-1962675 lazy\" srcset=\"https:\/\/multimedia.noticiassin.com\/wp-content\/uploads\/2026\/03\/cuba-registra-al-2025-como-el-quinto-ano-mas-seco-desde-1901-20260309-230355-IxGI.png 680w, https:\/\/multimedia.noticiassin.com\/wp-content\/uploads\/2026\/03\/cuba-registra-al-2025-como-el-quinto-ano-mas-seco-desde-1901-20260309-230355-IxGI-1200x799.png 1200w\" data-sizes=\"(max-width: 680px) 100vw, 680px\"\/><\/figure>\n<h3 class=\"wp-block-heading\">Acu\u00edferos y afectaci\u00f3n de la poblaci\u00f3n<\/h3>\n<p>El <strong>balance del INRH<\/strong>, citado por la <strong>Agencia Cubana de Noticias (ACN)<\/strong>, indic\u00f3 que <strong>14 de los 101 acu\u00edferos principales<\/strong> se encontraban en estado desfavorable y uno en estado cr\u00edtico.<\/p>\n<p>En septiembre de 2025, m\u00e1s de <strong>3.1 millones de personas<\/strong> aproximadamente <strong>30 % de la poblaci\u00f3n<\/strong> enfrentaban <strong>falta total o parcial de agua<\/strong>, debido a la sequ\u00eda, la <strong>crisis energ\u00e9tica<\/strong>, las <strong>fallas en las bombas<\/strong> y el <strong>deterioro de las redes hidr\u00e1ulicas<\/strong>, explicaron autoridades del sector.<\/p>\n<h3 class=\"wp-block-heading\">Sequ\u00eda meteorol\u00f3gica y regiones m\u00e1s afectadas<\/h3>\n<p>Un an\u00e1lisis del <strong>Instituto de Meteorolog\u00eda<\/strong> report\u00f3 que entre noviembre de 2025 y enero de 2026, el <strong>30 % del territorio cubano<\/strong> present\u00f3 afectaci\u00f3n por <strong>sequ\u00eda meteorol\u00f3gica<\/strong>, de la cual <strong>5 %<\/strong> fue severa a extrema, <strong>8 % moderada<\/strong> y <strong>17 % d\u00e9bil<\/strong>.<\/p>\n<p>Las provincias m\u00e1s afectadas por el <strong>d\u00e9ficit de lluvias<\/strong> fueron las occidentales <strong>Pinar del R\u00edo, Artemisa y La Habana<\/strong>, donde la escasez h\u00eddrica contin\u00faa generando <strong>retos para el suministro de agua<\/strong> y la gesti\u00f3n de los recursos hidr\u00e1ulicos.<\/p>\n<ul class=\"wp-block-list\">\n<li>Este d\u00e9ficit refleja el impacto acumulado de la <strong>escasez de lluvias<\/strong> en todo el pa\u00eds.<\/li>\n<\/ul>\n<\/div>\n","protected":false},"excerpt":{"rendered":"<p>La Habana.- Cuba registr\u00f3 al 2025 como el quinto a\u00f1o m\u00e1s seco desde 1901, con un total de 1,114 mil\u00edmetros de lluvia, equivalente al 83 % de la media hist\u00f3rica, seg\u00fan un informe del Instituto Nacional de Recursos Hidr\u00e1ulicos (INRH) divulgado este lunes por medios estatales. Los embalses cubanos cerraron el a\u00f1o al 64 %<\/p>\n","protected":false},"author":1,"featured_media":26566,"comment_status":"open","ping_status":"open","sticky":false,"template":"","format":"standard","meta":{"footnotes":""},"categories":[3],"tags":[],"class_list":["post-26565","post","type-post","status-publish","format-standard","has-post-thumbnail","hentry","category-internacionales"],"_links":{"self":[{"href":"https:\/\/acronoticias.com\/index.php\/wp-json\/wp\/v2\/posts\/26565","targetHints":{"allow":["GET"]}}],"collection":[{"href":"https:\/\/acronoticias.com\/index.php\/wp-json\/wp\/v2\/posts"}],"about":[{"href":"https:\/\/acronoticias.com\/index.php\/wp-json\/wp\/v2\/types\/post"}],"author":[{"embeddable":true,"href":"https:\/\/acronoticias.com\/index.php\/wp-json\/wp\/v2\/users\/1"}],"replies":[{"embeddable":true,"href":"https:\/\/acronoticias.com\/index.php\/wp-json\/wp\/v2\/comments?post=26565"}],"version-history":[{"count":0,"href":"https:\/\/acronoticias.com\/index.php\/wp-json\/wp\/v2\/posts\/26565\/revisions"}],"wp:featuredmedia":[{"embeddable":true,"href":"https:\/\/acronoticias.com\/index.php\/wp-json\/wp\/v2\/media\/26566"}],"wp:attachment":[{"href":"https:\/\/acronoticias.com\/index.php\/wp-json\/wp\/v2\/media?parent=26565"}],"wp:term":[{"taxonomy":"category","embeddable":true,"href":"https:\/\/acronoticias.com\/index.php\/wp-json\/wp\/v2\/categories?post=26565"},{"taxonomy":"post_tag","embeddable":true,"href":"https:\/\/acronoticias.com\/index.php\/wp-json\/wp\/v2\/tags?post=26565"}],"curies":[{"name":"wp","href":"https:\/\/api.w.org\/{rel}","templated":true}]}}