{"id":26563,"date":"2026-03-10T00:58:37","date_gmt":"2026-03-10T00:58:37","guid":{"rendered":"https:\/\/acronoticias.com\/index.php\/2026\/03\/10\/cabildos-de-puerto-plata-retiran-vehiculos-y-obstaculos-de-espacios-publicos-el-nuevo-diario-republica-dominicana\/"},"modified":"2026-03-10T00:58:37","modified_gmt":"2026-03-10T00:58:37","slug":"cabildos-de-puerto-plata-retiran-vehiculos-y-obstaculos-de-espacios-publicos-el-nuevo-diario-republica-dominicana","status":"publish","type":"post","link":"https:\/\/acronoticias.com\/index.php\/2026\/03\/10\/cabildos-de-puerto-plata-retiran-vehiculos-y-obstaculos-de-espacios-publicos-el-nuevo-diario-republica-dominicana\/","title":{"rendered":"Cabildos de Puerto Plata retiran veh\u00edculos y obst\u00e1culos de espacios p\u00fablicos \u2013 El Nuevo Diario (Rep\u00fablica Dominicana)"},"content":{"rendered":"<p><i class=\"bi bi-camera-fill\" style=\"font-size:18px; color:var(--rojo)\"\/> Retiran veh\u00edculos de las calles en Puerto Plata. (Fuente externa)<\/p>\n<div>\n<div id=\"gemini-summary-wrapper\" class=\"mb-3\">\n                <button id=\"btn-get-summary\" class=\"gemini-btn\" data-post-id=\"3043207\" data-post-title=\"Cabildos de Puerto Plata retiran veh\u00edculos y obst\u00e1culos de espacios p\u00fablicos\"><br \/>\n                    Leer resumen <b class=\"d-none d-md-inline\">de la noticia<\/b> (IA) <span>CLICK AQU\u00cd<\/span><br \/>\n                <\/button><\/p>\n<div id=\"gemini-loading\" class=\"mb-3\">\n<p>                    <span>Analizando noticia&#8230; por favor espera.<\/span>\n                <\/div>\n<\/p><\/div>\n<p>EL NUEVO DIARIO, PUERTO PLATA.- Los cabildos municipales de San Felipe y Villa Montellano en Puerto Plata realizaron varios operativos para retirar veh\u00edculos y obst\u00e1culos en espacios p\u00fablicos.<\/p>\n<p>Desde la semana pasada, brigadas del Ayuntamiento de esta ciudad atl\u00e1ntica vienen ejecutando operativos de retiro de veh\u00edculos s que ocupaban indebidamente espacios en las v\u00edas p\u00fablicas.<\/p>\n<p>Esas jornadas se efect\u00faan tras notificaciones previas realizadas en diferentes sectores por el departamento de Tr\u00e1nsito y la Polic\u00eda Municipal cumpliendo instrucciones directas del alcalde municipal puertoplate\u00f1o Di\u00f3medes Roque Garc\u00eda (Roquelito).<\/p>\n<div class=\"tiled-gallery type-rectangular tiled-gallery-unresized\" data-original-width=\"640\" data-carousel-extra=\"null\" itemscope=\"\" itemtype=\"http:\/\/schema.org\/ImageGallery\">\n<div class=\"gallery-row\" style=\"width: 640px; height: 481px;\" data-original-width=\"640\" data-original-height=\"481\">\n<div class=\"gallery-group images-1\" style=\"width: 640px; height: 481px;\" data-original-width=\"640\" data-original-height=\"481\">\n<div class=\"tiled-gallery-item tiled-gallery-item-large\" itemprop=\"associatedMedia\" itemscope=\"\" itemtype=\"http:\/\/schema.org\/ImageObject\"> <a href=\"https:\/\/elnuevodiario.com.do\/cabildos-de-puerto-plata-retiran-vehiculos-y-obstaculos-de-espacios-publicos\/cabildos-de-puerto-plata-retiran-vehiculos-y-obstaculos-de-espacios-publicos-1\/\" border=\"0\" itemprop=\"url\"> <meta itemprop=\"width\" content=\"636\"\/> <meta itemprop=\"height\" content=\"477\"\/> <img decoding=\"async\" class=\"\" data-attachment-id=\"3043222\" src=\"https:\/\/nuevodiario-assets.s3.us-east-2.amazonaws.com\/wp-content\/uploads\/2026\/03\/Cabildos-de-Puerto-Plata-retiran-vehiculos-y-obstaculos-de-espacios-publicos-1.jpeg\" data-orig-size=\"1600,1200\" data-comments-opened=\"\" data-image-meta=\"{&quot;aperture&quot;:&quot;0&quot;,&quot;credit&quot;:&quot;&quot;,&quot;camera&quot;:&quot;&quot;,&quot;caption&quot;:&quot;&quot;,&quot;created_timestamp&quot;:&quot;0&quot;,&quot;copyright&quot;:&quot;&quot;,&quot;focal_length&quot;:&quot;0&quot;,&quot;iso&quot;:&quot;0&quot;,&quot;shutter_speed&quot;:&quot;0&quot;,&quot;title&quot;:&quot;&quot;,&quot;orientation&quot;:&quot;0&quot;}\" data-image-title=\"Cabildos de Puerto Plata retiran veh\u00edculos y obst\u00e1culos de espacios p\u00fablicos (1)\" data-image-description=\"\" data-medium-file=\"https:\/\/i0.wp.com\/nuevodiario-assets.s3.us-east-2.amazonaws.com\/wp-content\/uploads\/2026\/03\/Cabildos-de-Puerto-Plata-retiran-vehiculos-y-obstaculos-de-espacios-publicos-1.jpeg?fit=400%2C300&amp;quality=100&amp;ssl=1\" data-large-file=\"https:\/\/i0.wp.com\/nuevodiario-assets.s3.us-east-2.amazonaws.com\/wp-content\/uploads\/2026\/03\/Cabildos-de-Puerto-Plata-retiran-vehiculos-y-obstaculos-de-espacios-publicos-1.jpeg?fit=640%2C480&amp;quality=100&amp;ssl=1\" srcset=\"https:\/\/nuevodiario-assets.s3.us-east-2.amazonaws.com\/wp-content\/uploads\/2026\/03\/Cabildos-de-Puerto-Plata-retiran-vehiculos-y-obstaculos-de-espacios-publicos-1.jpeg 1600w, https:\/\/nuevodiario-assets.s3.us-east-2.amazonaws.com\/wp-content\/uploads\/2026\/03\/Cabildos-de-Puerto-Plata-retiran-vehiculos-y-obstaculos-de-espacios-publicos-1.jpeg 400w, https:\/\/nuevodiario-assets.s3.us-east-2.amazonaws.com\/wp-content\/uploads\/2026\/03\/Cabildos-de-Puerto-Plata-retiran-vehiculos-y-obstaculos-de-espacios-publicos-1.jpeg 800w, https:\/\/nuevodiario-assets.s3.us-east-2.amazonaws.com\/wp-content\/uploads\/2026\/03\/Cabildos-de-Puerto-Plata-retiran-vehiculos-y-obstaculos-de-espacios-publicos-1.jpeg 768w, https:\/\/nuevodiario-assets.s3.us-east-2.amazonaws.com\/wp-content\/uploads\/2026\/03\/Cabildos-de-Puerto-Plata-retiran-vehiculos-y-obstaculos-de-espacios-publicos-1.jpeg 1536w, https:\/\/nuevodiario-assets.s3.us-east-2.amazonaws.com\/wp-content\/uploads\/2026\/03\/Cabildos-de-Puerto-Plata-retiran-vehiculos-y-obstaculos-de-espacios-publicos-1.jpeg 600w, https:\/\/nuevodiario-assets.s3.us-east-2.amazonaws.com\/wp-content\/uploads\/2026\/03\/Cabildos-de-Puerto-Plata-retiran-vehiculos-y-obstaculos-de-espacios-publicos-1.jpeg 1280w\" width=\"636\" height=\"477\" loading=\"lazy\" data-original-width=\"636\" data-original-height=\"477\" itemprop=\"http:\/\/schema.org\/image\" title=\"Cabildos de Puerto Plata retiran veh\u00edculos y obst\u00e1culos de espacios p\u00fablicos (1)\" alt=\"Cabildos de Puerto Plata retiran veh\u00edculos y obst\u00e1culos de espacios p\u00fablicos (1)\" style=\"width: 636px; height: 477px;\"\/> <\/a> <\/div>\n<\/p><\/div>\n<p> <!-- close group --> <\/div>\n<p> <!-- close row --> <\/div>\n<p>Los inspectores municipales, utilizando un cami\u00f3n gr\u00faa del Cabildo procedieron a retirar varios veh\u00edculos que se encontraban mal estacionados ocupando el espacio p\u00fablico en la calle 3 del sector Los Rieles de San Marcos.<\/p>\n<p>Asimismo, se les ha dado un ultim\u00e1tum a los propietarios de talleres de mec\u00e1nica y negocios para que retiren veh\u00edculos, motocicletas, mercanc\u00edas y otros obst\u00e1culos que suelen ser colocados de forma indebida en la v\u00eda p\u00fablica.<\/p>\n<p>De igual manera, las autoridades municipales de Villa Montellano que encabeza el alcalde H\u00e9ctor Almonte Santana, iniciaron la primera fase de los operativos de organizaci\u00f3n y viabilizacion del tr\u00e1nsito en las calles de esa demarcaci\u00f3n.<\/p>\n<div class=\"tiled-gallery type-rectangular tiled-gallery-unresized\" data-original-width=\"640\" data-carousel-extra=\"null\" itemscope=\"\" itemtype=\"http:\/\/schema.org\/ImageGallery\">\n<div class=\"gallery-row\" style=\"width: 640px; height: 362px;\" data-original-width=\"640\" data-original-height=\"362\">\n<div class=\"gallery-group images-1\" style=\"width: 640px; height: 362px;\" data-original-width=\"640\" data-original-height=\"362\">\n<div class=\"tiled-gallery-item tiled-gallery-item-large\" itemprop=\"associatedMedia\" itemscope=\"\" itemtype=\"http:\/\/schema.org\/ImageObject\"> <a href=\"https:\/\/elnuevodiario.com.do\/cabildos-de-puerto-plata-retiran-vehiculos-y-obstaculos-de-espacios-publicos\/cabildos-de-puerto-plata-retiran-vehiculos-y-obstaculos-de-espacios-publicos-3\/\" border=\"0\" itemprop=\"url\"> <meta itemprop=\"width\" content=\"636\"\/> <meta itemprop=\"height\" content=\"358\"\/> <img decoding=\"async\" class=\"\" data-attachment-id=\"3043224\" src=\"https:\/\/nuevodiario-assets.s3.us-east-2.amazonaws.com\/wp-content\/uploads\/2026\/03\/Cabildos-de-Puerto-Plata-retiran-vehiculos-y-obstaculos-de-espacios-publicos-3.jpeg\" data-orig-size=\"1600,900\" data-comments-opened=\"\" data-image-meta=\"{&quot;aperture&quot;:&quot;0&quot;,&quot;credit&quot;:&quot;&quot;,&quot;camera&quot;:&quot;&quot;,&quot;caption&quot;:&quot;&quot;,&quot;created_timestamp&quot;:&quot;0&quot;,&quot;copyright&quot;:&quot;&quot;,&quot;focal_length&quot;:&quot;0&quot;,&quot;iso&quot;:&quot;0&quot;,&quot;shutter_speed&quot;:&quot;0&quot;,&quot;title&quot;:&quot;&quot;,&quot;orientation&quot;:&quot;0&quot;}\" data-image-title=\"Cabildos de Puerto Plata retiran veh\u00edculos y obst\u00e1culos de espacios p\u00fablicos (3)\" data-image-description=\"\" data-medium-file=\"https:\/\/i0.wp.com\/nuevodiario-assets.s3.us-east-2.amazonaws.com\/wp-content\/uploads\/2026\/03\/Cabildos-de-Puerto-Plata-retiran-vehiculos-y-obstaculos-de-espacios-publicos-3.jpeg?fit=400%2C225&amp;quality=100&amp;ssl=1\" data-large-file=\"https:\/\/i0.wp.com\/nuevodiario-assets.s3.us-east-2.amazonaws.com\/wp-content\/uploads\/2026\/03\/Cabildos-de-Puerto-Plata-retiran-vehiculos-y-obstaculos-de-espacios-publicos-3.jpeg?fit=640%2C360&amp;quality=100&amp;ssl=1\" srcset=\"https:\/\/nuevodiario-assets.s3.us-east-2.amazonaws.com\/wp-content\/uploads\/2026\/03\/Cabildos-de-Puerto-Plata-retiran-vehiculos-y-obstaculos-de-espacios-publicos-3.jpeg 1600w, https:\/\/nuevodiario-assets.s3.us-east-2.amazonaws.com\/wp-content\/uploads\/2026\/03\/Cabildos-de-Puerto-Plata-retiran-vehiculos-y-obstaculos-de-espacios-publicos-3.jpeg 400w, https:\/\/nuevodiario-assets.s3.us-east-2.amazonaws.com\/wp-content\/uploads\/2026\/03\/Cabildos-de-Puerto-Plata-retiran-vehiculos-y-obstaculos-de-espacios-publicos-3.jpeg 800w, https:\/\/nuevodiario-assets.s3.us-east-2.amazonaws.com\/wp-content\/uploads\/2026\/03\/Cabildos-de-Puerto-Plata-retiran-vehiculos-y-obstaculos-de-espacios-publicos-3.jpeg 768w, https:\/\/nuevodiario-assets.s3.us-east-2.amazonaws.com\/wp-content\/uploads\/2026\/03\/Cabildos-de-Puerto-Plata-retiran-vehiculos-y-obstaculos-de-espacios-publicos-3.jpeg 1536w, https:\/\/nuevodiario-assets.s3.us-east-2.amazonaws.com\/wp-content\/uploads\/2026\/03\/Cabildos-de-Puerto-Plata-retiran-vehiculos-y-obstaculos-de-espacios-publicos-3.jpeg 355w, https:\/\/nuevodiario-assets.s3.us-east-2.amazonaws.com\/wp-content\/uploads\/2026\/03\/Cabildos-de-Puerto-Plata-retiran-vehiculos-y-obstaculos-de-espacios-publicos-3.jpeg 600w, https:\/\/nuevodiario-assets.s3.us-east-2.amazonaws.com\/wp-content\/uploads\/2026\/03\/Cabildos-de-Puerto-Plata-retiran-vehiculos-y-obstaculos-de-espacios-publicos-3.jpeg 1280w\" width=\"636\" height=\"358\" loading=\"lazy\" data-original-width=\"636\" data-original-height=\"358\" itemprop=\"http:\/\/schema.org\/image\" title=\"Cabildos de Puerto Plata retiran veh\u00edculos y obst\u00e1culos de espacios p\u00fablicos (3)\" alt=\"Cabildos de Puerto Plata retiran veh\u00edculos y obst\u00e1culos de espacios p\u00fablicos (3)\" style=\"width: 636px; height: 358px;\"\/> <\/a> <\/div>\n<\/p><\/div>\n<p> <!-- close group --> <\/div>\n<p> <!-- close row --> <\/div>\n<p>Ante esta situaci\u00f3n, se ha iniciado el retiro de los veh\u00edculos y cualquier objeto que obstruya las v\u00edas p\u00fablicas o que se encuentre ocupando de manera indebida los espacios destinados al libre tr\u00e1nsito para tener un pueblo m\u00e1s organizado, seguro y transitable.<\/p>\n<p>Se inform\u00f3 que estos operativos continuar\u00e1n realiz\u00e1ndose en el casco urbano y los distintos sectores perif\u00e9ricos de ambos municipios, a fin de mantener los espacios p\u00fablicos libres y garantizar la seguridad y el libre tr\u00e1nsito de los peatones.<\/p>\n<p><h3 class=\"jp-relatedposts-headline\"><em>Relacionado<\/em><\/h3>\n<\/p>\n<p>\t\t\t\t\t\t<!-- .entry-footer --><br \/>\n\t\t\t\t\t\t<!-- \n\n<div data-type=\"_mgwidget\" data-widget-id=\"1743501\"><\/div>\n\n  -->\n\t\t\t\t\t<\/div>\n","protected":false},"excerpt":{"rendered":"<p>Retiran veh\u00edculos de las calles en Puerto Plata. (Fuente externa) Leer resumen de la noticia (IA) CLICK AQU\u00cd Analizando noticia&#8230; por favor espera. EL NUEVO DIARIO, PUERTO PLATA.- Los cabildos municipales de San Felipe y Villa Montellano en Puerto Plata realizaron varios operativos para retirar veh\u00edculos y obst\u00e1culos en espacios p\u00fablicos. Desde la semana pasada,<\/p>\n","protected":false},"author":1,"featured_media":26564,"comment_status":"open","ping_status":"open","sticky":false,"template":"","format":"standard","meta":{"footnotes":""},"categories":[1],"tags":[],"class_list":["post-26563","post","type-post","status-publish","format-standard","has-post-thumbnail","hentry","category-nacionales"],"_links":{"self":[{"href":"https:\/\/acronoticias.com\/index.php\/wp-json\/wp\/v2\/posts\/26563","targetHints":{"allow":["GET"]}}],"collection":[{"href":"https:\/\/acronoticias.com\/index.php\/wp-json\/wp\/v2\/posts"}],"about":[{"href":"https:\/\/acronoticias.com\/index.php\/wp-json\/wp\/v2\/types\/post"}],"author":[{"embeddable":true,"href":"https:\/\/acronoticias.com\/index.php\/wp-json\/wp\/v2\/users\/1"}],"replies":[{"embeddable":true,"href":"https:\/\/acronoticias.com\/index.php\/wp-json\/wp\/v2\/comments?post=26563"}],"version-history":[{"count":0,"href":"https:\/\/acronoticias.com\/index.php\/wp-json\/wp\/v2\/posts\/26563\/revisions"}],"wp:featuredmedia":[{"embeddable":true,"href":"https:\/\/acronoticias.com\/index.php\/wp-json\/wp\/v2\/media\/26564"}],"wp:attachment":[{"href":"https:\/\/acronoticias.com\/index.php\/wp-json\/wp\/v2\/media?parent=26563"}],"wp:term":[{"taxonomy":"category","embeddable":true,"href":"https:\/\/acronoticias.com\/index.php\/wp-json\/wp\/v2\/categories?post=26563"},{"taxonomy":"post_tag","embeddable":true,"href":"https:\/\/acronoticias.com\/index.php\/wp-json\/wp\/v2\/tags?post=26563"}],"curies":[{"name":"wp","href":"https:\/\/api.w.org\/{rel}","templated":true}]}}