{"id":26561,"date":"2026-03-10T00:42:41","date_gmt":"2026-03-10T00:42:41","guid":{"rendered":"https:\/\/acronoticias.com\/index.php\/2026\/03\/10\/diputado-juan-bolivar-cuevas-reconoce-a-mujeres-destacadas-en-bahoruco-el-nuevo-diario-republica-dominicana\/"},"modified":"2026-03-10T00:42:41","modified_gmt":"2026-03-10T00:42:41","slug":"diputado-juan-bolivar-cuevas-reconoce-a-mujeres-destacadas-en-bahoruco-el-nuevo-diario-republica-dominicana","status":"publish","type":"post","link":"https:\/\/acronoticias.com\/index.php\/2026\/03\/10\/diputado-juan-bolivar-cuevas-reconoce-a-mujeres-destacadas-en-bahoruco-el-nuevo-diario-republica-dominicana\/","title":{"rendered":"Diputado Juan Bol\u00edvar Cuevas reconoce a mujeres destacadas en Bahoruco \u2013 El Nuevo Diario (Rep\u00fablica Dominicana)"},"content":{"rendered":"<p><i class=\"bi bi-camera-fill\" style=\"font-size:18px; color:var(--rojo)\"\/> Entrega de reconocimiento. (Foto: Ram\u00f3n Antonio Medina)<\/p>\n<div>\n<div id=\"gemini-summary-wrapper\" class=\"mb-3\">\n                <button id=\"btn-get-summary\" class=\"gemini-btn\" data-post-id=\"3043191\" data-post-title=\"Diputado Juan Bol\u00edvar Cuevas reconoce a mujeres destacadas en Bahoruco\"><br \/>\n                    Leer resumen <b class=\"d-none d-md-inline\">de la noticia<\/b> (IA) <span>CLICK AQU\u00cd<\/span><br \/>\n                <\/button><\/p>\n<div id=\"gemini-loading\" class=\"mb-3\">\n<p>                    <span>Analizando noticia&#8230; por favor espera.<\/span>\n                <\/div>\n<\/p><\/div>\n<p>\u00a0<\/p>\n<p>EL NUEVO DIARIO, NEIBA, BAHORUCO. \u2013 El diputado por la provincia Bahoruco, Juan Bol\u00edvar Cuevas Davis, celebr\u00f3 este domingo la tercera edici\u00f3n del evento \u201cMujeres que Sue\u00f1an Prof. Mar\u00eda Davis\u201d, un espacio dedicado a reconocer a mujeres ejemplares de la provincia que, con esfuerzo, liderazgo y compromiso, trabajan cada d\u00eda por el bienestar de sus comunidades.<\/p>\n<p>La actividad se realiza en el marco de la conmemoraci\u00f3n del D\u00eda Internacional de la Mujer, fecha que el legislador aprovech\u00f3 para resaltar el aporte y sacrificio de las mujeres en el desarrollo de la sociedad.<\/p>\n<p>Durante las palabras centrales del acto, Cuevas Davis explic\u00f3 que el evento inici\u00f3 en 2023, cuando aspiraba a convertirse en diputado por la provincia Bahoruco, y que ahora, desde su posici\u00f3n en la C\u00e1mara de Diputados, reafirma su compromiso de seguir destacando el trabajo y la entrega de las mujeres de esta demarcaci\u00f3n.<\/p>\n<p>Asimismo, enfatiz\u00f3 que su compromiso con las mujeres de Bahoruco no responde \u00fanicamente a intereses pol\u00edticos, sino a valores de formaci\u00f3n familiar que lo motivan a respaldar su desarrollo y liderazgo.<\/p>\n<p>En el marco de la actividad fueron reconocidas mujeres destacadas en diferentes \u00e1mbitos, entre ellas maestras ic\u00f3nicas que, con su labor, transformaron la educaci\u00f3n en el municipio de Neiba, dejando un legado en la formaci\u00f3n de ciudadanos.<\/p>\n<p><img loading=\"lazy\" data-recalc-dims=\"1\" data-dominant-color=\"998b84\" data-has-transparency=\"false\" style=\"--dominant-color: #998b84;\" decoding=\"async\" class=\"alignnone size-full wp-image-3043195 not-transparent\" src=\"https:\/\/i0.wp.com\/nuevodiario-assets.s3.us-east-2.amazonaws.com\/wp-content\/uploads\/2026\/03\/WhatsApp-Image-2026-03-09-at-8.31.58-PM.jpeg?resize=640%2C427&amp;quality=100&amp;ssl=1\" alt=\"\" width=\"640\" height=\"427\" srcset=\"https:\/\/nuevodiario-assets.s3.us-east-2.amazonaws.com\/wp-content\/uploads\/2026\/03\/WhatsApp-Image-2026-03-09-at-8.31.58-PM.jpeg 1280w, https:\/\/nuevodiario-assets.s3.us-east-2.amazonaws.com\/wp-content\/uploads\/2026\/03\/WhatsApp-Image-2026-03-09-at-8.31.58-PM.jpeg 400w, https:\/\/nuevodiario-assets.s3.us-east-2.amazonaws.com\/wp-content\/uploads\/2026\/03\/WhatsApp-Image-2026-03-09-at-8.31.58-PM.jpeg 800w, https:\/\/nuevodiario-assets.s3.us-east-2.amazonaws.com\/wp-content\/uploads\/2026\/03\/WhatsApp-Image-2026-03-09-at-8.31.58-PM.jpeg 768w, https:\/\/nuevodiario-assets.s3.us-east-2.amazonaws.com\/wp-content\/uploads\/2026\/03\/WhatsApp-Image-2026-03-09-at-8.31.58-PM.jpeg 600w\" sizes=\"auto, (max-width: 640px) 100vw, 640px\"\/><\/p>\n<p>Entre las homenajeadas por su trayectoria figuran Gloria Vargas, Mar\u00eda Cuevas y Evangelista Pe\u00f1a P\u00e9rez, esta \u00faltima resaltada como ejemplo de trabajo, sacrificio y dignidad. Durante toda su vida ha trabajado con esfuerzo y honradez para sacar adelante a sus hijos, enfrentando cada reto con valent\u00eda y amor.<\/p>\n<p>\u201cLa historia de cada una de estas mujeres nos recuerda que las mujeres fuertes no solo construyen familias, tambi\u00e9n construyen comunidades llenas de valores. A pesar de los a\u00f1os y de todo lo que han vivido, mantienen un coraz\u00f3n lleno de alegr\u00eda y una sonrisa que refleja la fortaleza de verdaderas guerreras\u201d, expres\u00f3.<\/p>\n<p>Cuevas Davis asegur\u00f3 que cada 8 de marzo renueva su compromiso de seguir trabajando por una sociedad donde las mujeres tengan las mismas oportunidades y donde su voz, talento y liderazgo contin\u00faen transformando sus comunidades y la naci\u00f3n.<\/p>\n<p>\u201cEste d\u00eda no solo es una fecha para recordar los logros alcanzados por ustedes, sino tambi\u00e9n para reflexionar sobre los desaf\u00edos que a\u00fan enfrentan muchas mujeres en \u00e1reas como la igualdad laboral, la participaci\u00f3n pol\u00edtica y la erradicaci\u00f3n de la violencia de g\u00e9nero, un problema que sigue retando a nuestra sociedad\u201d, concluy\u00f3.<\/p>\n<p>En la actividad, celebrada en la Casa de la Cultura de Neiba, el diputado Juan Bol\u00edvar Cuevas estuvo acompa\u00f1ado de mujeres destacadas de la vida pol\u00edtica y social de la provincia Bahoruco, entre ellas la exsenadora Melania Salvador, Victoria Duval, Virginia Encarnaci\u00f3n y Yumeris Feliz Brito, entre otras.<\/p>\n<p><h3 class=\"jp-relatedposts-headline\"><em>Relacionado<\/em><\/h3>\n<\/p>\n<p>\t\t\t\t\t\t<!-- .entry-footer --><br \/>\n\t\t\t\t\t\t<!-- \n\n<div data-type=\"_mgwidget\" data-widget-id=\"1743501\"><\/div>\n\n  -->\n\t\t\t\t\t<\/div>\n","protected":false},"excerpt":{"rendered":"<p>Entrega de reconocimiento. (Foto: Ram\u00f3n Antonio Medina) Leer resumen de la noticia (IA) CLICK AQU\u00cd Analizando noticia&#8230; por favor espera. \u00a0 EL NUEVO DIARIO, NEIBA, BAHORUCO. \u2013 El diputado por la provincia Bahoruco, Juan Bol\u00edvar Cuevas Davis, celebr\u00f3 este domingo la tercera edici\u00f3n del evento \u201cMujeres que Sue\u00f1an Prof. Mar\u00eda Davis\u201d, un espacio dedicado a<\/p>\n","protected":false},"author":1,"featured_media":26562,"comment_status":"open","ping_status":"open","sticky":false,"template":"","format":"standard","meta":{"footnotes":""},"categories":[1],"tags":[],"class_list":["post-26561","post","type-post","status-publish","format-standard","has-post-thumbnail","hentry","category-nacionales"],"_links":{"self":[{"href":"https:\/\/acronoticias.com\/index.php\/wp-json\/wp\/v2\/posts\/26561","targetHints":{"allow":["GET"]}}],"collection":[{"href":"https:\/\/acronoticias.com\/index.php\/wp-json\/wp\/v2\/posts"}],"about":[{"href":"https:\/\/acronoticias.com\/index.php\/wp-json\/wp\/v2\/types\/post"}],"author":[{"embeddable":true,"href":"https:\/\/acronoticias.com\/index.php\/wp-json\/wp\/v2\/users\/1"}],"replies":[{"embeddable":true,"href":"https:\/\/acronoticias.com\/index.php\/wp-json\/wp\/v2\/comments?post=26561"}],"version-history":[{"count":0,"href":"https:\/\/acronoticias.com\/index.php\/wp-json\/wp\/v2\/posts\/26561\/revisions"}],"wp:featuredmedia":[{"embeddable":true,"href":"https:\/\/acronoticias.com\/index.php\/wp-json\/wp\/v2\/media\/26562"}],"wp:attachment":[{"href":"https:\/\/acronoticias.com\/index.php\/wp-json\/wp\/v2\/media?parent=26561"}],"wp:term":[{"taxonomy":"category","embeddable":true,"href":"https:\/\/acronoticias.com\/index.php\/wp-json\/wp\/v2\/categories?post=26561"},{"taxonomy":"post_tag","embeddable":true,"href":"https:\/\/acronoticias.com\/index.php\/wp-json\/wp\/v2\/tags?post=26561"}],"curies":[{"name":"wp","href":"https:\/\/api.w.org\/{rel}","templated":true}]}}