{"id":26553,"date":"2026-03-10T00:06:37","date_gmt":"2026-03-10T00:06:37","guid":{"rendered":"https:\/\/acronoticias.com\/index.php\/2026\/03\/10\/avion-militar-llega-a-espana-con-251-evacuados-de-oriente\/"},"modified":"2026-03-10T00:06:37","modified_gmt":"2026-03-10T00:06:37","slug":"avion-militar-llega-a-espana-con-251-evacuados-de-oriente","status":"publish","type":"post","link":"https:\/\/acronoticias.com\/index.php\/2026\/03\/10\/avion-militar-llega-a-espana-con-251-evacuados-de-oriente\/","title":{"rendered":"Avi\u00f3n militar llega a Espa\u00f1a con 251 evacuados de Oriente"},"content":{"rendered":"<div id=\"nota-texto\">\n<p>Madrid.- Un nuevo <strong>avi\u00f3n<\/strong> del <strong>Ej\u00e9rcito del Aire de Espa\u00f1a<\/strong> aterriz\u00f3 este lunes por la noche en el <strong>aeropuerto de Torrej\u00f3n de Ardoz<\/strong> (Madrid) con <strong>251 espa\u00f1oles evacuados<\/strong> desde Oriente Medio, seg\u00fan constat\u00f3 EFE en el portal <strong>FlightRadar<\/strong>, que registra vuelos a nivel mundial.<\/p>\n<p>La aeronave lleg\u00f3 al <strong>aer\u00f3dromo militar<\/strong> a las 23:50 hora local (22:50 GMT), tras salir ocho horas antes del <strong>aeropuerto de Mascata<\/strong>, en <strong>Om\u00e1n<\/strong>, de acuerdo con la web de rastreo de vuelos. El vuelo se realiz\u00f3 bajo estrictas medidas de seguridad y coordinaci\u00f3n con las autoridades locales y el <strong>Ministerio de Defensa espa\u00f1ol<\/strong>.<\/p>\n<p>Se trata de la <strong>tercera evacuaci\u00f3n<\/strong> de ciudadanos espa\u00f1oles desde Oriente Medio organizada por las <strong>Fuerzas Armadas de Espa\u00f1a<\/strong>, tras el inicio de la crisis derivada del ataque de Estados Unidos e Israel a <strong>Ir\u00e1n<\/strong> y las represalias posteriores.<\/p>\n<figure class=\"wp-block-image size-full\"><img fetchpriority=\"high\" decoding=\"async\" width=\"1920\" height=\"1080\" src=\"https:\/\/multimedia.noticiassin.com\/wp-content\/uploads\/2026\/03\/llega-a-espana-un-nuevo-avion-militar-con-251-evacuados-de-oriente-medio-20260309-232053-ceVR.png\" alt=\"\" class=\"wp-image-1962691 lazy\" srcset=\"https:\/\/multimedia.noticiassin.com\/wp-content\/uploads\/2026\/03\/llega-a-espana-un-nuevo-avion-militar-con-251-evacuados-de-oriente-medio-20260309-232053-ceVR.png 1920w, https:\/\/multimedia.noticiassin.com\/wp-content\/uploads\/2026\/03\/llega-a-espana-un-nuevo-avion-militar-con-251-evacuados-de-oriente-medio-20260309-232053-ceVR-768x432.png 768w, https:\/\/multimedia.noticiassin.com\/wp-content\/uploads\/2026\/03\/llega-a-espana-un-nuevo-avion-militar-con-251-evacuados-de-oriente-medio-20260309-232053-ceVR-1536x864.png 1536w, https:\/\/multimedia.noticiassin.com\/wp-content\/uploads\/2026\/03\/llega-a-espana-un-nuevo-avion-militar-con-251-evacuados-de-oriente-medio-20260309-232053-ceVR-288x162.png 288w, https:\/\/multimedia.noticiassin.com\/wp-content\/uploads\/2026\/03\/llega-a-espana-un-nuevo-avion-militar-con-251-evacuados-de-oriente-medio-20260309-232053-ceVR-588x330.png 588w, https:\/\/multimedia.noticiassin.com\/wp-content\/uploads\/2026\/03\/llega-a-espana-un-nuevo-avion-militar-con-251-evacuados-de-oriente-medio-20260309-232053-ceVR-608x342.png 608w, https:\/\/multimedia.noticiassin.com\/wp-content\/uploads\/2026\/03\/llega-a-espana-un-nuevo-avion-militar-con-251-evacuados-de-oriente-medio-20260309-232053-ceVR-742x418.png 742w, https:\/\/multimedia.noticiassin.com\/wp-content\/uploads\/2026\/03\/llega-a-espana-un-nuevo-avion-militar-con-251-evacuados-de-oriente-medio-20260309-232053-ceVR-150x85.png 150w, https:\/\/multimedia.noticiassin.com\/wp-content\/uploads\/2026\/03\/llega-a-espana-un-nuevo-avion-militar-con-251-evacuados-de-oriente-medio-20260309-232053-ceVR-1200x675.png 1200w\" data-sizes=\"(max-width: 1920px) 100vw, 1920px\"\/><\/figure>\n<h3 class=\"wp-block-heading\">Repatriaci\u00f3n de turistas atrapados en Dubai<\/h3>\n<p>Entre los repatriados se encuentra un grupo de <strong>30 turistas<\/strong> de <strong>C\u00f3rdoba, M\u00e1laga y Sevilla<\/strong>, que permanec\u00eda atrapado desde el 1 de marzo en un hotel del centro de <strong>Dubai (Emiratos \u00c1rabes Unidos)<\/strong>, tras el cierre del espacio a\u00e9reo.<\/p>\n<p>Este grupo solicit\u00f3 varios d\u00edas antes un <strong>vuelo de repatriaci\u00f3n<\/strong> organizado por el <strong>Gobierno<\/strong>, debido a las dificultades de regresar en vuelos comerciales regulares.<\/p>\n<p>El viaje comenz\u00f3 el <strong>22 de febrero en M\u00e1laga<\/strong>, con dos noches en <strong>Abu Dabi<\/strong> y cinco en <strong>Dubai<\/strong>, incluyendo 21 personas de <strong>Montilla (C\u00f3rdoba)<\/strong>, seis de la capital cordobesa, dos de <strong>M\u00e1laga<\/strong> y una de <strong>Sevilla<\/strong>.<\/p>\n<ul class=\"wp-block-list\">\n<li> Durante el trayecto, se brind\u00f3 atenci\u00f3n especial a menores, adultos mayores y personas con necesidades m\u00e9dicas.<\/li>\n<\/ul>\n<h3 class=\"wp-block-heading\">Contexto de la evacuaci\u00f3n<\/h3>\n<p>Hasta el momento, unos <strong>3,000 espa\u00f1oles<\/strong> han sido repatriados desde Oriente Medio en vuelos <strong>militares y comerciales<\/strong>, seg\u00fan inform\u00f3 el <strong>Ministerio de Asuntos Exteriores de Espa\u00f1a<\/strong>.<\/p>\n<p>El Ministerio asegur\u00f3 que el objetivo es <strong>repatriar a todos los ciudadanos espa\u00f1oles<\/strong> que as\u00ed lo deseen. En la regi\u00f3n permanecen m\u00e1s de <strong>30,000 espa\u00f1oles<\/strong>, entre residentes, turistas y trabajadores desplazados, lo que mantiene activa la coordinaci\u00f3n para nuevas evacuaciones si las condiciones lo requieren.<\/p>\n<\/div>\n","protected":false},"excerpt":{"rendered":"<p>Madrid.- Un nuevo avi\u00f3n del Ej\u00e9rcito del Aire de Espa\u00f1a aterriz\u00f3 este lunes por la noche en el aeropuerto de Torrej\u00f3n de Ardoz (Madrid) con 251 espa\u00f1oles evacuados desde Oriente Medio, seg\u00fan constat\u00f3 EFE en el portal FlightRadar, que registra vuelos a nivel mundial. La aeronave lleg\u00f3 al aer\u00f3dromo militar a las 23:50 hora local<\/p>\n","protected":false},"author":1,"featured_media":26554,"comment_status":"open","ping_status":"open","sticky":false,"template":"","format":"standard","meta":{"footnotes":""},"categories":[3],"tags":[],"class_list":["post-26553","post","type-post","status-publish","format-standard","has-post-thumbnail","hentry","category-internacionales"],"_links":{"self":[{"href":"https:\/\/acronoticias.com\/index.php\/wp-json\/wp\/v2\/posts\/26553","targetHints":{"allow":["GET"]}}],"collection":[{"href":"https:\/\/acronoticias.com\/index.php\/wp-json\/wp\/v2\/posts"}],"about":[{"href":"https:\/\/acronoticias.com\/index.php\/wp-json\/wp\/v2\/types\/post"}],"author":[{"embeddable":true,"href":"https:\/\/acronoticias.com\/index.php\/wp-json\/wp\/v2\/users\/1"}],"replies":[{"embeddable":true,"href":"https:\/\/acronoticias.com\/index.php\/wp-json\/wp\/v2\/comments?post=26553"}],"version-history":[{"count":0,"href":"https:\/\/acronoticias.com\/index.php\/wp-json\/wp\/v2\/posts\/26553\/revisions"}],"wp:featuredmedia":[{"embeddable":true,"href":"https:\/\/acronoticias.com\/index.php\/wp-json\/wp\/v2\/media\/26554"}],"wp:attachment":[{"href":"https:\/\/acronoticias.com\/index.php\/wp-json\/wp\/v2\/media?parent=26553"}],"wp:term":[{"taxonomy":"category","embeddable":true,"href":"https:\/\/acronoticias.com\/index.php\/wp-json\/wp\/v2\/categories?post=26553"},{"taxonomy":"post_tag","embeddable":true,"href":"https:\/\/acronoticias.com\/index.php\/wp-json\/wp\/v2\/tags?post=26553"}],"curies":[{"name":"wp","href":"https:\/\/api.w.org\/{rel}","templated":true}]}}