{"id":26551,"date":"2026-03-09T23:54:48","date_gmt":"2026-03-09T23:54:48","guid":{"rendered":"https:\/\/acronoticias.com\/index.php\/2026\/03\/09\/dominicanos-en-el-exterior-renovaran-su-cedula-desde-mayo-con-cita-previa-el-nuevo-diario-republica-dominicana\/"},"modified":"2026-03-09T23:54:48","modified_gmt":"2026-03-09T23:54:48","slug":"dominicanos-en-el-exterior-renovaran-su-cedula-desde-mayo-con-cita-previa-el-nuevo-diario-republica-dominicana","status":"publish","type":"post","link":"https:\/\/acronoticias.com\/index.php\/2026\/03\/09\/dominicanos-en-el-exterior-renovaran-su-cedula-desde-mayo-con-cita-previa-el-nuevo-diario-republica-dominicana\/","title":{"rendered":"Dominicanos en el exterior renovar\u00e1n su c\u00e9dula desde mayo con cita previa \u2013 El Nuevo Diario (Rep\u00fablica Dominicana)"},"content":{"rendered":"<div>\n<div id=\"gemini-summary-wrapper\" class=\"mb-3\">\n                <button id=\"btn-get-summary\" class=\"gemini-btn\" data-post-id=\"3043140\" data-post-title=\"Dominicanos en el exterior renovar\u00e1n su c\u00e9dula desde mayo con cita previa\"><br \/>\n                    Leer resumen <b class=\"d-none d-md-inline\">de la noticia<\/b> (IA) <span>CLICK AQU\u00cd<\/span><br \/>\n                <\/button><\/p>\n<div id=\"gemini-loading\" class=\"mb-3\">\n<p>                    <span>Analizando noticia&#8230; por favor espera.<\/span>\n                <\/div>\n<\/p><\/div>\n<p>EL NUEVO DIARIO, SANTO DOMINGO.- La Junta Central Electoral (JCE) iniciar\u00e1 en mayo la renovaci\u00f3n de la c\u00e9dula de identidad para dominicanos en el exterior, a trav\u00e9s de un sistema de citas previas que se habilitar\u00e1 en abril en su p\u00e1gina web.<\/p>\n<p>Well Sep\u00falveda, director del Voto Dominicano en el Exterior, subray\u00f3 la importancia del documento para tr\u00e1mites esenciales como renovaci\u00f3n de pasaportes, apertura de cuentas bancarias y gestiones en Rep\u00fablica Dominicana. La c\u00e9dula actual perder\u00e1 vigencia el 31 de marzo de 2027.<\/p>\n<p>El 8 de abril comenzar\u00e1 la captura de datos para un grupo focalizado que incluye diputados de ultramar, dirigentes de partidos, embajadores, c\u00f3nsules y representantes de la comunidad dominicana. El proceso para el p\u00fablico general se extender\u00e1 desde mayo hasta el 21 de enero de 2028.<\/p>\n<p>Asimismo, la JCE est\u00e1 finalizando el cronograma para recibir propuestas de aspirantes a las Oficinas de Coordinaci\u00f3n de Log\u00edstica Electoral del Exterior (OCLEE) en Europa. Los dominicanos residentes en Madrid, Valencia, Barcelona, Suiza e Italia pueden inscribirse en la p\u00e1gina de la JCE para las elecciones de 2028.<\/p>\n<p>Sep\u00falveda resalt\u00f3 que la nueva c\u00e9dula cumple con altos est\u00e1ndares de seguridad, con tecnolog\u00eda de grabado l\u00e1ser y chip integrado. \u00abEs una c\u00e9dula que no tiene nada que envidiarle al documento de identidad de ning\u00fan pa\u00eds del mundo\u00bb, afirm\u00f3 Sep\u00falveda.<\/p>\n<p>El director del Voto en el Exterior inst\u00f3 a los dominicanos mayores de edad a programar su cita en abril, enfatizando la urgencia del tr\u00e1mite. \u00abEl que no tiene c\u00e9dula es como un muerto andante\u00bb, expres\u00f3 Sep\u00falveda.<\/p>\n<p><h3 class=\"jp-relatedposts-headline\"><em>Relacionado<\/em><\/h3>\n<\/p>\n<p>\t\t\t\t\t\t<!-- .entry-footer --><br \/>\n\t\t\t\t\t\t<!-- \n\n<div data-type=\"_mgwidget\" data-widget-id=\"1743501\"><\/div>\n\n  -->\n\t\t\t\t\t<\/div>\n","protected":false},"excerpt":{"rendered":"<p>Leer resumen de la noticia (IA) CLICK AQU\u00cd Analizando noticia&#8230; por favor espera. EL NUEVO DIARIO, SANTO DOMINGO.- La Junta Central Electoral (JCE) iniciar\u00e1 en mayo la renovaci\u00f3n de la c\u00e9dula de identidad para dominicanos en el exterior, a trav\u00e9s de un sistema de citas previas que se habilitar\u00e1 en abril en su p\u00e1gina web.<\/p>\n","protected":false},"author":1,"featured_media":26552,"comment_status":"open","ping_status":"open","sticky":false,"template":"","format":"standard","meta":{"footnotes":""},"categories":[1],"tags":[],"class_list":["post-26551","post","type-post","status-publish","format-standard","has-post-thumbnail","hentry","category-nacionales"],"_links":{"self":[{"href":"https:\/\/acronoticias.com\/index.php\/wp-json\/wp\/v2\/posts\/26551","targetHints":{"allow":["GET"]}}],"collection":[{"href":"https:\/\/acronoticias.com\/index.php\/wp-json\/wp\/v2\/posts"}],"about":[{"href":"https:\/\/acronoticias.com\/index.php\/wp-json\/wp\/v2\/types\/post"}],"author":[{"embeddable":true,"href":"https:\/\/acronoticias.com\/index.php\/wp-json\/wp\/v2\/users\/1"}],"replies":[{"embeddable":true,"href":"https:\/\/acronoticias.com\/index.php\/wp-json\/wp\/v2\/comments?post=26551"}],"version-history":[{"count":0,"href":"https:\/\/acronoticias.com\/index.php\/wp-json\/wp\/v2\/posts\/26551\/revisions"}],"wp:featuredmedia":[{"embeddable":true,"href":"https:\/\/acronoticias.com\/index.php\/wp-json\/wp\/v2\/media\/26552"}],"wp:attachment":[{"href":"https:\/\/acronoticias.com\/index.php\/wp-json\/wp\/v2\/media?parent=26551"}],"wp:term":[{"taxonomy":"category","embeddable":true,"href":"https:\/\/acronoticias.com\/index.php\/wp-json\/wp\/v2\/categories?post=26551"},{"taxonomy":"post_tag","embeddable":true,"href":"https:\/\/acronoticias.com\/index.php\/wp-json\/wp\/v2\/tags?post=26551"}],"curies":[{"name":"wp","href":"https:\/\/api.w.org\/{rel}","templated":true}]}}