{"id":26549,"date":"2026-03-09T23:38:35","date_gmt":"2026-03-09T23:38:35","guid":{"rendered":"https:\/\/acronoticias.com\/index.php\/2026\/03\/09\/gobierno-inicia-proyecto-rehabilitacion-de-habitat-en-el-sector-los-suizos-de-monte-plata-el-nuevo-diario-republica-dominicana\/"},"modified":"2026-03-09T23:38:35","modified_gmt":"2026-03-09T23:38:35","slug":"gobierno-inicia-proyecto-rehabilitacion-de-habitat-en-el-sector-los-suizos-de-monte-plata-el-nuevo-diario-republica-dominicana","status":"publish","type":"post","link":"https:\/\/acronoticias.com\/index.php\/2026\/03\/09\/gobierno-inicia-proyecto-rehabilitacion-de-habitat-en-el-sector-los-suizos-de-monte-plata-el-nuevo-diario-republica-dominicana\/","title":{"rendered":"Gobierno inicia proyecto \u201cRehabilitaci\u00f3n de H\u00e1bitat\u201d en el sector Los Suizos de Monte Plata \u2013 El Nuevo Diario (Rep\u00fablica Dominicana)"},"content":{"rendered":"<p><i class=\"bi bi-camera-fill\" style=\"font-size:18px; color:var(--rojo)\"\/> Gobierno inicia rehabilitaci\u00f3n de h\u00e1bitat en sector Los Suizos de Monte Plata. Genara S\u00e1nchez, El Nuevo Diario <\/p>\n<div>\n<div id=\"gemini-summary-wrapper\" class=\"mb-3\">\n                <button id=\"btn-get-summary\" class=\"gemini-btn\" data-post-id=\"3043123\" data-post-title=\"Gobierno inicia proyecto \u201cRehabilitaci\u00f3n de H\u00e1bitat\u201d en el sector Los Suizos de Monte Plata\"><br \/>\n                    Leer resumen <b class=\"d-none d-md-inline\">de la noticia<\/b> (IA) <span>CLICK AQU\u00cd<\/span><br \/>\n                <\/button><\/p>\n<div id=\"gemini-loading\" class=\"mb-3\">\n<p>                    <span>Analizando noticia&#8230; por favor espera.<\/span>\n                <\/div>\n<\/p><\/div>\n<p>EL NUEVO DIARIO, MONTE PLATA.- El Gobierno dominicano dej\u00f3 iniciado este lunes el proyecto \u201cRehabilitaci\u00f3n de H\u00e1bitat\u201d en el sector Los Suizos, una iniciativa ejecutada por el Ministerio de la Vivienda, H\u00e1bitat y Edificaciones (Mivhed) con el objetivo de mejorar las condiciones de vida de las familias en comunidades vulnerables de la provincia Monte Plata.<\/p>\n<p>El acto fue encabezado por el ministro de la Vivienda, V\u00edctor Orlando Bison\u00f3 Haza (Ito Bison\u00f3), quien explic\u00f3 que el programa contempla la reparaci\u00f3n y reconstrucci\u00f3n de viviendas, construcci\u00f3n de aceras y contenes, asfaltado de calles y mejoras en el entorno comunitario.<\/p>\n<p>Durante su intervenci\u00f3n, el ministro Bison\u00f3 inform\u00f3 que la inversi\u00f3n estimada para la provincia ronda los 350 millones de pesos, recursos que ser\u00e1n distribuidos en varios municipios con el prop\u00f3sito de beneficiar a distintas comunidades mediante la rehabilitaci\u00f3n de viviendas, mejoras urbanas y fortalecimiento de la infraestructura barrial.<\/p>\n<p>En la actividad tambi\u00e9n particip\u00f3 el director del Departamento Aeroportuario, V\u00edctor Pichardo, quien valor\u00f3 de manera positiva el inicio del proyecto y destac\u00f3 que se trata de una obra largamente esperada por los residentes del sector Los Suizos.<\/p>\n<figure id=\"attachment_3043129\" aria-describedby=\"caption-attachment-3043129\" style=\"width: 1280px\" class=\"wp-caption alignnone\"><img loading=\"lazy\" data-recalc-dims=\"1\" data-dominant-color=\"c5bdb5\" data-has-transparency=\"false\" style=\"--dominant-color: #c5bdb5;\" decoding=\"async\" class=\"size-full wp-image-3043129 not-transparent\" src=\"https:\/\/i0.wp.com\/nuevodiario-assets.s3.us-east-2.amazonaws.com\/wp-content\/uploads\/2026\/03\/Gobierno-inicia-rehabilitacion-de-habitat-en-sector-Los-Suizos-de-Monte-Plata.jpg?resize=640%2C426&amp;quality=100&amp;ssl=1\" alt=\"\" width=\"640\" height=\"426\" srcset=\"https:\/\/nuevodiario-assets.s3.us-east-2.amazonaws.com\/wp-content\/uploads\/2026\/03\/Gobierno-inicia-rehabilitacion-de-habitat-en-sector-Los-Suizos-de-Monte-Plata.jpg 1280w, https:\/\/nuevodiario-assets.s3.us-east-2.amazonaws.com\/wp-content\/uploads\/2026\/03\/Gobierno-inicia-rehabilitacion-de-habitat-en-sector-Los-Suizos-de-Monte-Plata.jpg 400w, https:\/\/nuevodiario-assets.s3.us-east-2.amazonaws.com\/wp-content\/uploads\/2026\/03\/Gobierno-inicia-rehabilitacion-de-habitat-en-sector-Los-Suizos-de-Monte-Plata.jpg 800w, https:\/\/nuevodiario-assets.s3.us-east-2.amazonaws.com\/wp-content\/uploads\/2026\/03\/Gobierno-inicia-rehabilitacion-de-habitat-en-sector-Los-Suizos-de-Monte-Plata.jpg 768w, https:\/\/nuevodiario-assets.s3.us-east-2.amazonaws.com\/wp-content\/uploads\/2026\/03\/Gobierno-inicia-rehabilitacion-de-habitat-en-sector-Los-Suizos-de-Monte-Plata.jpg 600w\" sizes=\"auto, (max-width: 640px) 100vw, 640px\"\/><figcaption id=\"caption-attachment-3043129\" class=\"wp-caption-text\">Gobierno inicia rehabilitaci\u00f3n de h\u00e1bitat en sector Los Suizos de Monte Plata. Genara S\u00e1nchez, El Nuevo Diario<\/figcaption><\/figure>\n<p>Pichardo se\u00f1al\u00f3 que este programa representa uno de los proyectos de mayor impacto social para el municipio, ya que contribuir\u00e1 significativamente a mejorar la calidad de vida de decenas de familias que por a\u00f1os hab\u00edan solicitado la intervenci\u00f3n de sus calles y viviendas.<\/p>\n<p>De su lado, la gobernadora provincial Rafaela Javier Gomera y el presidente de la Comisi\u00f3n de Desarrollo Provincial de la Regi\u00f3n Este, Anderson de los Santos, destacaron que el sector Los Suizos ser\u00e1 impactado con importantes obras como la construcci\u00f3n de aceras y contenes, reparaci\u00f3n de viviendas y asfaltado de calles, lo que permitir\u00e1 mejorar la movilidad y las condiciones de vida de sus residentes.<\/p>\n<p>El proyecto forma parte de las pol\u00edticas p\u00fablicas impulsadas por el presidente Luis Abinader, orientadas a reducir el d\u00e9ficit habitacional y mejorar las condiciones de vida en comunidades vulnerables del pa\u00eds.<\/p>\n<p>En el acto tambi\u00e9n estuvo presente el senador Pedro Tineo, adem\u00e1s asistieron l\u00edderes comunitarios, representantes de juntas de vecinos y residentes del sector Los Suizos, quienes manifestaron su satisfacci\u00f3n por el inicio de los trabajos tras a\u00f1os de espera por la intervenci\u00f3n de la zona.<\/p>\n<p><h3 class=\"jp-relatedposts-headline\"><em>Relacionado<\/em><\/h3>\n<\/p>\n<p>\t\t\t\t\t\t<!-- .entry-footer --><br \/>\n\t\t\t\t\t\t<!-- \n\n<div data-type=\"_mgwidget\" data-widget-id=\"1743501\"><\/div>\n\n  -->\n\t\t\t\t\t<\/div>\n","protected":false},"excerpt":{"rendered":"<p>Gobierno inicia rehabilitaci\u00f3n de h\u00e1bitat en sector Los Suizos de Monte Plata. Genara S\u00e1nchez, El Nuevo Diario Leer resumen de la noticia (IA) CLICK AQU\u00cd Analizando noticia&#8230; por favor espera. EL NUEVO DIARIO, MONTE PLATA.- El Gobierno dominicano dej\u00f3 iniciado este lunes el proyecto \u201cRehabilitaci\u00f3n de H\u00e1bitat\u201d en el sector Los Suizos, una iniciativa ejecutada<\/p>\n","protected":false},"author":1,"featured_media":26550,"comment_status":"open","ping_status":"open","sticky":false,"template":"","format":"standard","meta":{"footnotes":""},"categories":[1],"tags":[],"class_list":["post-26549","post","type-post","status-publish","format-standard","has-post-thumbnail","hentry","category-nacionales"],"_links":{"self":[{"href":"https:\/\/acronoticias.com\/index.php\/wp-json\/wp\/v2\/posts\/26549","targetHints":{"allow":["GET"]}}],"collection":[{"href":"https:\/\/acronoticias.com\/index.php\/wp-json\/wp\/v2\/posts"}],"about":[{"href":"https:\/\/acronoticias.com\/index.php\/wp-json\/wp\/v2\/types\/post"}],"author":[{"embeddable":true,"href":"https:\/\/acronoticias.com\/index.php\/wp-json\/wp\/v2\/users\/1"}],"replies":[{"embeddable":true,"href":"https:\/\/acronoticias.com\/index.php\/wp-json\/wp\/v2\/comments?post=26549"}],"version-history":[{"count":0,"href":"https:\/\/acronoticias.com\/index.php\/wp-json\/wp\/v2\/posts\/26549\/revisions"}],"wp:featuredmedia":[{"embeddable":true,"href":"https:\/\/acronoticias.com\/index.php\/wp-json\/wp\/v2\/media\/26550"}],"wp:attachment":[{"href":"https:\/\/acronoticias.com\/index.php\/wp-json\/wp\/v2\/media?parent=26549"}],"wp:term":[{"taxonomy":"category","embeddable":true,"href":"https:\/\/acronoticias.com\/index.php\/wp-json\/wp\/v2\/categories?post=26549"},{"taxonomy":"post_tag","embeddable":true,"href":"https:\/\/acronoticias.com\/index.php\/wp-json\/wp\/v2\/tags?post=26549"}],"curies":[{"name":"wp","href":"https:\/\/api.w.org\/{rel}","templated":true}]}}