{"id":26547,"date":"2026-03-09T23:22:44","date_gmt":"2026-03-09T23:22:44","guid":{"rendered":"https:\/\/acronoticias.com\/index.php\/2026\/03\/09\/congreso-reconoce-a-la-educadora-miriam-pujols-por-su-legado-en-la-educacion-inicial-el-nuevo-diario-republica-dominicana\/"},"modified":"2026-03-09T23:22:44","modified_gmt":"2026-03-09T23:22:44","slug":"congreso-reconoce-a-la-educadora-miriam-pujols-por-su-legado-en-la-educacion-inicial-el-nuevo-diario-republica-dominicana","status":"publish","type":"post","link":"https:\/\/acronoticias.com\/index.php\/2026\/03\/09\/congreso-reconoce-a-la-educadora-miriam-pujols-por-su-legado-en-la-educacion-inicial-el-nuevo-diario-republica-dominicana\/","title":{"rendered":"Congreso reconoce a la educadora Miriam Pujols por su legado en la educaci\u00f3n inicial \u2013 El Nuevo Diario (Rep\u00fablica Dominicana)"},"content":{"rendered":"<p><i class=\"bi bi-camera-fill\" style=\"font-size:18px; color:var(--rojo)\"\/> Congreso reconoce a la educadora Miriam Pujols. (Foto: fuente externa)<\/p>\n<div>\n<div id=\"gemini-summary-wrapper\" class=\"mb-3\">\n                <button id=\"btn-get-summary\" class=\"gemini-btn\" data-post-id=\"3043033\" data-post-title=\"Congreso reconoce a la educadora Miriam Pujols por su legado en la educaci\u00f3n inicial\"><br \/>\n                    Leer resumen <b class=\"d-none d-md-inline\">de la noticia<\/b> (IA) <span>CLICK AQU\u00cd<\/span><br \/>\n                <\/button><\/p>\n<div id=\"gemini-loading\" class=\"mb-3\">\n<p>                    <span>Analizando noticia&#8230; por favor espera.<\/span>\n                <\/div>\n<\/p><\/div>\n<p>\u00a0<\/p>\n<p>EL NUEVO DIARIO, SANTO DOMINGO. \u2013 En el marco de la conmemoraci\u00f3n del D\u00eda Internacional de la Mujer, el Senado de la Rep\u00fablica Dominicana reconoci\u00f3 a la educadora Miriam Pujols durante la ceremonia \u201cHuellas de Futuro: Mujeres que Construyen Naci\u00f3n\u201d, iniciativa que celebra su tercera edici\u00f3n y que distingue a 32 mujeres del pa\u00eds, una por cada provincia y el Distrito Nacional por sus aportes al desarrollo de sus comunidades y al fortalecimiento del liderazgo femenino en la naci\u00f3n.<\/p>\n<p>Pujols, oriunda de Sabana Larga, San Jos\u00e9 de Ocoa, fue postulada y reconocida por el senador de esa provincia, Aneudy Ortiz Sajiun en honor a su invaluable contribuci\u00f3n a la educaci\u00f3n y por su papel como pionera de la educaci\u00f3n inicial en su comunidad, dedicando su vida a la formaci\u00f3n de generaciones de ni\u00f1os y ni\u00f1as con vocaci\u00f3n, entrega y profundo compromiso social.<\/p>\n<p>Su pasi\u00f3n por la ense\u00f1anza surgi\u00f3 desde temprana edad, cuando siendo a\u00fan estudiante inici\u00f3 su camino como maestra. A\u00f1os m\u00e1s tarde, movida por su deseo de aportar a la formaci\u00f3n de la ni\u00f1ez ocoe\u00f1a, fund\u00f3 una peque\u00f1a escuelita que con el tiempo se consolid\u00f3 como el Colegio Federico Froebel, instituci\u00f3n educativa que obtuvo reconocimiento oficial en 1982 y que se convirti\u00f3 en un referente de la educaci\u00f3n inicial en la provincia.<\/p>\n<p><img loading=\"lazy\" data-recalc-dims=\"1\" data-dominant-color=\"9d736b\" data-has-transparency=\"false\" style=\"--dominant-color: #9d736b;\" decoding=\"async\" class=\"alignnone size-full wp-image-3043050 not-transparent\" src=\"https:\/\/i0.wp.com\/nuevodiario-assets.s3.us-east-2.amazonaws.com\/wp-content\/uploads\/2026\/03\/WhatsApp-Image-2026-03-09-at-6.37.39-PM-1.jpeg?resize=640%2C959&amp;quality=100&amp;ssl=1\" alt=\"\" width=\"640\" height=\"959\" srcset=\"https:\/\/nuevodiario-assets.s3.us-east-2.amazonaws.com\/wp-content\/uploads\/2026\/03\/WhatsApp-Image-2026-03-09-at-6.37.39-PM-1.jpeg 854w, https:\/\/nuevodiario-assets.s3.us-east-2.amazonaws.com\/wp-content\/uploads\/2026\/03\/WhatsApp-Image-2026-03-09-at-6.37.39-PM-1.jpeg 267w, https:\/\/nuevodiario-assets.s3.us-east-2.amazonaws.com\/wp-content\/uploads\/2026\/03\/WhatsApp-Image-2026-03-09-at-6.37.39-PM-1.jpeg 534w, https:\/\/nuevodiario-assets.s3.us-east-2.amazonaws.com\/wp-content\/uploads\/2026\/03\/WhatsApp-Image-2026-03-09-at-6.37.39-PM-1.jpeg 768w, https:\/\/nuevodiario-assets.s3.us-east-2.amazonaws.com\/wp-content\/uploads\/2026\/03\/WhatsApp-Image-2026-03-09-at-6.37.39-PM-1.jpeg 600w\" sizes=\"auto, (max-width: 640px) 100vw, 640px\"\/><\/p>\n<p>Durante el acto, el Senado destac\u00f3 su trayectoria y su impacto en la vida de muchas familias, resaltando su historia como la de una mujer que decidi\u00f3 no rendirse y que con determinaci\u00f3n y vocaci\u00f3n, ha dejado una huella profunda en la educaci\u00f3n de su comunidad. Con este reconocimiento, la instituci\u00f3n honra a mujeres cuyo liderazgo, compromiso y ejemplo contin\u00faan construyendo naci\u00f3n.<\/p>\n<p><h3 class=\"jp-relatedposts-headline\"><em>Relacionado<\/em><\/h3>\n<\/p>\n<p>\t\t\t\t\t\t<!-- .entry-footer --><br \/>\n\t\t\t\t\t\t<!-- \n\n<div data-type=\"_mgwidget\" data-widget-id=\"1743501\"><\/div>\n\n  -->\n\t\t\t\t\t<\/div>\n","protected":false},"excerpt":{"rendered":"<p>Congreso reconoce a la educadora Miriam Pujols. (Foto: fuente externa) Leer resumen de la noticia (IA) CLICK AQU\u00cd Analizando noticia&#8230; por favor espera. \u00a0 EL NUEVO DIARIO, SANTO DOMINGO. \u2013 En el marco de la conmemoraci\u00f3n del D\u00eda Internacional de la Mujer, el Senado de la Rep\u00fablica Dominicana reconoci\u00f3 a la educadora Miriam Pujols durante<\/p>\n","protected":false},"author":1,"featured_media":26548,"comment_status":"open","ping_status":"open","sticky":false,"template":"","format":"standard","meta":{"footnotes":""},"categories":[1],"tags":[],"class_list":["post-26547","post","type-post","status-publish","format-standard","has-post-thumbnail","hentry","category-nacionales"],"_links":{"self":[{"href":"https:\/\/acronoticias.com\/index.php\/wp-json\/wp\/v2\/posts\/26547","targetHints":{"allow":["GET"]}}],"collection":[{"href":"https:\/\/acronoticias.com\/index.php\/wp-json\/wp\/v2\/posts"}],"about":[{"href":"https:\/\/acronoticias.com\/index.php\/wp-json\/wp\/v2\/types\/post"}],"author":[{"embeddable":true,"href":"https:\/\/acronoticias.com\/index.php\/wp-json\/wp\/v2\/users\/1"}],"replies":[{"embeddable":true,"href":"https:\/\/acronoticias.com\/index.php\/wp-json\/wp\/v2\/comments?post=26547"}],"version-history":[{"count":0,"href":"https:\/\/acronoticias.com\/index.php\/wp-json\/wp\/v2\/posts\/26547\/revisions"}],"wp:featuredmedia":[{"embeddable":true,"href":"https:\/\/acronoticias.com\/index.php\/wp-json\/wp\/v2\/media\/26548"}],"wp:attachment":[{"href":"https:\/\/acronoticias.com\/index.php\/wp-json\/wp\/v2\/media?parent=26547"}],"wp:term":[{"taxonomy":"category","embeddable":true,"href":"https:\/\/acronoticias.com\/index.php\/wp-json\/wp\/v2\/categories?post=26547"},{"taxonomy":"post_tag","embeddable":true,"href":"https:\/\/acronoticias.com\/index.php\/wp-json\/wp\/v2\/tags?post=26547"}],"curies":[{"name":"wp","href":"https:\/\/api.w.org\/{rel}","templated":true}]}}