{"id":26541,"date":"2026-03-09T23:05:36","date_gmt":"2026-03-09T23:05:36","guid":{"rendered":"https:\/\/acronoticias.com\/index.php\/2026\/03\/09\/quienes-son-los-acusados-y-que-se-espera-del-proceso\/"},"modified":"2026-03-09T23:05:36","modified_gmt":"2026-03-09T23:05:36","slug":"quienes-son-los-acusados-y-que-se-espera-del-proceso","status":"publish","type":"post","link":"https:\/\/acronoticias.com\/index.php\/2026\/03\/09\/quienes-son-los-acusados-y-que-se-espera-del-proceso\/","title":{"rendered":"qui\u00e9nes son los acusados y qu\u00e9 se espera del proceso"},"content":{"rendered":"<div>\n<div class=\"c-detail__author full\">\n<div>\n<div class=\"c-detail__author__thumb\">\n<figure>\n                                <picture src=\"https:\/\/imagenes.hoy.com.do\/files\/image_square_xs\/uploads\/2025\/11\/18\/691c7d5bed035.jpeg\" data-size=\"w:40,h:40\">\n                                    <img decoding=\"async\" loading=\"lazy\" alt=\"EFE EFE\" width=\"40\" height=\"40\" src=\"https:\/\/imagenes.hoy.com.do\/files\/image_square_xs\/uploads\/2025\/11\/18\/691c7d5bed035.jpeg\"\/>\n                                <\/picture>\n                                <\/figure>\n<\/div>\n<\/div>\n<\/div>\n<p>                                                                                            <!-- --><\/p>\n<p class=\"paragraph\">El juicio contra cuatro hombres acusados en EE.UU. de participar en el magnicidio del presidente haitiano Jovenel Mo\u00efse en 2021 comenz\u00f3 este lunes en un tribunal federal de Miami con la selecci\u00f3n del jurado, en un caso donde otras cinco personas ya han sido condenadas a cadena perpetua.<\/p>\n<p class=\"paragraph\"><b>Arc\u00e1ngel Pretel Ortiz, Antonio Intriago, Walter Veintemilla y James Solages<\/b> est\u00e1n acusados de conspirar en el secuestro y asesinato de Mo\u00efse, cometido por un grupo de mercenarios, 17 de ellos colombianos, el 7 de julio de 2021 en su residencia privada del sector capitalino de P\u00e9tion-ville, en las afueras de Puerto Pr\u00edncipe.<\/p>\n<p class=\"paragraph\">Otro acusado, Christian Sanon, iba a ser juzgado en este mismo caso, pero no comparecer\u00e1 por problemas de salud y ser\u00e1 juzgado en una fecha a\u00fan por determinar.<\/p>\n<div class=\"c-detail__box \">\n<article class=\"c-detail__sumario \">\n<figure class=\"c-detail__sumario__thumb\" style=\"display: block;\">\n            <a href=\"#\" title=\"\">\n                <picture data-size=\"w:140,h:140\" loading=\"lazy\" src=\"https:\/\/imagenes.hoy.com.do\/files\/related_image\/uploads\/2025\/12\/03\/69301bc80465e.png\" data-full-src=\"https:\/\/imagenes.hoy.com.do\/uploads\/2025\/12\/03\/69301bc80465e.png\">\n                    <img loading=\"lazy\" decoding=\"async\" width=\"140\" height=\"140\" alt=\"Alix Didier Fils-Aime, asistiendo a su acto de posesi\u00f3n en Puerto Pr\u00edncipe (Hait\u00ed). EFE\/ Johnson Sabin\" src=\"https:\/\/imagenes.hoy.com.do\/uploads\/2025\/12\/03\/69301bc80465e.png\"\/>\n                <\/picture>\n            <\/a><br \/>\n        <\/figure>\n<\/article>\n<\/div>\n<p class=\"paragraph\">Documentos judiciales revelan que, entre febrero y julio de 2021, el sur de Florida \u201csirvi\u00f3 como lugar central para planificar y financiar el complot para derrocar al presidente Mo\u00efse y reemplazarlo con alguien que sirviera a los objetivos pol\u00edticos e intereses financieros de los conspiradores\u00bb.<\/p>\n<p class=\"paragraph\">Otras cinco personas fueron condenadas a cadena perpetua entre 2023 y 2024 por su participaci\u00f3n en el magnicidio, mientras que una sexta recibi\u00f3 una pena de nueve a\u00f1os de prisi\u00f3n tras entender el juez que no ten\u00eda conocimiento del plan cuando financi\u00f3 el env\u00edo de chalecos antibalas a los conspiradores en Hait\u00ed.   Se espera que los seis testifiquen en contra de los acusados junto con agentes federales.<\/p>\n<p class=\"paragraph\">Adem\u00e1s, m\u00e1s de cincuenta personas han sido acusadas en Hait\u00ed en relaci\u00f3n con el magnicidio, incluida la viuda de Mo\u00efse y los 17 exmilitares colombianos, aunque el proceso se encuentra en un punto muerto por la inseguridad extrema en el pa\u00eds.<\/p>\n<p class=\"paragraph\">El inicio del juicio en EE.UU. se retras\u00f3 por la enorme cantidad de evidencias, as\u00ed como por las dificultades de la defensa para recoger las declaraciones de algunos de los colombianos detenidos en Hait\u00ed debido a la violencia de las bandas y la crisis pol\u00edtica en el pa\u00eds.<\/p>\n<p class=\"paragraph\">Seg\u00fan la acusaci\u00f3n, el objetivo de los conspiradores era que Sanon reemplazase a Mo\u00efse como presidente de Hait\u00ed. Una vez en el poder, adjudicar\u00eda contratos a una empresa en Doral vinculada a Intriago y Ortiz, y de la que Solages actuaba como enlace en Hait\u00ed.<\/p>\n<p class=\"paragraph\">Adem\u00e1s, Veintemilla supuestamente prest\u00f3 dinero para la operaci\u00f3n a trav\u00e9s de su empresa Worldwide Investment Development Group, tambi\u00e9n con sede en Florida.<\/p>\n<p class=\"paragraph\">El plan se vendi\u00f3 inicialmente a los militares colombianos como una operaci\u00f3n de arresto legal respaldada por agencias de Estados Unidos, puesto que Ortiz y Joseph Vincen, uno de los primeros cinco condenados, tienen pasado como exinformantes del FBI y de la Administraci\u00f3n para el Control de Drogas (DEA).<\/p>\n<p class=\"paragraph\">Puedes leer: \u00abJuly 7\u00bb, la pel\u00edcula sobre el asesinato del presidente de Hait\u00ed, se estrenar\u00e1 en Miami<\/p>\n<p class=\"paragraph\">Este extremo ser\u00e1 un punto de fricci\u00f3n durante el juicio, puesto que los abogados defensores alegan que sus clientes estaban convencidos de que contaban con el visto bueno de Estados Unidos.<\/p>\n<p class=\"paragraph\">Seg\u00fan el relato de algunos de los condenados, el plan cambi\u00f3 cuando los l\u00edderes de la trama dieron la orden directa de matar al mandatario tras intentos infructuosos de captura.<\/p>\n<p class=\"paragraph\">La crisis humanitaria tras el asesinato<\/p>\n<p class=\"paragraph\">La muerte de Mo\u00efses dej\u00f3 un vac\u00edo de poder en Hait\u00ed que permiti\u00f3 que las bandas tomasen el control del pa\u00eds, lo que ha desencadenado una crisis humanitaria y de inseguridad.<\/p>\n<p class=\"paragraph\">Ambos factores dispararon la migraci\u00f3n de haitianos hacia otros pa\u00edses, entre ellos a Estados Unidos, especialmente en Florida, donde muchos de ellos se enfrentan al temor de que el Gobierno del presidente estadounidense, Donald Trump, elimine el Estatus de Protecci\u00f3n Temporal (TPS) que protege de la deportaci\u00f3n a 350.000 haitianos.<\/p>\n<p class=\"paragraph\">Aunque la Administraci\u00f3n ha realizado varios intentos por revocar esta medida, varios tribunales se han opuesto por entender que el retorno de los migrantes a Hait\u00ed los expondr\u00eda a la violencia.<\/p>\n<p class=\"paragraph\">TEMAS: #Estados Unidos#Jovenel Mo\u00efse#juicio#magnicidio<\/p>\n<\/div>\n","protected":false},"excerpt":{"rendered":"<p>El juicio contra cuatro hombres acusados en EE.UU. de participar en el magnicidio del presidente haitiano Jovenel Mo\u00efse en 2021 comenz\u00f3 este lunes en un tribunal federal de Miami con la selecci\u00f3n del jurado, en un caso donde otras cinco personas ya han sido condenadas a cadena perpetua. Arc\u00e1ngel Pretel Ortiz, Antonio Intriago, Walter Veintemilla<\/p>\n","protected":false},"author":1,"featured_media":26542,"comment_status":"open","ping_status":"open","sticky":false,"template":"","format":"standard","meta":{"footnotes":""},"categories":[3],"tags":[],"class_list":["post-26541","post","type-post","status-publish","format-standard","has-post-thumbnail","hentry","category-internacionales"],"_links":{"self":[{"href":"https:\/\/acronoticias.com\/index.php\/wp-json\/wp\/v2\/posts\/26541","targetHints":{"allow":["GET"]}}],"collection":[{"href":"https:\/\/acronoticias.com\/index.php\/wp-json\/wp\/v2\/posts"}],"about":[{"href":"https:\/\/acronoticias.com\/index.php\/wp-json\/wp\/v2\/types\/post"}],"author":[{"embeddable":true,"href":"https:\/\/acronoticias.com\/index.php\/wp-json\/wp\/v2\/users\/1"}],"replies":[{"embeddable":true,"href":"https:\/\/acronoticias.com\/index.php\/wp-json\/wp\/v2\/comments?post=26541"}],"version-history":[{"count":0,"href":"https:\/\/acronoticias.com\/index.php\/wp-json\/wp\/v2\/posts\/26541\/revisions"}],"wp:featuredmedia":[{"embeddable":true,"href":"https:\/\/acronoticias.com\/index.php\/wp-json\/wp\/v2\/media\/26542"}],"wp:attachment":[{"href":"https:\/\/acronoticias.com\/index.php\/wp-json\/wp\/v2\/media?parent=26541"}],"wp:term":[{"taxonomy":"category","embeddable":true,"href":"https:\/\/acronoticias.com\/index.php\/wp-json\/wp\/v2\/categories?post=26541"},{"taxonomy":"post_tag","embeddable":true,"href":"https:\/\/acronoticias.com\/index.php\/wp-json\/wp\/v2\/tags?post=26541"}],"curies":[{"name":"wp","href":"https:\/\/api.w.org\/{rel}","templated":true}]}}