{"id":26537,"date":"2026-03-09T22:33:41","date_gmt":"2026-03-09T22:33:41","guid":{"rendered":"https:\/\/acronoticias.com\/index.php\/2026\/03\/09\/capotillo-honra-a-heroes-de-la-independencia-con-caminata-patriotica-el-nuevo-diario-republica-dominicana\/"},"modified":"2026-03-09T22:33:41","modified_gmt":"2026-03-09T22:33:41","slug":"capotillo-honra-a-heroes-de-la-independencia-con-caminata-patriotica-el-nuevo-diario-republica-dominicana","status":"publish","type":"post","link":"https:\/\/acronoticias.com\/index.php\/2026\/03\/09\/capotillo-honra-a-heroes-de-la-independencia-con-caminata-patriotica-el-nuevo-diario-republica-dominicana\/","title":{"rendered":"Capotillo honra a h\u00e9roes de la independencia con caminata patri\u00f3tica \u2013 El Nuevo Diario (Rep\u00fablica Dominicana)"},"content":{"rendered":"<div>\n<div id=\"gemini-summary-wrapper\" class=\"mb-3\">\n                <button id=\"btn-get-summary\" class=\"gemini-btn\" data-post-id=\"3042915\" data-post-title=\"Capotillo honra a h\u00e9roes de la independencia con caminata patri\u00f3tica\"><br \/>\n                    Leer resumen <b class=\"d-none d-md-inline\">de la noticia<\/b> (IA) <span>CLICK AQU\u00cd<\/span><br \/>\n                <\/button><\/p>\n<div id=\"gemini-loading\" class=\"mb-3\">\n<p>                    <span>Analizando noticia&#8230; por favor espera.<\/span>\n                <\/div>\n<\/p><\/div>\n<p class=\"p1\"><span class=\"s1\">EL NUEVO DIARIO, SANTO DOMINGO.- El sector Capotillo se llen\u00f3 de civismo, m\u00fasica y orgullo patrio durante la realizaci\u00f3n de la caminata \u201cCapotillo Camina por la Patria\u201d, una actividad que reuni\u00f3 a centros educativos, organizaciones sociales, comunitarias y autoridades, con el prop\u00f3sito de rendir homenaje a los h\u00e9roes de la independencia dominicana.<\/span><\/p>\n<p class=\"p1\"><span class=\"s1\">La jornada patri\u00f3tica fue organizada por el Instituto para el Desarrollo de las Artes y la Educaci\u00f3n (Indarte), junto a centros educativos y organizaciones sociales del sector, como parte del cierre del Trimestre Patri\u00f3tico que celebra la Rep\u00fablica Dominicana.<\/span><\/p>\n<p class=\"p1\"><span class=\"s1\">Durante la actividad, estudiantes, docentes, l\u00edderes comunitarios y residentes del sector recorrieron las principales calles del barrio Capotillo, portando la bandera nacional y recordando el legado de los patricios Francisco del Rosario S\u00e1nchez, Juan Pablo Duarte y Mat\u00edas Ram\u00f3n Mella, s\u00edmbolos de la lucha por la libertad y la soberan\u00eda nacional.<\/span><\/p>\n<figure id=\"attachment_3042935\" aria-describedby=\"caption-attachment-3042935\" style=\"width: 1390px\" class=\"wp-caption alignnone\"><img loading=\"lazy\" data-recalc-dims=\"1\" data-dominant-color=\"535d6d\" data-has-transparency=\"false\" style=\"--dominant-color: #535d6d;\" decoding=\"async\" class=\"size-full wp-image-3042935 not-transparent\" src=\"https:\/\/i0.wp.com\/nuevodiario-assets.s3.us-east-2.amazonaws.com\/wp-content\/uploads\/2026\/03\/Capotillo-se-viste-de-Patria-con-caminata-civica-en-honor-a-los-Padres-de-la-Patria-3.jpg?resize=640%2C553&amp;quality=100&amp;ssl=1\" alt=\"\" width=\"640\" height=\"553\" srcset=\"https:\/\/nuevodiario-assets.s3.us-east-2.amazonaws.com\/wp-content\/uploads\/2026\/03\/Capotillo-se-viste-de-Patria-con-caminata-civica-en-honor-a-los-Padres-de-la-Patria-3.jpg 1390w, https:\/\/nuevodiario-assets.s3.us-east-2.amazonaws.com\/wp-content\/uploads\/2026\/03\/Capotillo-se-viste-de-Patria-con-caminata-civica-en-honor-a-los-Padres-de-la-Patria-3.jpg 400w, https:\/\/nuevodiario-assets.s3.us-east-2.amazonaws.com\/wp-content\/uploads\/2026\/03\/Capotillo-se-viste-de-Patria-con-caminata-civica-en-honor-a-los-Padres-de-la-Patria-3.jpg 800w, https:\/\/nuevodiario-assets.s3.us-east-2.amazonaws.com\/wp-content\/uploads\/2026\/03\/Capotillo-se-viste-de-Patria-con-caminata-civica-en-honor-a-los-Padres-de-la-Patria-3.jpg 768w, https:\/\/nuevodiario-assets.s3.us-east-2.amazonaws.com\/wp-content\/uploads\/2026\/03\/Capotillo-se-viste-de-Patria-con-caminata-civica-en-honor-a-los-Padres-de-la-Patria-3.jpg 600w, https:\/\/nuevodiario-assets.s3.us-east-2.amazonaws.com\/wp-content\/uploads\/2026\/03\/Capotillo-se-viste-de-Patria-con-caminata-civica-en-honor-a-los-Padres-de-la-Patria-3.jpg 1280w\" sizes=\"auto, (max-width: 640px) 100vw, 640px\"\/><figcaption id=\"caption-attachment-3042935\" class=\"wp-caption-text\">Capotillo se viste de Patria con caminata c\u00edvica en honor a los padres de la patria. Fuente externa<\/figcaption><\/figure>\n<p class=\"p1\"><span class=\"s1\">La caminata cont\u00f3 con el apoyo del Cuerpo de Cadetes y la Banda de M\u00fasica de la Polic\u00eda Nacional, la Banda de M\u00fasica del Cuerpo de Bomberos del Distrito Nacional y la Banda de M\u00fasica de la Armada Dominicana cuyas interpretaciones acompa\u00f1aron el recorrido, llenando el ambiente de solemnidad y entusiasmo patri\u00f3tico. Asimismo, participaron autoridades educativas y municipales, <\/span>entre ellas Ana Luc\u00eda S\u00e1nchez, directora del Distrito Educativo 15-02; Eddy Ch\u00e1vez, director de la Regional de Educaci\u00f3n 15; as\u00ed como directores de centros educativos del sector, regidores del Distrito Nacional como Junior Castillo y Jacquelin Beltr\u00e9, adem\u00e1s de dirigentes comunitarios y representantes de la Uni\u00f3n de Juntas de Vecinos de Capotillo.<\/p>\n<p class=\"p1\"><span class=\"s1\">La iniciativa es desarrollada de manera conjunta por el Instituto para el Desarrollo de las Artes y la Educaci\u00f3n (Indarte), el Distrito Escolar 15-02 e IDC. el Centro Educativo Secundario Capotillo,<\/span><\/p>\n<p class=\"p1\"><span class=\"s1\">la Escuela Primaria Salom\u00e9 Ure\u00f1a, el Liceo Capotillo, la Escuela Primaria Paz y Bien, la Escuela Primaria El T\u00fanel, la Escuela Primaria La Aurora, la Uni\u00f3n de Juntas de Vecinos de Capotillo, CDC, Fundaci\u00f3n ESCOBA, la Junta de Vecinos La Humanidad, la Junta de Vecinos Capotillo Oeste, Condeca, Fenedesi.<\/span><\/p>\n<p class=\"p1\"><span class=\"s1\">Esta actividad patri\u00f3tica se realiza desde hace 12 a\u00f1os como una iniciativa de Indarte, con el <\/span><span class=\"s1\">objetivo de fortalecer en la comunidad, especialmente en ni\u00f1os y j\u00f3venes, el conocimiento de la historia dominicana, los valores c\u00edvicos y el amor por la patria.<\/span><\/p>\n<p class=\"p1\"><span class=\"s1\">Con esta caminata, la comunidad de Capotillo reafirma su compromiso con la memoria hist\u00f3rica, la formaci\u00f3n en valores y la construcci\u00f3n de una ciudadan\u00eda consciente y participativa.<\/span><\/p>\n<p><h3 class=\"jp-relatedposts-headline\"><em>Relacionado<\/em><\/h3>\n<\/p>\n<p>\t\t\t\t\t\t<!-- .entry-footer --><br \/>\n\t\t\t\t\t\t<!-- \n\n<div data-type=\"_mgwidget\" data-widget-id=\"1743501\"><\/div>\n\n  -->\n\t\t\t\t\t<\/div>\n","protected":false},"excerpt":{"rendered":"<p>Leer resumen de la noticia (IA) CLICK AQU\u00cd Analizando noticia&#8230; por favor espera. EL NUEVO DIARIO, SANTO DOMINGO.- El sector Capotillo se llen\u00f3 de civismo, m\u00fasica y orgullo patrio durante la realizaci\u00f3n de la caminata \u201cCapotillo Camina por la Patria\u201d, una actividad que reuni\u00f3 a centros educativos, organizaciones sociales, comunitarias y autoridades, con el prop\u00f3sito<\/p>\n","protected":false},"author":1,"featured_media":26538,"comment_status":"open","ping_status":"open","sticky":false,"template":"","format":"standard","meta":{"footnotes":""},"categories":[1],"tags":[],"class_list":["post-26537","post","type-post","status-publish","format-standard","has-post-thumbnail","hentry","category-nacionales"],"_links":{"self":[{"href":"https:\/\/acronoticias.com\/index.php\/wp-json\/wp\/v2\/posts\/26537","targetHints":{"allow":["GET"]}}],"collection":[{"href":"https:\/\/acronoticias.com\/index.php\/wp-json\/wp\/v2\/posts"}],"about":[{"href":"https:\/\/acronoticias.com\/index.php\/wp-json\/wp\/v2\/types\/post"}],"author":[{"embeddable":true,"href":"https:\/\/acronoticias.com\/index.php\/wp-json\/wp\/v2\/users\/1"}],"replies":[{"embeddable":true,"href":"https:\/\/acronoticias.com\/index.php\/wp-json\/wp\/v2\/comments?post=26537"}],"version-history":[{"count":0,"href":"https:\/\/acronoticias.com\/index.php\/wp-json\/wp\/v2\/posts\/26537\/revisions"}],"wp:featuredmedia":[{"embeddable":true,"href":"https:\/\/acronoticias.com\/index.php\/wp-json\/wp\/v2\/media\/26538"}],"wp:attachment":[{"href":"https:\/\/acronoticias.com\/index.php\/wp-json\/wp\/v2\/media?parent=26537"}],"wp:term":[{"taxonomy":"category","embeddable":true,"href":"https:\/\/acronoticias.com\/index.php\/wp-json\/wp\/v2\/categories?post=26537"},{"taxonomy":"post_tag","embeddable":true,"href":"https:\/\/acronoticias.com\/index.php\/wp-json\/wp\/v2\/tags?post=26537"}],"curies":[{"name":"wp","href":"https:\/\/api.w.org\/{rel}","templated":true}]}}