{"id":26532,"date":"2026-03-09T22:04:37","date_gmt":"2026-03-09T22:04:37","guid":{"rendered":"https:\/\/acronoticias.com\/index.php\/2026\/03\/09\/como-podria-impactar-iniciativa-escudo-de-las-americas\/"},"modified":"2026-03-09T22:04:37","modified_gmt":"2026-03-09T22:04:37","slug":"como-podria-impactar-iniciativa-escudo-de-las-americas","status":"publish","type":"post","link":"https:\/\/acronoticias.com\/index.php\/2026\/03\/09\/como-podria-impactar-iniciativa-escudo-de-las-americas\/","title":{"rendered":"C\u00f3mo podr\u00eda impactar iniciativa Escudo de las Am\u00e9ricas"},"content":{"rendered":"<div>\n<div class=\"c-detail__author full\">\n<div>\n<div class=\"c-detail__author__thumb\">\n<figure>\n                                <picture src=\"https:\/\/imagenes.hoy.com.do\/files\/image_square_xs\/uploads\/2025\/11\/07\/690dd0632c2cb.jpeg\" data-size=\"w:40,h:40\">\n                                    <img decoding=\"async\" loading=\"lazy\" alt=\"Lency Alc\u00e1ntara\" width=\"40\" height=\"40\" src=\"https:\/\/imagenes.hoy.com.do\/files\/image_square_xs\/uploads\/2025\/11\/07\/690dd0632c2cb.jpeg\"\/>\n                                <\/picture>\n                                <\/figure>\n<\/div>\n<\/div>\n<\/div>\n<p>                                                                                            <!-- --><\/p>\n<p class=\"paragraph\">La administraci\u00f3n de Donald Trump ha puesto en marcha la iniciativa pol\u00edtico-militar Escudo de las Am\u00e9ricas, un proyecto que busca enfrentar el narcotr\u00e1fico, el tr\u00e1fico de personas y otros delitos transnacionales en el hemisferio occidental, al tiempo que refuerza la seguridad estrat\u00e9gica de Estados Unidos.<\/p>\n<p class=\"paragraph\">El plan contempla operaciones conjuntas con tecnolog\u00eda militar avanzada , radares, sistemas de vigilancia y armamento sofisticado, para interceptar embarcaciones, avionetas y redes criminales que operan cerca de las fronteras estadounidenses.<\/p>\n<figure class=\"c-detail__media \"><figcaption class=\"c-detail__media__txt\">\n<p class=\"c-detail__media__subtitle\">\n<p>        <span class=\"c-detail__media__credit \">La bilateral se desarroll\u00f3 como parte de la agenda del presidente Abinader durante su participaci\u00f3n en la cumbre \u201cEscudo de las Am\u00e9ricas\u201d.<\/span><\/p>\n<\/figcaption><\/figure>\n<p class=\"paragraph\">Adem\u00e1s, incluye una inversi\u00f3n superior a 175 mil millones de d\u00f3lares en un sistema antimisiles compartido, con bases y radares desplegados en distintos puntos de Am\u00e9rica Latina y el Caribe. Este escudo permitir\u00eda interceptar amenazas bal\u00edsticas dirigidas hacia EE.UU. desde la regi\u00f3n.<\/p>\n<div class=\"c-detail__box \">\n<article class=\"c-detail__sumario \">\n<figure class=\"c-detail__sumario__thumb\" style=\"display: block;\">\n            <a href=\"#\" title=\"\">\n                <picture data-size=\"w:140,h:140\" loading=\"lazy\" src=\"https:\/\/imagenes.hoy.com.do\/files\/related_image\/uploads\/2026\/03\/07\/69ac56ea41e5b.jpeg\" data-full-src=\"https:\/\/imagenes.hoy.com.do\/uploads\/2026\/03\/07\/69ac56ea41e5b.jpeg\">\n                    <img loading=\"lazy\" decoding=\"async\" width=\"140\" height=\"140\" alt=\"Luis Abinader y Donald Trump\" src=\"https:\/\/imagenes.hoy.com.do\/uploads\/2026\/03\/07\/69ac56ea41e5b.jpeg\"\/>\n                <\/picture>\n            <\/a><br \/>\n        <\/figure>\n<\/article>\n<\/div>\n<p class=\"paragraph\">El polit\u00f3log<b>o Franklin Mercado<\/b>, consultado sobre la iniciativa, explic\u00f3 que el acuerdo otorga a Washington un margen de acci\u00f3n especial: \u201cEstados Unidos podr\u00eda realizar operaciones militares en espacio a\u00e9reo y mar\u00edtimo de pa\u00edses aliados sin necesidad de solicitar permisos previos, amparado en un pacto de protecci\u00f3n conjunta\u201d.<\/p>\n<figure class=\"c-detail__media-link \">\n<p>    <a href=\"https:\/\/hoy.com.do\/\">\n        <picture class=\"c-detail__media__thumb\" data-size=\"w:414,h:276\"><source srcset=\"https:\/\/imagenes.hoy.com.do\/files\/vertical_image_desktop\/uploads\/2025\/11\/08\/690f546632eb2.jpeg\" media=\"(min-width: 992px)\"\/><source srcset=\"https:\/\/imagenes.hoy.com.do\/files\/vertical_image_tablet\/uploads\/2025\/11\/08\/690f546632eb2.jpeg\" media=\"(min-width: 768px)\"\/><img decoding=\"async\" src=\"https:\/\/imagenes.hoy.com.do\/uploads\/2025\/11\/08\/690f546632eb2.jpeg\" loading=\"lazy\" alt=\"Polit\u00f3logo Franklin Mercado\" width=\"414\" height=\"276\"\/><\/picture><figcaption class=\"c-detail__media__txt\">\n<p class=\"c-detail__media__subtitle\">\n<p>            <span class=\"c-detail__media__credit \">Polit\u00f3logo Franklin Mercado<\/span><span class=\"c-detail__media__author \">Referencia<\/span><\/p>\n<\/figcaption><\/a><br \/>\n<\/figure>\n<p class=\"paragraph\">Mercado a\u00f1adi\u00f3 que este tipo de proyectos redefine la relaci\u00f3n de poder en la regi\u00f3n: \u201cNo se trata solo de combatir el crimen organizado; es tambi\u00e9n un mecanismo de influencia geopol\u00edtica que coloca a Estados Unidos como garante de la seguridad hemisf\u00e9rica\u201d.<\/p>\n<p class=\"paragraph\">Sobre el impacto en pa\u00edses como Rep\u00fablica Dominicana, el experto se\u00f1al\u00f3: \u201cLa instalaci\u00f3n de bases o radares antimisiles en el Caribe convierte a estas naciones en piezas estrat\u00e9gicas de un tablero militar global, con beneficios en seguridad, pero tambi\u00e9n con riesgos de soberan\u00eda\u201d.<\/p>\n<p class=\"paragraph\">Finalmente, Mercado advirti\u00f3 que la iniciativa abre un debate profundo: \u201cEscudo de las Am\u00e9ricas puede interpretarse como una alianza defensiva, pero tambi\u00e9n como una ampliaci\u00f3n del radio de acci\u00f3n militar estadounidense en el continente. La pregunta es hasta qu\u00e9 punto los Estados aceptar\u00e1n ceder parte de su autonom\u00eda en nombre de la seguridad compartida\u201d.<\/p>\n<\/div>\n","protected":false},"excerpt":{"rendered":"<p>La administraci\u00f3n de Donald Trump ha puesto en marcha la iniciativa pol\u00edtico-militar Escudo de las Am\u00e9ricas, un proyecto que busca enfrentar el narcotr\u00e1fico, el tr\u00e1fico de personas y otros delitos transnacionales en el hemisferio occidental, al tiempo que refuerza la seguridad estrat\u00e9gica de Estados Unidos. El plan contempla operaciones conjuntas con tecnolog\u00eda militar avanzada ,<\/p>\n","protected":false},"author":1,"featured_media":26017,"comment_status":"open","ping_status":"open","sticky":false,"template":"","format":"standard","meta":{"footnotes":""},"categories":[3],"tags":[],"class_list":["post-26532","post","type-post","status-publish","format-standard","has-post-thumbnail","hentry","category-internacionales"],"_links":{"self":[{"href":"https:\/\/acronoticias.com\/index.php\/wp-json\/wp\/v2\/posts\/26532","targetHints":{"allow":["GET"]}}],"collection":[{"href":"https:\/\/acronoticias.com\/index.php\/wp-json\/wp\/v2\/posts"}],"about":[{"href":"https:\/\/acronoticias.com\/index.php\/wp-json\/wp\/v2\/types\/post"}],"author":[{"embeddable":true,"href":"https:\/\/acronoticias.com\/index.php\/wp-json\/wp\/v2\/users\/1"}],"replies":[{"embeddable":true,"href":"https:\/\/acronoticias.com\/index.php\/wp-json\/wp\/v2\/comments?post=26532"}],"version-history":[{"count":0,"href":"https:\/\/acronoticias.com\/index.php\/wp-json\/wp\/v2\/posts\/26532\/revisions"}],"wp:featuredmedia":[{"embeddable":true,"href":"https:\/\/acronoticias.com\/index.php\/wp-json\/wp\/v2\/media\/26017"}],"wp:attachment":[{"href":"https:\/\/acronoticias.com\/index.php\/wp-json\/wp\/v2\/media?parent=26532"}],"wp:term":[{"taxonomy":"category","embeddable":true,"href":"https:\/\/acronoticias.com\/index.php\/wp-json\/wp\/v2\/categories?post=26532"},{"taxonomy":"post_tag","embeddable":true,"href":"https:\/\/acronoticias.com\/index.php\/wp-json\/wp\/v2\/tags?post=26532"}],"curies":[{"name":"wp","href":"https:\/\/api.w.org\/{rel}","templated":true}]}}