{"id":26528,"date":"2026-03-09T21:45:46","date_gmt":"2026-03-09T21:45:46","guid":{"rendered":"https:\/\/acronoticias.com\/index.php\/2026\/03\/09\/dia-del-ministerio-publico-y-natalicio-de-sanchez-en\/"},"modified":"2026-03-09T21:45:46","modified_gmt":"2026-03-09T21:45:46","slug":"dia-del-ministerio-publico-y-natalicio-de-sanchez-en","status":"publish","type":"post","link":"https:\/\/acronoticias.com\/index.php\/2026\/03\/09\/dia-del-ministerio-publico-y-natalicio-de-sanchez-en\/","title":{"rendered":"D\u00eda del Ministerio P\u00fablico y natalicio de S\u00e1nchez en"},"content":{"rendered":"<div id=\"nota-texto\">\n<p><strong>Sabaneta<\/strong>, <strong>Santiago Rodr\u00edguez<\/strong>. \u2013 Este lunes 9 de marzo, autoridades civiles, militares y representantes de distintas instituciones conmemoraron el D\u00eda del Ministerio P\u00fablico y el natalicio del patricio <strong>Francisco del Rosario S\u00e1nchez<\/strong> con la realizaci\u00f3n de varias actividades en la provincia de <strong>Santiago Rodr\u00edguez<\/strong>.<\/p>\n<p>Las actividades fueron encabezadas por la magistrada fiscal <strong>Sumaya Rodr\u00edguez<\/strong>, titular del <strong>Ministerio P\u00fablico<\/strong> en esta demarcaci\u00f3n, junto a la gobernadora provincial, <strong>Glehany Azcona<\/strong>; el coronel <strong>Alberto D\u00edaz Olivero<\/strong>, director del <strong>Departamento Policial de Santiago Rodr\u00edguez<\/strong>; y el director provincial de la <strong>Defensa Civil<\/strong>, <strong>H\u00e9ctor Bienvenido Rodr\u00edguez<\/strong>.<\/p>\n<blockquote class=\"wp-block-quote has-pale-cyan-blue-background-color has-background is-layout-flow wp-block-quote-is-layout-flow\">\n<p>Tambi\u00e9n participaron directores de oficinas gubernamentales, miembros de los cuerpos castrenses, representantes de la prensa y otras <strong>personalidades invitadas.<\/strong><\/p>\n<\/blockquote>\n<p>La jornada inici\u00f3 con una homil\u00eda celebrada en la parroquia <strong>San Ignacio de Sabaneta<\/strong>, donde se elev\u00f3 una oraci\u00f3n en honor al patricio y por la labor del <strong>Ministerio P\u00fablico<\/strong> en favor de la justicia.<\/p>\n<h3 class=\"wp-block-heading\">Homil\u00eda en honor a S\u00e1nchez<\/h3>\n<p>Posteriormente, las autoridades se trasladaron al sal\u00f3n de actos de la <strong>Gobernaci\u00f3n Provincial de Santiago Rodr\u00edguez<\/strong>, donde la titular del <strong>Ministerio P\u00fablico<\/strong> present\u00f3 su rendici\u00f3n de cuentas sobre las acciones desarrolladas por la instituci\u00f3n en la provincia.<\/p>\n<h3 class=\"wp-block-heading\">Rendici\u00f3n de cuentas del Ministerio P\u00fablico<\/h3>\n<ul class=\"wp-block-list\">\n<li>Las actividades concluyeron con el dep\u00f3sito de ofrendas florales en el busto erigido en honor al patricio <strong>Francisco del Rosario S\u00e1nchez<\/strong>, como muestra de respeto y reconocimiento a su legado hist\u00f3rico en la lucha por la independencia nacional.<\/li>\n<\/ul>\n<\/div>\n","protected":false},"excerpt":{"rendered":"<p>Sabaneta, Santiago Rodr\u00edguez. \u2013 Este lunes 9 de marzo, autoridades civiles, militares y representantes de distintas instituciones conmemoraron el D\u00eda del Ministerio P\u00fablico y el natalicio del patricio Francisco del Rosario S\u00e1nchez con la realizaci\u00f3n de varias actividades en la provincia de Santiago Rodr\u00edguez. Las actividades fueron encabezadas por la magistrada fiscal Sumaya Rodr\u00edguez, titular<\/p>\n","protected":false},"author":1,"featured_media":26529,"comment_status":"open","ping_status":"open","sticky":false,"template":"","format":"standard","meta":{"footnotes":""},"categories":[1],"tags":[],"class_list":["post-26528","post","type-post","status-publish","format-standard","has-post-thumbnail","hentry","category-nacionales"],"_links":{"self":[{"href":"https:\/\/acronoticias.com\/index.php\/wp-json\/wp\/v2\/posts\/26528","targetHints":{"allow":["GET"]}}],"collection":[{"href":"https:\/\/acronoticias.com\/index.php\/wp-json\/wp\/v2\/posts"}],"about":[{"href":"https:\/\/acronoticias.com\/index.php\/wp-json\/wp\/v2\/types\/post"}],"author":[{"embeddable":true,"href":"https:\/\/acronoticias.com\/index.php\/wp-json\/wp\/v2\/users\/1"}],"replies":[{"embeddable":true,"href":"https:\/\/acronoticias.com\/index.php\/wp-json\/wp\/v2\/comments?post=26528"}],"version-history":[{"count":0,"href":"https:\/\/acronoticias.com\/index.php\/wp-json\/wp\/v2\/posts\/26528\/revisions"}],"wp:featuredmedia":[{"embeddable":true,"href":"https:\/\/acronoticias.com\/index.php\/wp-json\/wp\/v2\/media\/26529"}],"wp:attachment":[{"href":"https:\/\/acronoticias.com\/index.php\/wp-json\/wp\/v2\/media?parent=26528"}],"wp:term":[{"taxonomy":"category","embeddable":true,"href":"https:\/\/acronoticias.com\/index.php\/wp-json\/wp\/v2\/categories?post=26528"},{"taxonomy":"post_tag","embeddable":true,"href":"https:\/\/acronoticias.com\/index.php\/wp-json\/wp\/v2\/tags?post=26528"}],"curies":[{"name":"wp","href":"https:\/\/api.w.org\/{rel}","templated":true}]}}