{"id":26518,"date":"2026-03-09T20:57:47","date_gmt":"2026-03-09T20:57:47","guid":{"rendered":"https:\/\/acronoticias.com\/index.php\/2026\/03\/09\/rina-por-celos-en-monte-plata-deja-dos-heridos-con-arma\/"},"modified":"2026-03-09T20:57:47","modified_gmt":"2026-03-09T20:57:47","slug":"rina-por-celos-en-monte-plata-deja-dos-heridos-con-arma","status":"publish","type":"post","link":"https:\/\/acronoticias.com\/index.php\/2026\/03\/09\/rina-por-celos-en-monte-plata-deja-dos-heridos-con-arma\/","title":{"rendered":"Ri\u00f1a por celos en Monte Plata deja dos heridos con arma"},"content":{"rendered":"<div id=\"nota-texto\">\n<p><strong>Monte Plata<\/strong>. \u2013 Dos hombres resultaron heridos con arma blanca tras protagonizar una ri\u00f1a, presuntamente motivada por celos, en un hecho ocurrido la ma\u00f1ana de este domingo en la comunidad <strong>La Gu\u00e1zuma<\/strong>, del municipio <strong>Peralvillo<\/strong>, provincia <strong>Monte Plata<\/strong>.<\/p>\n<p>De acuerdo con informaciones, el incidente se registr\u00f3 alrededor de las 6:30 de la ma\u00f1ana, luego de que una llamada al <strong>Sistema Nacional de Emergencias 9-1-1<\/strong> alertara a las autoridades sobre una pelea en la calle principal de la referida comunidad.<\/p>\n<p>Los involucrados fueron identificados como <strong>Juan Manuel Ortega<\/strong>, de 26 a\u00f1os, residente en <strong>La Gu\u00e1zuma<\/strong> de <strong>Peralvillo<\/strong>, quien presenta heridas de arma blanca en el rostro y el brazo derecho.<\/p>\n<ul class=\"wp-block-list\">\n<li>Mientras que <strong>Miguel Ferrer de los Santos<\/strong>, de 43 a\u00f1os, residente en la misma comunidad, presenta m\u00faltiples heridas en distintas partes del cuerpo.<\/li>\n<\/ul>\n<blockquote class=\"wp-block-quote is-layout-flow wp-block-quote-is-layout-flow\">\n<p>Seg\u00fan el reporte policial, ambos hombres se enfrentaron en una ri\u00f1a presuntamente motivada por celos y permanecen bajo <strong>custodia policial.<\/strong><\/p>\n<\/blockquote>\n<h2 class=\"wp-block-heading\">Acciones legales<\/h2>\n<ul class=\"wp-block-list\">\n<li>Las autoridades informaron que ser\u00e1n puestos a disposici\u00f3n del <strong>Ministerio P\u00fablico<\/strong> para los fines legales correspondientes.<\/li>\n<\/ul>\n<\/div>\n","protected":false},"excerpt":{"rendered":"<p>Monte Plata. \u2013 Dos hombres resultaron heridos con arma blanca tras protagonizar una ri\u00f1a, presuntamente motivada por celos, en un hecho ocurrido la ma\u00f1ana de este domingo en la comunidad La Gu\u00e1zuma, del municipio Peralvillo, provincia Monte Plata. De acuerdo con informaciones, el incidente se registr\u00f3 alrededor de las 6:30 de la ma\u00f1ana, luego de<\/p>\n","protected":false},"author":1,"featured_media":26519,"comment_status":"open","ping_status":"open","sticky":false,"template":"","format":"standard","meta":{"footnotes":""},"categories":[1],"tags":[],"class_list":["post-26518","post","type-post","status-publish","format-standard","has-post-thumbnail","hentry","category-nacionales"],"_links":{"self":[{"href":"https:\/\/acronoticias.com\/index.php\/wp-json\/wp\/v2\/posts\/26518","targetHints":{"allow":["GET"]}}],"collection":[{"href":"https:\/\/acronoticias.com\/index.php\/wp-json\/wp\/v2\/posts"}],"about":[{"href":"https:\/\/acronoticias.com\/index.php\/wp-json\/wp\/v2\/types\/post"}],"author":[{"embeddable":true,"href":"https:\/\/acronoticias.com\/index.php\/wp-json\/wp\/v2\/users\/1"}],"replies":[{"embeddable":true,"href":"https:\/\/acronoticias.com\/index.php\/wp-json\/wp\/v2\/comments?post=26518"}],"version-history":[{"count":0,"href":"https:\/\/acronoticias.com\/index.php\/wp-json\/wp\/v2\/posts\/26518\/revisions"}],"wp:featuredmedia":[{"embeddable":true,"href":"https:\/\/acronoticias.com\/index.php\/wp-json\/wp\/v2\/media\/26519"}],"wp:attachment":[{"href":"https:\/\/acronoticias.com\/index.php\/wp-json\/wp\/v2\/media?parent=26518"}],"wp:term":[{"taxonomy":"category","embeddable":true,"href":"https:\/\/acronoticias.com\/index.php\/wp-json\/wp\/v2\/categories?post=26518"},{"taxonomy":"post_tag","embeddable":true,"href":"https:\/\/acronoticias.com\/index.php\/wp-json\/wp\/v2\/tags?post=26518"}],"curies":[{"name":"wp","href":"https:\/\/api.w.org\/{rel}","templated":true}]}}