{"id":26514,"date":"2026-03-09T20:25:48","date_gmt":"2026-03-09T20:25:48","guid":{"rendered":"https:\/\/acronoticias.com\/index.php\/2026\/03\/09\/protestan-contra-posible-cancelacion-de-directora-de-escuela-en-san-juan-el-nuevo-diario-republica-dominicana\/"},"modified":"2026-03-09T20:25:48","modified_gmt":"2026-03-09T20:25:48","slug":"protestan-contra-posible-cancelacion-de-directora-de-escuela-en-san-juan-el-nuevo-diario-republica-dominicana","status":"publish","type":"post","link":"https:\/\/acronoticias.com\/index.php\/2026\/03\/09\/protestan-contra-posible-cancelacion-de-directora-de-escuela-en-san-juan-el-nuevo-diario-republica-dominicana\/","title":{"rendered":"Protestan contra posible cancelaci\u00f3n de directora de escuela en San Juan \u2013 El Nuevo Diario (Rep\u00fablica Dominicana)"},"content":{"rendered":"<div>\n<div id=\"gemini-summary-wrapper\" class=\"mb-3\">\n                <button id=\"btn-get-summary\" class=\"gemini-btn\" data-post-id=\"3042782\" data-post-title=\"Protestan contra posible cancelaci\u00f3n de directora de escuela en San Juan\"><br \/>\n                    Leer resumen <b class=\"d-none d-md-inline\">de la noticia<\/b> (IA) <span>CLICK AQU\u00cd<\/span><br \/>\n                <\/button><\/p>\n<div id=\"gemini-loading\" class=\"mb-3\">\n<p>                    <span>Analizando noticia&#8230; por favor espera.<\/span>\n                <\/div>\n<\/p><\/div>\n<p>EL NUEVO DUARIO, SAN JUAN.- La Asociaci\u00f3n Dominicana de Profesores (ADP) seccional San Juan suspendi\u00f3 este lunes la docencia en el Centro Educativo Nivel B\u00e1sico Jos\u00e9 Ascenci\u00f3n Garc\u00eda S\u00e1nchez como una forma de protesta contra la posible cancelaci\u00f3n de su actual directora.<\/p>\n<p>De acuerdo a la Asociaci\u00f3n de Padres, Madres, Tutores y Amigos de la Escuela (Apmae), la profesora Ana Estela D\u00edaz Terrero, qui\u00e9n se desempe\u00f1a desde el a\u00f1o 2015 como directora regente del referido plantel, est\u00e1 siendo de objeto de \u00abvulneraci\u00f3n\u00bb, ya que desde octubre su desempe\u00f1o ha sido evaluado varias veces, a pesas de que el Ministerio de Educaci\u00f3n (Minerd) haya dicho que su cargo no es objeto de evaluaci\u00f3n.<\/p>\n<p>La Apmae aclar\u00f3 que el paro de clases fue convocado por la ADP municipal en apoyo de la directora, ya que, seg\u00fan dijeron, la misma agot\u00f3 todos los pasos para resolver su caso.<\/p>\n<p>\u00abMe est\u00e1n haciendo tomar un trago bastante amargo, porque no creo merecerme el trato que me est\u00e1n dando, para m\u00ed es inc\u00f3modo, nunca pens\u00e9 que yo iba a pasar por esta situaci\u00f3n\u00bb, expres\u00f3 Ana Estela D\u00edaz Terrero para luego narrar c\u00f3mo lleg\u00f3 a ocupar el citado cargo.<\/p>\n<p>Por otro lado, los padres manifestaron su preocupaci\u00f3n por la suspensi\u00f3n de docencia que afecta a los estudiantes.<\/p>\n<p>ADDP\/<\/p>\n<p><h3 class=\"jp-relatedposts-headline\"><em>Relacionado<\/em><\/h3>\n<\/p>\n<p>\t\t\t\t\t\t<!-- .entry-footer --><br \/>\n\t\t\t\t\t\t<!-- \n\n<div data-type=\"_mgwidget\" data-widget-id=\"1743501\"><\/div>\n\n  -->\n\t\t\t\t\t<\/div>\n","protected":false},"excerpt":{"rendered":"<p>Leer resumen de la noticia (IA) CLICK AQU\u00cd Analizando noticia&#8230; por favor espera. EL NUEVO DUARIO, SAN JUAN.- La Asociaci\u00f3n Dominicana de Profesores (ADP) seccional San Juan suspendi\u00f3 este lunes la docencia en el Centro Educativo Nivel B\u00e1sico Jos\u00e9 Ascenci\u00f3n Garc\u00eda S\u00e1nchez como una forma de protesta contra la posible cancelaci\u00f3n de su actual directora.<\/p>\n","protected":false},"author":1,"featured_media":26515,"comment_status":"open","ping_status":"open","sticky":false,"template":"","format":"standard","meta":{"footnotes":""},"categories":[1],"tags":[],"class_list":["post-26514","post","type-post","status-publish","format-standard","has-post-thumbnail","hentry","category-nacionales"],"_links":{"self":[{"href":"https:\/\/acronoticias.com\/index.php\/wp-json\/wp\/v2\/posts\/26514","targetHints":{"allow":["GET"]}}],"collection":[{"href":"https:\/\/acronoticias.com\/index.php\/wp-json\/wp\/v2\/posts"}],"about":[{"href":"https:\/\/acronoticias.com\/index.php\/wp-json\/wp\/v2\/types\/post"}],"author":[{"embeddable":true,"href":"https:\/\/acronoticias.com\/index.php\/wp-json\/wp\/v2\/users\/1"}],"replies":[{"embeddable":true,"href":"https:\/\/acronoticias.com\/index.php\/wp-json\/wp\/v2\/comments?post=26514"}],"version-history":[{"count":0,"href":"https:\/\/acronoticias.com\/index.php\/wp-json\/wp\/v2\/posts\/26514\/revisions"}],"wp:featuredmedia":[{"embeddable":true,"href":"https:\/\/acronoticias.com\/index.php\/wp-json\/wp\/v2\/media\/26515"}],"wp:attachment":[{"href":"https:\/\/acronoticias.com\/index.php\/wp-json\/wp\/v2\/media?parent=26514"}],"wp:term":[{"taxonomy":"category","embeddable":true,"href":"https:\/\/acronoticias.com\/index.php\/wp-json\/wp\/v2\/categories?post=26514"},{"taxonomy":"post_tag","embeddable":true,"href":"https:\/\/acronoticias.com\/index.php\/wp-json\/wp\/v2\/tags?post=26514"}],"curies":[{"name":"wp","href":"https:\/\/api.w.org\/{rel}","templated":true}]}}