{"id":26508,"date":"2026-03-09T20:02:42","date_gmt":"2026-03-09T20:02:42","guid":{"rendered":"https:\/\/acronoticias.com\/index.php\/2026\/03\/09\/cortes-electricos-de-hasta-el-60-este\/"},"modified":"2026-03-09T20:02:42","modified_gmt":"2026-03-09T20:02:42","slug":"cortes-electricos-de-hasta-el-60-este","status":"publish","type":"post","link":"https:\/\/acronoticias.com\/index.php\/2026\/03\/09\/cortes-electricos-de-hasta-el-60-este\/","title":{"rendered":"cortes el\u00e9ctricos de hasta el 60% este"},"content":{"rendered":"<div id=\"nota-texto\">\n<p><strong>La Habana<\/strong>. \u2013 Cuba tendr\u00e1 prolongados cortes el\u00e9ctricos en todo el pa\u00eds este lunes, apagones que desconectar\u00e1n a la vez hasta el 60 % de la isla en el momento de mayor demanda energ\u00e9tica, seg\u00fan datos de la estatal <strong>Uni\u00f3n El\u00e9ctrica<\/strong> (UNE) elaborados por <strong>EFE<\/strong>.<\/p>\n<p>Cuba atraviesa una profunda crisis energ\u00e9tica desde mediados de 2024, pero el asedio petrolero impuesto por el Gobierno de <strong>EE.UU.<\/strong> desde enero ha elevado los apagones, paralizando casi por completo la econom\u00eda y disparando el malestar social.<\/p>\n<p>Las mayores tasas de d\u00e9ficit desde que <strong>Cuba<\/strong> empez\u00f3 en 2022 a difundir regularmente estad\u00edsticas energ\u00e9ticas se registraron la semana pasada, con un 68 % el viernes y un 64 % el lunes. Adem\u00e1s, el mi\u00e9rcoles se produjo un apag\u00f3n por aver\u00eda que dej\u00f3 a seis millones sin corriente.<\/p>\n<h2 class=\"wp-block-heading\">Crisis energ\u00e9tica en Cuba<\/h2>\n<p>La <strong>UNE<\/strong>, adscrita al <strong>Ministerio<\/strong> cubano de <strong>Energ\u00eda<\/strong> y <strong>Minas<\/strong>, prev\u00e9 para el horario de mayor demanda de esta jornada, en la tarde-noche, una capacidad de generaci\u00f3n de 1,250 megavatios (MW) y una demanda m\u00e1xima de 3,080 MW.<\/p>\n<p>El d\u00e9ficit -la diferencia entre oferta y demanda- ser\u00e1 de 1,830 MW y la afectaci\u00f3n estimada -lo que se desconectar\u00e1 realmente para evitar apagones <strong>desordenados- alcanzar\u00e1 los 1,850 MW.<\/strong><\/p>\n<h3 class=\"wp-block-heading\">D\u00e9ficit y apagones recientes<\/h3>\n<p>Actualmente, ocho de las 16 unidades de generaci\u00f3n termoel\u00e9ctrica del pa\u00eds no est\u00e1n operativas por aver\u00edas o trabajos de mantenimiento (cuando esta fuente es responsable del 40% del <strong>mix<\/strong> energ\u00e9tico).<\/p>\n<p>Estas afectaciones no est\u00e1n ligadas al bloqueo petrolero de <strong>EE.UU.<\/strong> (porque emplean en su mayor\u00eda petr\u00f3leo nacional), sino a las condiciones en que operan estas obsoletas infraestructuras, con d\u00e9cadas de explotaci\u00f3n y un d\u00e9ficit cr\u00f3nico de inversiones.<\/p>\n<p>De otro 40 % del mix era responsable la llamada generaci\u00f3n distribuida (motores de di\u00e9sel y fueloil), que el <strong>Gobierno<\/strong> ha indicado que lleva desde enero completamente parada por la falta de combustible.<\/p>\n<h3 class=\"wp-block-heading\">Causas de la crisis<\/h3>\n<p>Expertos independientes indican que la crisis energ\u00e9tica cubana responde a una combinaci\u00f3n de infrafinanciaci\u00f3n cr\u00f3nica del sector y el actual bloqueo de <strong>EE.UU.<\/strong> El Gobierno cubano destaca sobre todo el impacto de las sanciones estadounidenses y acusa a <strong>Washington<\/strong> de \u201casfixia energ\u00e9tica\u201d.<\/p>\n<blockquote class=\"wp-block-quote is-layout-flow wp-block-quote-is-layout-flow\">\n<p>Varios c\u00e1lculos independientes estiman que ser\u00edan <strong>precisos entre 8,000 y<\/strong> 10,000 millones de d\u00f3lares para sanear el sistema el\u00e9ctrico.<\/p>\n<\/blockquote>\n<ul class=\"wp-block-list\">\n<li>Los apagones lastran la econom\u00eda, que se ha contra\u00eddo m\u00e1s de un 15 % desde 2020, seg\u00fan cifras oficiales. Adem\u00e1s, han sido el detonante de las principales protestas de los \u00faltimos a\u00f1os, incluidas las registradas este viernes y s\u00e1bado por la noche en varios puntos de <strong>La Habana<\/strong>.<\/li>\n<\/ul>\n<\/div>\n","protected":false},"excerpt":{"rendered":"<p>La Habana. \u2013 Cuba tendr\u00e1 prolongados cortes el\u00e9ctricos en todo el pa\u00eds este lunes, apagones que desconectar\u00e1n a la vez hasta el 60 % de la isla en el momento de mayor demanda energ\u00e9tica, seg\u00fan datos de la estatal Uni\u00f3n El\u00e9ctrica (UNE) elaborados por EFE. Cuba atraviesa una profunda crisis energ\u00e9tica desde mediados de 2024,<\/p>\n","protected":false},"author":1,"featured_media":26509,"comment_status":"open","ping_status":"open","sticky":false,"template":"","format":"standard","meta":{"footnotes":""},"categories":[3],"tags":[],"class_list":["post-26508","post","type-post","status-publish","format-standard","has-post-thumbnail","hentry","category-internacionales"],"_links":{"self":[{"href":"https:\/\/acronoticias.com\/index.php\/wp-json\/wp\/v2\/posts\/26508","targetHints":{"allow":["GET"]}}],"collection":[{"href":"https:\/\/acronoticias.com\/index.php\/wp-json\/wp\/v2\/posts"}],"about":[{"href":"https:\/\/acronoticias.com\/index.php\/wp-json\/wp\/v2\/types\/post"}],"author":[{"embeddable":true,"href":"https:\/\/acronoticias.com\/index.php\/wp-json\/wp\/v2\/users\/1"}],"replies":[{"embeddable":true,"href":"https:\/\/acronoticias.com\/index.php\/wp-json\/wp\/v2\/comments?post=26508"}],"version-history":[{"count":0,"href":"https:\/\/acronoticias.com\/index.php\/wp-json\/wp\/v2\/posts\/26508\/revisions"}],"wp:featuredmedia":[{"embeddable":true,"href":"https:\/\/acronoticias.com\/index.php\/wp-json\/wp\/v2\/media\/26509"}],"wp:attachment":[{"href":"https:\/\/acronoticias.com\/index.php\/wp-json\/wp\/v2\/media?parent=26508"}],"wp:term":[{"taxonomy":"category","embeddable":true,"href":"https:\/\/acronoticias.com\/index.php\/wp-json\/wp\/v2\/categories?post=26508"},{"taxonomy":"post_tag","embeddable":true,"href":"https:\/\/acronoticias.com\/index.php\/wp-json\/wp\/v2\/tags?post=26508"}],"curies":[{"name":"wp","href":"https:\/\/api.w.org\/{rel}","templated":true}]}}