{"id":26506,"date":"2026-03-09T19:53:53","date_gmt":"2026-03-09T19:53:53","guid":{"rendered":"https:\/\/acronoticias.com\/index.php\/2026\/03\/09\/exigen-al-minerd-atender-problemas-de-infraestructura-escolar-en-provincias-el-nuevo-diario-republica-dominicana\/"},"modified":"2026-03-09T19:53:53","modified_gmt":"2026-03-09T19:53:53","slug":"exigen-al-minerd-atender-problemas-de-infraestructura-escolar-en-provincias-el-nuevo-diario-republica-dominicana","status":"publish","type":"post","link":"https:\/\/acronoticias.com\/index.php\/2026\/03\/09\/exigen-al-minerd-atender-problemas-de-infraestructura-escolar-en-provincias-el-nuevo-diario-republica-dominicana\/","title":{"rendered":"Exigen al Minerd atender problemas de infraestructura escolar en provincias \u2013 El Nuevo Diario (Rep\u00fablica Dominicana)"},"content":{"rendered":"<p><i class=\"bi bi-camera-fill\" style=\"font-size:18px; color:var(--rojo)\"\/> Menegildo De La Rosa. (Foto: Corriente Magisterial Juan Pablo Duarte)<\/p>\n<div>\n<div id=\"gemini-summary-wrapper\" class=\"mb-3\">\n                <button id=\"btn-get-summary\" class=\"gemini-btn\" data-post-id=\"3042745\" data-post-title=\"Exigen al Minerd atender problemas de infraestructura escolar en provincias\"><br \/>\n                    Leer resumen <b class=\"d-none d-md-inline\">de la noticia<\/b> (IA) <span>CLICK AQU\u00cd<\/span><br \/>\n                <\/button><\/p>\n<div id=\"gemini-loading\" class=\"mb-3\">\n<p>                    <span>Analizando noticia&#8230; por favor espera.<\/span>\n                <\/div>\n<\/p><\/div>\n<p>EL NUEVO DIARIO, SANTO DOMINGO.- El secretario de comunicaciones y relaciones p\u00fablicas de la Asociaci\u00f3n Dominicana de Profesores (ADP), Menegildo De La Rosa, inst\u00f3 al Ministro de Educaci\u00f3n, Luis Miguel De Camps, a atender las demandas urgentes de las seccionales de la ADP, las cuales se encuentran movilizadas en varias provincias del pa\u00eds, debido a la problem\u00e1tica de infraestructura escolar.<\/p>\n<p>Seg\u00fan un comunicado, las protestas se est\u00e1n realizando en San Francisco de Macor\u00eds, Espaillat, Santiago, San Juan de la Maguana y Hermanas Mirabal, donde se denuncia el grave deterioro de la infraestructura escolar, el d\u00e9ficit de aulas, la paralizaci\u00f3n de numerosos centros educativos y la escasez de cupos para los estudiantes.<\/p>\n<p>De La Rosa destac\u00f3 la dedicaci\u00f3n del magisterio dominicano durante este a\u00f1o escolar, a pesar de las condiciones adversas, e indic\u00f3 que el Ministerio de Educaci\u00f3n no ha respondido con una inversi\u00f3n que prevenga la recurrencia de estos problemas.<\/p>\n<p>\u00abPese al enorme sacrificio realizado por el magisterio dominicano para desarrollar el presente a\u00f1o escolar en condiciones extremadamente dif\u00edciles, el Ministerio de Educaci\u00f3n no ha correspondido con una pol\u00edtica clara de inversi\u00f3n que garantice que estas problem\u00e1ticas no se repitan en el pr\u00f3ximo per\u00edodo escolar\u00bb, asever\u00f3.<\/p>\n<p>Adem\u00e1s, el dirigente magisterial se\u00f1al\u00f3 la demora en la finalizaci\u00f3n del proceso de evaluaci\u00f3n del desempe\u00f1o docente, pendiente desde hace m\u00e1s de tres a\u00f1os, lo que genera inseguridad entre miles de docentes que esperan los incentivos correspondientes.<\/p>\n<p>El profesor De la Rosa, tambi\u00e9n presidente de la Corriente Magisterial Juan Pablo Duarte, hizo un llamado al Presidente de la Rep\u00fablica y al Ministro de Educaci\u00f3n para que reconsideren la asignaci\u00f3n de los recursos del 4% destinado a la educaci\u00f3n, priorizando la construcci\u00f3n y finalizaci\u00f3n de escuelas, as\u00ed como la ampliaci\u00f3n de aulas para asegurar el acceso a una educaci\u00f3n digna.<\/p>\n<p>\u00abHizo un ferviente llamado al presidente de la Rep\u00fablica y al Ministro de Educaci\u00f3n para que se cambie el rumbo en la utilizaci\u00f3n de los recursos del 4% destinado a la educaci\u00f3n, priorizando la construcci\u00f3n y terminaci\u00f3n de escuelas, as\u00ed como la ampliaci\u00f3n de aulas que permitan garantizar el acceso a la educaci\u00f3n en condiciones dignas\u00bb, expres\u00f3.<\/p>\n<p>Finalmente, De La Rosa reiter\u00f3 su apoyo a las seccionales de la ADP que contin\u00faan en lucha y advirti\u00f3 que las movilizaciones del magisterio persistir\u00e1n hasta que las autoridades ofrezcan soluciones concretas a las necesidades del sector educativo.<\/p>\n<p><h3 class=\"jp-relatedposts-headline\"><em>Relacionado<\/em><\/h3>\n<\/p>\n<p>\t\t\t\t\t\t<!-- .entry-footer --><br \/>\n\t\t\t\t\t\t<!-- \n\n<div data-type=\"_mgwidget\" data-widget-id=\"1743501\"><\/div>\n\n  -->\n\t\t\t\t\t<\/div>\n","protected":false},"excerpt":{"rendered":"<p>Menegildo De La Rosa. (Foto: Corriente Magisterial Juan Pablo Duarte) Leer resumen de la noticia (IA) CLICK AQU\u00cd Analizando noticia&#8230; por favor espera. EL NUEVO DIARIO, SANTO DOMINGO.- El secretario de comunicaciones y relaciones p\u00fablicas de la Asociaci\u00f3n Dominicana de Profesores (ADP), Menegildo De La Rosa, inst\u00f3 al Ministro de Educaci\u00f3n, Luis Miguel De Camps,<\/p>\n","protected":false},"author":1,"featured_media":26507,"comment_status":"open","ping_status":"open","sticky":false,"template":"","format":"standard","meta":{"footnotes":""},"categories":[1],"tags":[],"class_list":["post-26506","post","type-post","status-publish","format-standard","has-post-thumbnail","hentry","category-nacionales"],"_links":{"self":[{"href":"https:\/\/acronoticias.com\/index.php\/wp-json\/wp\/v2\/posts\/26506","targetHints":{"allow":["GET"]}}],"collection":[{"href":"https:\/\/acronoticias.com\/index.php\/wp-json\/wp\/v2\/posts"}],"about":[{"href":"https:\/\/acronoticias.com\/index.php\/wp-json\/wp\/v2\/types\/post"}],"author":[{"embeddable":true,"href":"https:\/\/acronoticias.com\/index.php\/wp-json\/wp\/v2\/users\/1"}],"replies":[{"embeddable":true,"href":"https:\/\/acronoticias.com\/index.php\/wp-json\/wp\/v2\/comments?post=26506"}],"version-history":[{"count":0,"href":"https:\/\/acronoticias.com\/index.php\/wp-json\/wp\/v2\/posts\/26506\/revisions"}],"wp:featuredmedia":[{"embeddable":true,"href":"https:\/\/acronoticias.com\/index.php\/wp-json\/wp\/v2\/media\/26507"}],"wp:attachment":[{"href":"https:\/\/acronoticias.com\/index.php\/wp-json\/wp\/v2\/media?parent=26506"}],"wp:term":[{"taxonomy":"category","embeddable":true,"href":"https:\/\/acronoticias.com\/index.php\/wp-json\/wp\/v2\/categories?post=26506"},{"taxonomy":"post_tag","embeddable":true,"href":"https:\/\/acronoticias.com\/index.php\/wp-json\/wp\/v2\/tags?post=26506"}],"curies":[{"name":"wp","href":"https:\/\/api.w.org\/{rel}","templated":true}]}}