{"id":26504,"date":"2026-03-09T19:37:47","date_gmt":"2026-03-09T19:37:47","guid":{"rendered":"https:\/\/acronoticias.com\/index.php\/2026\/03\/09\/protesta-en-politecnico-manuel-maria-castillo-de-sfm\/"},"modified":"2026-03-09T19:37:47","modified_gmt":"2026-03-09T19:37:47","slug":"protesta-en-politecnico-manuel-maria-castillo-de-sfm","status":"publish","type":"post","link":"https:\/\/acronoticias.com\/index.php\/2026\/03\/09\/protesta-en-politecnico-manuel-maria-castillo-de-sfm\/","title":{"rendered":"Protesta en Polit\u00e9cnico Manuel Mar\u00eda Castillo de SFM:"},"content":{"rendered":"<div id=\"nota-texto\">\n<p><strong>San Francisco de Macor\u00eds<\/strong>.\u2013 Estudiantes del <strong>Polit\u00e9cnico Manuel Mar\u00eda Castillo<\/strong> protagonizan este lunes movilizaciones dentro del centro educativo, en reclamo de varias demandas relacionadas con la situaci\u00f3n del plantel.<\/p>\n<p>De acuerdo con informaciones preliminares, los estudiantes del <strong>Polit\u00e9cnico<\/strong> expresan su inconformidad por distintas problem\u00e1ticas que, seg\u00fan indican, afectan el funcionamiento del centro.<\/p>\n<h2 class=\"wp-block-heading\">Demandas de los estudiantes<\/h2>\n<p>Entre sus principales exigencias se encuentra el traslado del actual director del <strong>Polit\u00e9cnico<\/strong>, alegando desacuerdos con la gesti\u00f3n administrativa.<\/p>\n<blockquote class=\"wp-block-quote is-layout-flow wp-block-quote-is-layout-flow\">\n<p>Durante la protesta, los alumnos se concentraron en \u00e1reas del plantel manifestando sus reclamos y pidiendo la intervenci\u00f3n de las autoridades del <strong>Ministerio de Educaci\u00f3n<\/strong> para que escuchen sus planteamientos y ofrezcan una soluci\u00f3n a la situaci\u00f3n.<\/p>\n<\/blockquote>\n<h2 class=\"wp-block-heading\">Intervenci\u00f3n policial en la protesta<\/h2>\n<ul class=\"wp-block-list\">\n<li>Agentes policiales lanzaron bombas lacrim\u00f3genas tras ser enfrentados a piedras por los estudiantes.<\/li>\n<\/ul>\n<\/div>\n","protected":false},"excerpt":{"rendered":"<p>San Francisco de Macor\u00eds.\u2013 Estudiantes del Polit\u00e9cnico Manuel Mar\u00eda Castillo protagonizan este lunes movilizaciones dentro del centro educativo, en reclamo de varias demandas relacionadas con la situaci\u00f3n del plantel. De acuerdo con informaciones preliminares, los estudiantes del Polit\u00e9cnico expresan su inconformidad por distintas problem\u00e1ticas que, seg\u00fan indican, afectan el funcionamiento del centro. Demandas de los<\/p>\n","protected":false},"author":1,"featured_media":26505,"comment_status":"open","ping_status":"open","sticky":false,"template":"","format":"standard","meta":{"footnotes":""},"categories":[1],"tags":[],"class_list":["post-26504","post","type-post","status-publish","format-standard","has-post-thumbnail","hentry","category-nacionales"],"_links":{"self":[{"href":"https:\/\/acronoticias.com\/index.php\/wp-json\/wp\/v2\/posts\/26504","targetHints":{"allow":["GET"]}}],"collection":[{"href":"https:\/\/acronoticias.com\/index.php\/wp-json\/wp\/v2\/posts"}],"about":[{"href":"https:\/\/acronoticias.com\/index.php\/wp-json\/wp\/v2\/types\/post"}],"author":[{"embeddable":true,"href":"https:\/\/acronoticias.com\/index.php\/wp-json\/wp\/v2\/users\/1"}],"replies":[{"embeddable":true,"href":"https:\/\/acronoticias.com\/index.php\/wp-json\/wp\/v2\/comments?post=26504"}],"version-history":[{"count":0,"href":"https:\/\/acronoticias.com\/index.php\/wp-json\/wp\/v2\/posts\/26504\/revisions"}],"wp:featuredmedia":[{"embeddable":true,"href":"https:\/\/acronoticias.com\/index.php\/wp-json\/wp\/v2\/media\/26505"}],"wp:attachment":[{"href":"https:\/\/acronoticias.com\/index.php\/wp-json\/wp\/v2\/media?parent=26504"}],"wp:term":[{"taxonomy":"category","embeddable":true,"href":"https:\/\/acronoticias.com\/index.php\/wp-json\/wp\/v2\/categories?post=26504"},{"taxonomy":"post_tag","embeddable":true,"href":"https:\/\/acronoticias.com\/index.php\/wp-json\/wp\/v2\/tags?post=26504"}],"curies":[{"name":"wp","href":"https:\/\/api.w.org\/{rel}","templated":true}]}}