{"id":26496,"date":"2026-03-09T19:01:37","date_gmt":"2026-03-09T19:01:37","guid":{"rendered":"https:\/\/acronoticias.com\/index.php\/2026\/03\/09\/noboa-denuncia-injerencia-de-cuba-en-politica-de-ecuador\/"},"modified":"2026-03-09T19:01:37","modified_gmt":"2026-03-09T19:01:37","slug":"noboa-denuncia-injerencia-de-cuba-en-politica-de-ecuador","status":"publish","type":"post","link":"https:\/\/acronoticias.com\/index.php\/2026\/03\/09\/noboa-denuncia-injerencia-de-cuba-en-politica-de-ecuador\/","title":{"rendered":"Noboa denuncia injerencia de Cuba en pol\u00edtica de Ecuador"},"content":{"rendered":"<div id=\"nota-texto\">\n<p><strong>Quito. \u2013<\/strong> El presidente de <strong>Ecuador<\/strong>, <strong>Daniel Noboa<\/strong>, asegur\u00f3 este lunes que se hab\u00eda detectado injerencia en actividades \u00abpol\u00edticas, de disidencia e incluso violentas\u00bb en el pa\u00eds andino por parte de <strong>Cuba<\/strong>, a cuyos diplom\u00e1ticos expuls\u00f3 la semana pasada, incluido su embajador <strong>Basilio Guti\u00e9rrez<\/strong>.<\/p>\n<p>De lo que hemos visto, hab\u00eda bastante injerencia de parte de <strong>Cuba<\/strong> en actividades pol\u00edticas, en actividades tambi\u00e9n de disidencia, en actividades violentas, incluso, en algunos casos\u00bb, dijo sin entrar en detalles, en una entrevista con la radio <strong>Sucre<\/strong>.<\/p>\n<blockquote class=\"wp-block-quote is-layout-flow wp-block-quote-is-layout-flow\">\n<p>Noboa a\u00f1adi\u00f3 que cuando, \u00abcon evidencia suficiente\u00bb, <strong>se dijo a los diplom\u00e1ticos cubanos <\/strong>que saliesen del pa\u00eds, estos se pusieron a quemar documentaci\u00f3n; \u00abhicieron una parrillada de papeles\u00bb, dijo.<\/p>\n<\/blockquote>\n<p>El <strong>jefe de Estado<\/strong> cuestion\u00f3 ese hecho, pues \u00ablos documentos diplom\u00e1ticos tienen protecci\u00f3n, se pueden llevar sus documentos diplom\u00e1ticos, nosotros no los podemos tocar, eso de ah\u00ed va por valija diplom\u00e1tica\u00bb.<\/p>\n<ul class=\"wp-block-list\">\n<li>Nosotros no lo podemos tocar, pero aun as\u00ed quemaron papeles\u00bb, insisti\u00f3.<\/li>\n<\/ul>\n<p>A un comentario del entrevistador sobre que la quema de papeles quer\u00eda decir \u00abque estaban ocultando algo con toda seguridad\u00bb, <strong>Noboa<\/strong> respondi\u00f3: \u00abCorrecto, correcto. Definitivamente estaban ocultando algo o era la evidencia de actividades que no son correctas para cualquier misi\u00f3n diplom\u00e1tica\u00bb.<\/p>\n<h2 class=\"wp-block-heading\">Reacci\u00f3n de Cuba<\/h2>\n<p>El pasado viernes, el <strong>Gobierno<\/strong> cubano anunci\u00f3 el cese total e inmediato de las actividades de su embajada en <strong>Quito<\/strong> tras la decisi\u00f3n del Ejecutivo ecuatoriano de expulsar a todo su personal diplom\u00e1tico, consular y administrativo.<\/p>\n<p>El <strong>Ministerio de Relaciones Exteriores<\/strong> (<strong>Minrex<\/strong>) de <strong>Cuba<\/strong> asegur\u00f3 en un comunicado que tom\u00f3 esta decisi\u00f3n en respuesta a la \u00abarbitraria\u00bb, \u00abinjustificada\u00bb, \u00abhostil\u00bb, \u00abunilateral e inamistosa\u00bb medida del Gobierno de <strong>Ecuador<\/strong>.<\/p>\n<h2 class=\"wp-block-heading\">Caso Fernando Casado<\/h2>\n<p>En la entrevista, tambi\u00e9n se refiri\u00f3 a la rescisi\u00f3n de la residencia del espa\u00f1ol-venezolano <strong>Fernando Casado<\/strong>, cercano al movimiento <strong>Revoluci\u00f3n Ciudadana<\/strong> (<strong>RC<\/strong>), que lidera el exjefe de Estado <strong>Rafael Correa<\/strong> (2007-2017), la mayor fuerza de oposici\u00f3n al Gobierno de <strong>Noboa<\/strong>.<\/p>\n<p>El domingo, <strong>Correa<\/strong> public\u00f3 en su cuenta de <strong>X<\/strong>: \u00abRevocan residencia de <strong>Fernando Casado<\/strong>, profesor universitario y asesor de <strong>Luisa Gonz\u00e1lez<\/strong>, con oficio \u00absecreto\u00bb del <strong>Ministerio del Interior<\/strong>, por \u00abhaber cometido actos que atentan contra la seguridad p\u00fablica y estructura del Estado\u00bb.<\/p>\n<p>A\u00f1adi\u00f3 que <strong>Casado<\/strong> tiene doble nacionalidad: es espa\u00f1ol, pero su esposa es venezolana, as\u00ed que adquiri\u00f3 tambi\u00e9n esta \u00faltima ciudadan\u00eda. \u00abLa seguridad jur\u00eddica pulverizada\u00bb, afirm\u00f3 <strong>Correa<\/strong>.<\/p>\n<h3 class=\"wp-block-heading\">Declaraciones sobre Casado<\/h3>\n<p>Noboa dijo este lunes que <strong>Casado<\/strong> \u00abse va. Simplemente, si es que quiere estar aqu\u00ed para desestabilizar, para planificar desmadres, para incitar el desorden, no necesitamos gente as\u00ed en este pa\u00eds\u00bb.<\/p>\n<p>Encima de que se le permit\u00eda tener una vida tranquila en el <strong>Ecuador<\/strong> y ten\u00eda un sueldo hasta alt\u00edsimo en una universidad en <strong>Manab\u00ed<\/strong> en el pasado, ahora ya no, simplemente ya no, se va\u00bb.<\/p>\n<p>Noboa dijo que el caso de <strong>Casado<\/strong> tiene \u00abconexi\u00f3n\u00bb con el tema de <strong>Cuba<\/strong>: \u00abS\u00ed hay conexi\u00f3n, s\u00ed hay conexi\u00f3n, trabajan todos juntos\u00bb, coment\u00f3 el gobernante.\u00a0<\/p>\n<\/div>\n","protected":false},"excerpt":{"rendered":"<p>Quito. \u2013 El presidente de Ecuador, Daniel Noboa, asegur\u00f3 este lunes que se hab\u00eda detectado injerencia en actividades \u00abpol\u00edticas, de disidencia e incluso violentas\u00bb en el pa\u00eds andino por parte de Cuba, a cuyos diplom\u00e1ticos expuls\u00f3 la semana pasada, incluido su embajador Basilio Guti\u00e9rrez. De lo que hemos visto, hab\u00eda bastante injerencia de parte de<\/p>\n","protected":false},"author":1,"featured_media":26497,"comment_status":"open","ping_status":"open","sticky":false,"template":"","format":"standard","meta":{"footnotes":""},"categories":[3],"tags":[],"class_list":["post-26496","post","type-post","status-publish","format-standard","has-post-thumbnail","hentry","category-internacionales"],"_links":{"self":[{"href":"https:\/\/acronoticias.com\/index.php\/wp-json\/wp\/v2\/posts\/26496","targetHints":{"allow":["GET"]}}],"collection":[{"href":"https:\/\/acronoticias.com\/index.php\/wp-json\/wp\/v2\/posts"}],"about":[{"href":"https:\/\/acronoticias.com\/index.php\/wp-json\/wp\/v2\/types\/post"}],"author":[{"embeddable":true,"href":"https:\/\/acronoticias.com\/index.php\/wp-json\/wp\/v2\/users\/1"}],"replies":[{"embeddable":true,"href":"https:\/\/acronoticias.com\/index.php\/wp-json\/wp\/v2\/comments?post=26496"}],"version-history":[{"count":0,"href":"https:\/\/acronoticias.com\/index.php\/wp-json\/wp\/v2\/posts\/26496\/revisions"}],"wp:featuredmedia":[{"embeddable":true,"href":"https:\/\/acronoticias.com\/index.php\/wp-json\/wp\/v2\/media\/26497"}],"wp:attachment":[{"href":"https:\/\/acronoticias.com\/index.php\/wp-json\/wp\/v2\/media?parent=26496"}],"wp:term":[{"taxonomy":"category","embeddable":true,"href":"https:\/\/acronoticias.com\/index.php\/wp-json\/wp\/v2\/categories?post=26496"},{"taxonomy":"post_tag","embeddable":true,"href":"https:\/\/acronoticias.com\/index.php\/wp-json\/wp\/v2\/tags?post=26496"}],"curies":[{"name":"wp","href":"https:\/\/api.w.org\/{rel}","templated":true}]}}