{"id":26490,"date":"2026-03-09T18:17:45","date_gmt":"2026-03-09T18:17:45","guid":{"rendered":"https:\/\/acronoticias.com\/index.php\/2026\/03\/09\/carlos-manuel-dilone-pone-en-circulacion-su-obra-sobre-el-ingenio-barahona-el-nuevo-diario-republica-dominicana\/"},"modified":"2026-03-09T18:17:45","modified_gmt":"2026-03-09T18:17:45","slug":"carlos-manuel-dilone-pone-en-circulacion-su-obra-sobre-el-ingenio-barahona-el-nuevo-diario-republica-dominicana","status":"publish","type":"post","link":"https:\/\/acronoticias.com\/index.php\/2026\/03\/09\/carlos-manuel-dilone-pone-en-circulacion-su-obra-sobre-el-ingenio-barahona-el-nuevo-diario-republica-dominicana\/","title":{"rendered":"Carlos Manuel Dilon\u00e9 pone en circulaci\u00f3n su obra sobre el Ingenio Barahona \u2013 El Nuevo Diario (Rep\u00fablica Dominicana)"},"content":{"rendered":"<p><i class=\"bi bi-camera-fill\" style=\"font-size:18px; color:var(--rojo)\"\/> Carlos Manuel Dilon\u00e9 junto a personalidades (Foto: F\u00e9lix Lara\/ El Nuevo Diario)<\/p>\n<div>\n<div id=\"gemini-summary-wrapper\" class=\"mb-3\">\n                <button id=\"btn-get-summary\" class=\"gemini-btn\" data-post-id=\"3042538\" data-post-title=\"Carlos Manuel Dilon\u00e9 pone en circulaci\u00f3n su obra sobre el Ingenio Barahona\"><br \/>\n                    Leer resumen <b class=\"d-none d-md-inline\">de la noticia<\/b> (IA) <span>CLICK AQU\u00cd<\/span><br \/>\n                <\/button><\/p>\n<div id=\"gemini-loading\" class=\"mb-3\">\n<p>                    <span>Analizando noticia&#8230; por favor espera.<\/span>\n                <\/div>\n<\/p><\/div>\n<p>EL NUEVO DIARIO, SANTO DOMINGO. \u2013 El historiador Carlos Manuel Dilon\u00e9 puso en circulaci\u00f3n el s\u00e1bado su obra Ingenio Barahona: la fundaci\u00f3n del Batey Central y su impacto en el desarrollo de la provincia, durante un acto celebrado en la Sala Aida Cartagena Portalatin de la Biblioteca Nacional Pedro Henr\u00edquez Ure\u00f1a.<\/p>\n<p>El autor explic\u00f3 que el libro reconstruye el proceso de establecimiento del Ingenio Barahona como eje de un complejo econ\u00f3mico, social y territorial que transform\u00f3 de manera decisiva la provincia durante las primeras d\u00e9cadas del siglo XX, detalla un comunicado.<\/p>\n<p>Se\u00f1al\u00f3 que la investigaci\u00f3n se sustenta en el examen de archivos nacionales e internacionales, informes t\u00e9cnicos, registros empresariales y fuentes coloniales tempranas que permiten comprender la profundidad de los cambios generados por la industria azucarera.<\/p>\n<p>Dilon\u00e9 destac\u00f3 que la obra analiza las condiciones jur\u00eddicas de la propiedad comunera, la adquisici\u00f3n de terrenos ejidos, la construcci\u00f3n del sistema ferroviario, el muelle, el acueducto, el hospital y otras infraestructuras que acompa\u00f1aron la fundaci\u00f3n del Batey Central. Asimismo, explic\u00f3 los procedimientos empresariales utilizados para consolidar el proyecto azucarero y la formaci\u00f3n de un consorcio internacional que integr\u00f3 diversas compa\u00f1\u00edas bajo un mismo holding.<\/p>\n<p>El historiador indic\u00f3 adem\u00e1s que el estudio incorpora una revisi\u00f3n del territorio barahonero desde sus primeras menciones documentales en el siglo XVI, conservadas en el Archivo General de Indias, evidencias que permiten establecer la continuidad hist\u00f3rica de la regi\u00f3n y desmontar interpretaciones que sitian su origen en procesos posteriores.<\/p>\n<p>En su intervenci\u00f3n, subray\u00f3 el impacto tecnol\u00f3gico del central azucarero en la regi\u00f3n Enriquillo, destacando la implementaci\u00f3n de sistemas de riego y drenaje a gran escala, la mecanizaci\u00f3n agr\u00edcola y la transformaci\u00f3n del paisaje, as\u00ed como la llegada de miles de trabajadores nacionales y extranjeros que redefinieron la din\u00e1mica demogr\u00e1fica y cultural de la provincia.<\/p>\n<figure id=\"attachment_3042560\" aria-describedby=\"caption-attachment-3042560\" style=\"width: 2560px\" class=\"wp-caption alignnone\"><img loading=\"lazy\" data-recalc-dims=\"1\" data-dominant-color=\"6d788f\" data-has-transparency=\"false\" style=\"--dominant-color: #6d788f;\" decoding=\"async\" class=\"size-full wp-image-3042560 not-transparent\" src=\"https:\/\/i0.wp.com\/nuevodiario-assets.s3.us-east-2.amazonaws.com\/wp-content\/uploads\/2026\/03\/Carlos-Manuel-Dilone-Foto-Felix-Lara-El-Nuevo-Diario-1-scaled.jpeg?resize=640%2C480&amp;quality=100&amp;ssl=1\" alt=\"\" width=\"640\" height=\"480\" srcset=\"https:\/\/nuevodiario-assets.s3.us-east-2.amazonaws.com\/wp-content\/uploads\/2026\/03\/Carlos-Manuel-Dilone-Foto-Felix-Lara-El-Nuevo-Diario-1-scaled.jpeg 2560w, https:\/\/nuevodiario-assets.s3.us-east-2.amazonaws.com\/wp-content\/uploads\/2026\/03\/Carlos-Manuel-Dilone-Foto-Felix-Lara-El-Nuevo-Diario-1-scaled.jpeg 400w, https:\/\/nuevodiario-assets.s3.us-east-2.amazonaws.com\/wp-content\/uploads\/2026\/03\/Carlos-Manuel-Dilone-Foto-Felix-Lara-El-Nuevo-Diario-1-scaled.jpeg 800w, https:\/\/nuevodiario-assets.s3.us-east-2.amazonaws.com\/wp-content\/uploads\/2026\/03\/Carlos-Manuel-Dilone-Foto-Felix-Lara-El-Nuevo-Diario-1-scaled.jpeg 768w, https:\/\/nuevodiario-assets.s3.us-east-2.amazonaws.com\/wp-content\/uploads\/2026\/03\/Carlos-Manuel-Dilone-Foto-Felix-Lara-El-Nuevo-Diario-1-scaled.jpeg 1536w, https:\/\/nuevodiario-assets.s3.us-east-2.amazonaws.com\/wp-content\/uploads\/2026\/03\/Carlos-Manuel-Dilone-Foto-Felix-Lara-El-Nuevo-Diario-1-scaled.jpeg 2048w, https:\/\/nuevodiario-assets.s3.us-east-2.amazonaws.com\/wp-content\/uploads\/2026\/03\/Carlos-Manuel-Dilone-Foto-Felix-Lara-El-Nuevo-Diario-1-scaled.jpeg 600w, https:\/\/nuevodiario-assets.s3.us-east-2.amazonaws.com\/wp-content\/uploads\/2026\/03\/Carlos-Manuel-Dilone-Foto-Felix-Lara-El-Nuevo-Diario-1-scaled.jpeg 1280w, https:\/\/nuevodiario-assets.s3.us-east-2.amazonaws.com\/wp-content\/uploads\/2026\/03\/Carlos-Manuel-Dilone-Foto-Felix-Lara-El-Nuevo-Diario-1-scaled.jpeg 1920w\" sizes=\"auto, (max-width: 640px) 100vw, 640px\"\/><figcaption id=\"caption-attachment-3042560\" class=\"wp-caption-text\"><strong>Carlos Manuel Dilon\u00e9 al firmar libro (Foto: F\u00e9lix Lara\/ El Nuevo Diario)<\/strong><\/figcaption><\/figure>\n<p>M\u00e1s all\u00e1 de una cr\u00f3nica empresarial, la obra propone una interpretaci\u00f3n estructural del desarrollo regional, entendiendo el az\u00facar no solo como un producto, sino como un complejo econ\u00f3mico que exigi\u00f3 la modificaci\u00f3n simult\u00e1nea de infraestructuras, mercados y formas de organizaci\u00f3n social.<\/p>\n<p>La actividad reuni\u00f3 a acad\u00e9micos, investigadores, gestores culturales y representantes de distintos sectores vinculados al quehacer cultural y educativo del pa\u00eds.<\/p>\n<p>ADDP\/<\/p>\n<div class=\"tiled-gallery type-rectangular tiled-gallery-unresized\" data-original-width=\"640\" data-carousel-extra=\"null\" itemscope=\"\" itemtype=\"http:\/\/schema.org\/ImageGallery\">\n<div class=\"gallery-row\" style=\"width: 640px; height: 214px;\" data-original-width=\"640\" data-original-height=\"214\">\n<div class=\"gallery-group images-1\" style=\"width: 320px; height: 214px;\" data-original-width=\"320\" data-original-height=\"214\">\n<div class=\"tiled-gallery-item tiled-gallery-item-large\" itemprop=\"associatedMedia\" itemscope=\"\" itemtype=\"http:\/\/schema.org\/ImageObject\"> <a href=\"https:\/\/elnuevodiario.com.do\/carlos-manuel-dilone-pone-en-circulacion-su-obra-sobre-el-ingenio-barahona\/invitado-en-puesta-de-circulacion-del-libro-del-historiador-carlos-manuel-dilone-foto-felix-lara-el-nuevo-diario-1\/\" border=\"0\" itemprop=\"url\"> <meta itemprop=\"width\" content=\"316\"\/> <meta itemprop=\"height\" content=\"210\"\/> <img decoding=\"async\" class=\"\" data-attachment-id=\"3042563\" src=\"https:\/\/nuevodiario-assets.s3.us-east-2.amazonaws.com\/wp-content\/uploads\/2026\/03\/Invitado-en-puesta-de-circulacion-del-libro-del-historiador-Carlos-Manuel-Dilone-Foto-Felix-Lara-El-Nuevo-Diario-1.jpeg\" data-orig-size=\"1280,852\" data-comments-opened=\"\" data-image-meta=\"{&quot;aperture&quot;:&quot;0&quot;,&quot;credit&quot;:&quot;&quot;,&quot;camera&quot;:&quot;&quot;,&quot;caption&quot;:&quot;&quot;,&quot;created_timestamp&quot;:&quot;0&quot;,&quot;copyright&quot;:&quot;&quot;,&quot;focal_length&quot;:&quot;0&quot;,&quot;iso&quot;:&quot;0&quot;,&quot;shutter_speed&quot;:&quot;0&quot;,&quot;title&quot;:&quot;&quot;,&quot;orientation&quot;:&quot;0&quot;}\" data-image-title=\"Invitado en puesta de circulaci\u00f3n del libro del historiador Carlos Manuel Dilon\u00e9 (Foto F\u00e9lix Lara El Nuevo Diario) (1)\" data-image-description=\"\" data-medium-file=\"https:\/\/i0.wp.com\/nuevodiario-assets.s3.us-east-2.amazonaws.com\/wp-content\/uploads\/2026\/03\/Invitado-en-puesta-de-circulacion-del-libro-del-historiador-Carlos-Manuel-Dilone-Foto-Felix-Lara-El-Nuevo-Diario-1.jpeg?fit=400%2C266&amp;quality=100&amp;ssl=1\" data-large-file=\"https:\/\/i0.wp.com\/nuevodiario-assets.s3.us-east-2.amazonaws.com\/wp-content\/uploads\/2026\/03\/Invitado-en-puesta-de-circulacion-del-libro-del-historiador-Carlos-Manuel-Dilone-Foto-Felix-Lara-El-Nuevo-Diario-1.jpeg?fit=640%2C426&amp;quality=100&amp;ssl=1\" srcset=\"https:\/\/nuevodiario-assets.s3.us-east-2.amazonaws.com\/wp-content\/uploads\/2026\/03\/Invitado-en-puesta-de-circulacion-del-libro-del-historiador-Carlos-Manuel-Dilone-Foto-Felix-Lara-El-Nuevo-Diario-1.jpeg 1280w, https:\/\/nuevodiario-assets.s3.us-east-2.amazonaws.com\/wp-content\/uploads\/2026\/03\/Invitado-en-puesta-de-circulacion-del-libro-del-historiador-Carlos-Manuel-Dilone-Foto-Felix-Lara-El-Nuevo-Diario-1.jpeg 400w, https:\/\/nuevodiario-assets.s3.us-east-2.amazonaws.com\/wp-content\/uploads\/2026\/03\/Invitado-en-puesta-de-circulacion-del-libro-del-historiador-Carlos-Manuel-Dilone-Foto-Felix-Lara-El-Nuevo-Diario-1.jpeg 800w, https:\/\/nuevodiario-assets.s3.us-east-2.amazonaws.com\/wp-content\/uploads\/2026\/03\/Invitado-en-puesta-de-circulacion-del-libro-del-historiador-Carlos-Manuel-Dilone-Foto-Felix-Lara-El-Nuevo-Diario-1.jpeg 768w, https:\/\/nuevodiario-assets.s3.us-east-2.amazonaws.com\/wp-content\/uploads\/2026\/03\/Invitado-en-puesta-de-circulacion-del-libro-del-historiador-Carlos-Manuel-Dilone-Foto-Felix-Lara-El-Nuevo-Diario-1.jpeg 600w\" width=\"316\" height=\"210\" loading=\"lazy\" data-original-width=\"316\" data-original-height=\"210\" itemprop=\"http:\/\/schema.org\/image\" title=\"Invitado en puesta de circulaci\u00f3n del libro del historiador Carlos Manuel Dilon\u00e9 (Foto F\u00e9lix Lara El Nuevo Diario) (1)\" alt=\"Invitados en puesta de circulaci\u00f3n del libro del historiador Carlos Manuel Dilon\u00e9 (Foto F\u00e9lix Lara El Nuevo Diario) (2)\" style=\"width: 316px; height: 210px;\"\/> <\/a> <\/p>\n<p> Invitados en puesta de circulaci\u00f3n del libro del historiador Carlos Manuel Dilon\u00e9 (Foto F\u00e9lix Lara El Nuevo Diario) (2) <\/p>\n<\/p><\/div>\n<\/p><\/div>\n<p> <!-- close group --> <\/p>\n<div class=\"gallery-group images-1\" style=\"width: 320px; height: 214px;\" data-original-width=\"320\" data-original-height=\"214\">\n<div class=\"tiled-gallery-item tiled-gallery-item-large\" itemprop=\"associatedMedia\" itemscope=\"\" itemtype=\"http:\/\/schema.org\/ImageObject\"> <a href=\"https:\/\/elnuevodiario.com.do\/carlos-manuel-dilone-pone-en-circulacion-su-obra-sobre-el-ingenio-barahona\/invitado-en-puesta-de-circulacion-del-libro-del-historiador-carlos-manuel-dilone-foto-felix-lara-el-nuevo-diario-2\/\" border=\"0\" itemprop=\"url\"> <meta itemprop=\"width\" content=\"316\"\/> <meta itemprop=\"height\" content=\"210\"\/> <img decoding=\"async\" class=\"\" data-attachment-id=\"3042564\" src=\"https:\/\/nuevodiario-assets.s3.us-east-2.amazonaws.com\/wp-content\/uploads\/2026\/03\/Invitado-en-puesta-de-circulacion-del-libro-del-historiador-Carlos-Manuel-Dilone-Foto-Felix-Lara-El-Nuevo-Diario-2.jpeg\" data-orig-size=\"1280,852\" data-comments-opened=\"\" data-image-meta=\"{&quot;aperture&quot;:&quot;0&quot;,&quot;credit&quot;:&quot;&quot;,&quot;camera&quot;:&quot;&quot;,&quot;caption&quot;:&quot;&quot;,&quot;created_timestamp&quot;:&quot;0&quot;,&quot;copyright&quot;:&quot;&quot;,&quot;focal_length&quot;:&quot;0&quot;,&quot;iso&quot;:&quot;0&quot;,&quot;shutter_speed&quot;:&quot;0&quot;,&quot;title&quot;:&quot;&quot;,&quot;orientation&quot;:&quot;0&quot;}\" data-image-title=\"Invitados en puesta de circulaci\u00f3n del libro del historiador Carlos Manuel Dilon\u00e9 (Foto F\u00e9lix Lara El Nuevo Diario) (2)\" data-image-description=\"\" data-medium-file=\"https:\/\/i0.wp.com\/nuevodiario-assets.s3.us-east-2.amazonaws.com\/wp-content\/uploads\/2026\/03\/Invitado-en-puesta-de-circulacion-del-libro-del-historiador-Carlos-Manuel-Dilone-Foto-Felix-Lara-El-Nuevo-Diario-2.jpeg?fit=400%2C266&amp;quality=100&amp;ssl=1\" data-large-file=\"https:\/\/i0.wp.com\/nuevodiario-assets.s3.us-east-2.amazonaws.com\/wp-content\/uploads\/2026\/03\/Invitado-en-puesta-de-circulacion-del-libro-del-historiador-Carlos-Manuel-Dilone-Foto-Felix-Lara-El-Nuevo-Diario-2.jpeg?fit=640%2C426&amp;quality=100&amp;ssl=1\" srcset=\"https:\/\/nuevodiario-assets.s3.us-east-2.amazonaws.com\/wp-content\/uploads\/2026\/03\/Invitado-en-puesta-de-circulacion-del-libro-del-historiador-Carlos-Manuel-Dilone-Foto-Felix-Lara-El-Nuevo-Diario-2.jpeg 1280w, https:\/\/nuevodiario-assets.s3.us-east-2.amazonaws.com\/wp-content\/uploads\/2026\/03\/Invitado-en-puesta-de-circulacion-del-libro-del-historiador-Carlos-Manuel-Dilone-Foto-Felix-Lara-El-Nuevo-Diario-2.jpeg 400w, https:\/\/nuevodiario-assets.s3.us-east-2.amazonaws.com\/wp-content\/uploads\/2026\/03\/Invitado-en-puesta-de-circulacion-del-libro-del-historiador-Carlos-Manuel-Dilone-Foto-Felix-Lara-El-Nuevo-Diario-2.jpeg 800w, https:\/\/nuevodiario-assets.s3.us-east-2.amazonaws.com\/wp-content\/uploads\/2026\/03\/Invitado-en-puesta-de-circulacion-del-libro-del-historiador-Carlos-Manuel-Dilone-Foto-Felix-Lara-El-Nuevo-Diario-2.jpeg 768w, https:\/\/nuevodiario-assets.s3.us-east-2.amazonaws.com\/wp-content\/uploads\/2026\/03\/Invitado-en-puesta-de-circulacion-del-libro-del-historiador-Carlos-Manuel-Dilone-Foto-Felix-Lara-El-Nuevo-Diario-2.jpeg 600w\" width=\"316\" height=\"210\" loading=\"lazy\" data-original-width=\"316\" data-original-height=\"210\" itemprop=\"http:\/\/schema.org\/image\" title=\"Invitados en puesta de circulaci\u00f3n del libro del historiador Carlos Manuel Dilon\u00e9 (Foto F\u00e9lix Lara El Nuevo Diario) (2)\" alt=\"Invitados en puesta de circulaci\u00f3n del libro del historiador Carlos Manuel Dilon\u00e9 (Foto: F\u00e9lix Lara El Nuevo Diario)\" style=\"width: 316px; height: 210px;\"\/> <\/a> <\/p>\n<p> Invitados en puesta de circulaci\u00f3n del libro del historiador Carlos Manuel Dilon\u00e9 (Foto: F\u00e9lix Lara El Nuevo Diario) <\/p>\n<\/p><\/div>\n<\/p><\/div>\n<p> <!-- close group --> <\/div>\n<p> <!-- close row --> <\/div>\n<p><h3 class=\"jp-relatedposts-headline\"><em>Relacionado<\/em><\/h3>\n<\/p>\n<p>\t\t\t\t\t\t<!-- .entry-footer --><br \/>\n\t\t\t\t\t\t<!-- \n\n<div data-type=\"_mgwidget\" data-widget-id=\"1743501\"><\/div>\n\n  -->\n\t\t\t\t\t<\/div>\n","protected":false},"excerpt":{"rendered":"<p>Carlos Manuel Dilon\u00e9 junto a personalidades (Foto: F\u00e9lix Lara\/ El Nuevo Diario) Leer resumen de la noticia (IA) CLICK AQU\u00cd Analizando noticia&#8230; por favor espera. EL NUEVO DIARIO, SANTO DOMINGO. \u2013 El historiador Carlos Manuel Dilon\u00e9 puso en circulaci\u00f3n el s\u00e1bado su obra Ingenio Barahona: la fundaci\u00f3n del Batey Central y su impacto en el<\/p>\n","protected":false},"author":1,"featured_media":26491,"comment_status":"open","ping_status":"open","sticky":false,"template":"","format":"standard","meta":{"footnotes":""},"categories":[1],"tags":[],"class_list":["post-26490","post","type-post","status-publish","format-standard","has-post-thumbnail","hentry","category-nacionales"],"_links":{"self":[{"href":"https:\/\/acronoticias.com\/index.php\/wp-json\/wp\/v2\/posts\/26490","targetHints":{"allow":["GET"]}}],"collection":[{"href":"https:\/\/acronoticias.com\/index.php\/wp-json\/wp\/v2\/posts"}],"about":[{"href":"https:\/\/acronoticias.com\/index.php\/wp-json\/wp\/v2\/types\/post"}],"author":[{"embeddable":true,"href":"https:\/\/acronoticias.com\/index.php\/wp-json\/wp\/v2\/users\/1"}],"replies":[{"embeddable":true,"href":"https:\/\/acronoticias.com\/index.php\/wp-json\/wp\/v2\/comments?post=26490"}],"version-history":[{"count":0,"href":"https:\/\/acronoticias.com\/index.php\/wp-json\/wp\/v2\/posts\/26490\/revisions"}],"wp:featuredmedia":[{"embeddable":true,"href":"https:\/\/acronoticias.com\/index.php\/wp-json\/wp\/v2\/media\/26491"}],"wp:attachment":[{"href":"https:\/\/acronoticias.com\/index.php\/wp-json\/wp\/v2\/media?parent=26490"}],"wp:term":[{"taxonomy":"category","embeddable":true,"href":"https:\/\/acronoticias.com\/index.php\/wp-json\/wp\/v2\/categories?post=26490"},{"taxonomy":"post_tag","embeddable":true,"href":"https:\/\/acronoticias.com\/index.php\/wp-json\/wp\/v2\/tags?post=26490"}],"curies":[{"name":"wp","href":"https:\/\/api.w.org\/{rel}","templated":true}]}}