{"id":26474,"date":"2026-03-09T16:59:37","date_gmt":"2026-03-09T16:59:37","guid":{"rendered":"https:\/\/acronoticias.com\/index.php\/2026\/03\/09\/10-ninos-mueren-al-dia-por-el-conflicto-en-libano\/"},"modified":"2026-03-09T16:59:37","modified_gmt":"2026-03-09T16:59:37","slug":"10-ninos-mueren-al-dia-por-el-conflicto-en-libano","status":"publish","type":"post","link":"https:\/\/acronoticias.com\/index.php\/2026\/03\/09\/10-ninos-mueren-al-dia-por-el-conflicto-en-libano\/","title":{"rendered":"10 ni\u00f1os mueren al d\u00eda por el conflicto en L\u00edbano"},"content":{"rendered":"<div id=\"nota-texto\">\n<p><strong>Beirut<\/strong>. \u2013 <strong>Unicef<\/strong> denunci\u00f3 este lunes que desde el inicio del nuevo conflicto en <strong>L\u00edbano<\/strong> hace una semana han muerto una media de diez ni\u00f1os al d\u00eda, lo que eleva a 412 el n\u00famero total de menores fallecidos por las hostilidades desde el comienzo de la anterior guerra con <strong>Israel<\/strong> a finales de 2023.<\/p>\n<p>De media, m\u00e1s de diez ni\u00f1os han muerto todos los d\u00edas en <strong>el L\u00edbano<\/strong> a lo largo de la \u00faltima semana, con aproximadamente 36 menores heridos cada d\u00eda\u00bb, dijo en un comunicado el director de la agencia de la <strong>ONU<\/strong> para <strong>Oriente Medio<\/strong> y <strong>Norte de \u00c1frica<\/strong>, <strong>Edouard Beigbeder<\/strong>.<\/p>\n<p>En los \u00faltimos 28 meses, seg\u00fan se informa, hab\u00edan muerto 329 ni\u00f1os y 1.632 resultaron heridos. Solo en los \u00faltimos seis d\u00edas, el n\u00famero de ni\u00f1os muertos <strong>ha aumentado en un 25 %, alca<\/strong>nzando la devastadora cifra de 412 menores fallecidos\u00bb, agreg\u00f3.<\/p>\n<h2 class=\"wp-block-heading\">Impacto en la Infancia<\/h2>\n<p>El pasado lunes, <strong>Israel<\/strong> lanz\u00f3 una intensa campa\u00f1a de bombardeos contra <strong>el L\u00edbano<\/strong>, que hasta ahora ha costado la vida a 83 ni\u00f1os, seg\u00fan el \u00faltimo balance anunciado el domingo por el ministro liban\u00e9s de Salud P\u00fablica, <strong>Rakan Nasreddin<\/strong>.<\/p>\n<h3 class=\"wp-block-heading\">Ofensiva Israel\u00ed Reciente<\/h3>\n<p>Esta es la segunda ofensiva de su tipo desde que en octubre de 2023 estall\u00f3 una primera ronda de enfrentamientos entre <strong>Israel<\/strong> y el grupo chi\u00ed liban\u00e9s <strong>Hizbul\u00e1<\/strong>, que en la pr\u00e1ctica pararon con un alto el fuego acordado a finales de 2024.<\/p>\n<p>Sin embargo, incluso durante el cese de hostilidades, <strong>Israel<\/strong> continu\u00f3 atacando el territorio <strong>liban\u00e9s<\/strong> pr\u00e1cticamente a diario, por lo que las v\u00edctimas infantiles siguieron subiendo.<\/p>\n<blockquote class=\"wp-block-quote is-layout-flow wp-block-quote-is-layout-flow\">\n<p>Beigbeder alert\u00f3 de que las cifras compartidas este lunes son un reflejo del impacto que el conflicto est\u00e1 teniendo sobre los menores<strong> y record\u00f3 que, en este contexto,<\/strong> \u00abmiles de ni\u00f1os est\u00e1n durmiendo ahora en albergues fr\u00edos y abarrotados\u00bb.<\/p>\n<\/blockquote>\n<h2 class=\"wp-block-heading\">Crisis de Desplazamiento<\/h2>\n<p>Frente al algo m\u00e1s de medio mill\u00f3n de desplazados confirmados oficialmente por las autoridades libanesas como registrados, el director de <strong>ACNUR<\/strong> elev\u00f3 la cifra a unos 700,000, entre ellos cerca de 200.000 ni\u00f1os, y apunt\u00f3 que se suman a decenas de miles m\u00e1s que a\u00fan estaban fuera desde la otra guerra.\u00a0<\/p>\n<\/div>\n","protected":false},"excerpt":{"rendered":"<p>Beirut. \u2013 Unicef denunci\u00f3 este lunes que desde el inicio del nuevo conflicto en L\u00edbano hace una semana han muerto una media de diez ni\u00f1os al d\u00eda, lo que eleva a 412 el n\u00famero total de menores fallecidos por las hostilidades desde el comienzo de la anterior guerra con Israel a finales de 2023. De<\/p>\n","protected":false},"author":1,"featured_media":26475,"comment_status":"open","ping_status":"open","sticky":false,"template":"","format":"standard","meta":{"footnotes":""},"categories":[3],"tags":[],"class_list":["post-26474","post","type-post","status-publish","format-standard","has-post-thumbnail","hentry","category-internacionales"],"_links":{"self":[{"href":"https:\/\/acronoticias.com\/index.php\/wp-json\/wp\/v2\/posts\/26474","targetHints":{"allow":["GET"]}}],"collection":[{"href":"https:\/\/acronoticias.com\/index.php\/wp-json\/wp\/v2\/posts"}],"about":[{"href":"https:\/\/acronoticias.com\/index.php\/wp-json\/wp\/v2\/types\/post"}],"author":[{"embeddable":true,"href":"https:\/\/acronoticias.com\/index.php\/wp-json\/wp\/v2\/users\/1"}],"replies":[{"embeddable":true,"href":"https:\/\/acronoticias.com\/index.php\/wp-json\/wp\/v2\/comments?post=26474"}],"version-history":[{"count":0,"href":"https:\/\/acronoticias.com\/index.php\/wp-json\/wp\/v2\/posts\/26474\/revisions"}],"wp:featuredmedia":[{"embeddable":true,"href":"https:\/\/acronoticias.com\/index.php\/wp-json\/wp\/v2\/media\/26475"}],"wp:attachment":[{"href":"https:\/\/acronoticias.com\/index.php\/wp-json\/wp\/v2\/media?parent=26474"}],"wp:term":[{"taxonomy":"category","embeddable":true,"href":"https:\/\/acronoticias.com\/index.php\/wp-json\/wp\/v2\/categories?post=26474"},{"taxonomy":"post_tag","embeddable":true,"href":"https:\/\/acronoticias.com\/index.php\/wp-json\/wp\/v2\/tags?post=26474"}],"curies":[{"name":"wp","href":"https:\/\/api.w.org\/{rel}","templated":true}]}}