{"id":26470,"date":"2026-03-09T16:41:41","date_gmt":"2026-03-09T16:41:41","guid":{"rendered":"https:\/\/acronoticias.com\/index.php\/2026\/03\/09\/raquel-pena-lidera-evaluacion-del-plan-de-seguridad-ciudadana-el-nuevo-diario-republica-dominicana\/"},"modified":"2026-03-09T16:41:41","modified_gmt":"2026-03-09T16:41:41","slug":"raquel-pena-lidera-evaluacion-del-plan-de-seguridad-ciudadana-el-nuevo-diario-republica-dominicana","status":"publish","type":"post","link":"https:\/\/acronoticias.com\/index.php\/2026\/03\/09\/raquel-pena-lidera-evaluacion-del-plan-de-seguridad-ciudadana-el-nuevo-diario-republica-dominicana\/","title":{"rendered":"Raquel Pe\u00f1a lidera evaluaci\u00f3n del Plan de Seguridad Ciudadana \u2013 El Nuevo Diario (Rep\u00fablica Dominicana)"},"content":{"rendered":"<p><i class=\"bi bi-camera-fill\" style=\"font-size:18px; color:var(--rojo)\"\/> Raquel Pe\u00f1a lidera evaluaci\u00f3n del Plan de Seguridad Ciudadana. (Foto: Prensa Presidencia). <\/p>\n<div>\n<div id=\"gemini-summary-wrapper\" class=\"mb-3\">\n                <button id=\"btn-get-summary\" class=\"gemini-btn\" data-post-id=\"3042381\" data-post-title=\"Raquel Pe\u00f1a lidera evaluaci\u00f3n del Plan de Seguridad Ciudadana\"><br \/>\n                    Leer resumen <b class=\"d-none d-md-inline\">de la noticia<\/b> (IA) <span>CLICK AQU\u00cd<\/span><br \/>\n                <\/button><\/p>\n<div id=\"gemini-loading\" class=\"mb-3\">\n<p>                    <span>Analizando noticia&#8230; por favor espera.<\/span>\n                <\/div>\n<\/p><\/div>\n<p><strong>EL NUEVO DIARIO, SANTO DOMINGO.\u2013<\/strong> La vicepresidenta de la Rep\u00fablica, Raquel Pe\u00f1a, encabez\u00f3 este lunes una nueva sesi\u00f3n de seguimiento al Plan de Seguridad Ciudadana, que busca analizar indicadores y evaluar las medidas para fortalecer la seguridad en el pa\u00eds.<\/p>\n<p>El encuentro tuvo lugar en el Sal\u00f3n del Club de Oficiales del Palacio de la Polic\u00eda Nacional, donde autoridades civiles, militares y policiales dieron inicio a la agenda de trabajo correspondiente a la sesi\u00f3n n\u00famero 131 de este mecanismo de coordinaci\u00f3n, seg\u00fan detalla un comunicado de prensa.<\/p>\n<p>A\u00f1ade que revisaron las acciones ejecutadas en los \u00faltimos d\u00edas, los resultados obtenidos y las iniciativas actualmente en marcha, con el prop\u00f3sito de fortalecer las labores de prevenci\u00f3n y mejorar la capacidad de respuesta.<\/p>\n<figure id=\"attachment_3042411\" aria-describedby=\"caption-attachment-3042411\" style=\"width: 2560px\" class=\"wp-caption alignnone\"><img loading=\"lazy\" data-recalc-dims=\"1\" data-dominant-color=\"877f7a\" data-has-transparency=\"false\" style=\"--dominant-color: #877f7a;\" decoding=\"async\" class=\"wp-image-3042411 size-full not-transparent\" src=\"https:\/\/i0.wp.com\/nuevodiario-assets.s3.us-east-2.amazonaws.com\/wp-content\/uploads\/2026\/03\/Raquel-Pena-lidera-evaluacion-del-Plan-de-Seguridad-Ciudadana-4-scaled.jpeg?resize=640%2C427&amp;quality=100&amp;ssl=1\" alt=\"\" width=\"640\" height=\"427\" srcset=\"https:\/\/nuevodiario-assets.s3.us-east-2.amazonaws.com\/wp-content\/uploads\/2026\/03\/Raquel-Pena-lidera-evaluacion-del-Plan-de-Seguridad-Ciudadana-4-scaled.jpeg 2560w, https:\/\/nuevodiario-assets.s3.us-east-2.amazonaws.com\/wp-content\/uploads\/2026\/03\/Raquel-Pena-lidera-evaluacion-del-Plan-de-Seguridad-Ciudadana-4-scaled.jpeg 400w, https:\/\/nuevodiario-assets.s3.us-east-2.amazonaws.com\/wp-content\/uploads\/2026\/03\/Raquel-Pena-lidera-evaluacion-del-Plan-de-Seguridad-Ciudadana-4-scaled.jpeg 800w, https:\/\/nuevodiario-assets.s3.us-east-2.amazonaws.com\/wp-content\/uploads\/2026\/03\/Raquel-Pena-lidera-evaluacion-del-Plan-de-Seguridad-Ciudadana-4-scaled.jpeg 768w, https:\/\/nuevodiario-assets.s3.us-east-2.amazonaws.com\/wp-content\/uploads\/2026\/03\/Raquel-Pena-lidera-evaluacion-del-Plan-de-Seguridad-Ciudadana-4-scaled.jpeg 1536w, https:\/\/nuevodiario-assets.s3.us-east-2.amazonaws.com\/wp-content\/uploads\/2026\/03\/Raquel-Pena-lidera-evaluacion-del-Plan-de-Seguridad-Ciudadana-4-scaled.jpeg 2048w, https:\/\/nuevodiario-assets.s3.us-east-2.amazonaws.com\/wp-content\/uploads\/2026\/03\/Raquel-Pena-lidera-evaluacion-del-Plan-de-Seguridad-Ciudadana-4-scaled.jpeg 600w, https:\/\/nuevodiario-assets.s3.us-east-2.amazonaws.com\/wp-content\/uploads\/2026\/03\/Raquel-Pena-lidera-evaluacion-del-Plan-de-Seguridad-Ciudadana-4-scaled.jpeg 1280w, https:\/\/nuevodiario-assets.s3.us-east-2.amazonaws.com\/wp-content\/uploads\/2026\/03\/Raquel-Pena-lidera-evaluacion-del-Plan-de-Seguridad-Ciudadana-4-scaled.jpeg 1920w\" sizes=\"auto, (max-width: 640px) 100vw, 640px\"\/><figcaption id=\"caption-attachment-3042411\" class=\"wp-caption-text\"><strong>Raquel Pe\u00f1a lidera evaluaci\u00f3n del Plan de Seguridad Ciudadana. (Foto: Prensa Presidencia).<\/strong><\/figcaption><\/figure>\n<p>En ese sentido, afirma que suman 131 reuniones realizadas en el marco del Plan de Seguridad Ciudadana, como parte de la estrategia impulsada por el Gobierno del presidente Luis Abinader para mantener una supervisi\u00f3n permanente, fortalecer la coordinaci\u00f3n interinstitucional y evaluar los avances de las pol\u00edticas p\u00fablicas en esta \u00e1rea.<\/p>\n<figure id=\"attachment_3042409\" aria-describedby=\"caption-attachment-3042409\" style=\"width: 2560px\" class=\"wp-caption alignnone\"><img data-recalc-dims=\"1\" data-dominant-color=\"a39a8c\" data-has-transparency=\"false\" style=\"--dominant-color: #a39a8c;\" loading=\"lazy\" decoding=\"async\" class=\"wp-image-3042409 size-full not-transparent\" src=\"https:\/\/i0.wp.com\/nuevodiario-assets.s3.us-east-2.amazonaws.com\/wp-content\/uploads\/2026\/03\/Raquel-Pena-lidera-evaluacion-del-Plan-de-Seguridad-Ciudadana-2-scaled.jpeg?resize=640%2C427&amp;quality=100&amp;ssl=1\" alt=\"\" width=\"640\" height=\"427\" srcset=\"https:\/\/nuevodiario-assets.s3.us-east-2.amazonaws.com\/wp-content\/uploads\/2026\/03\/Raquel-Pena-lidera-evaluacion-del-Plan-de-Seguridad-Ciudadana-2-scaled.jpeg 2560w, https:\/\/nuevodiario-assets.s3.us-east-2.amazonaws.com\/wp-content\/uploads\/2026\/03\/Raquel-Pena-lidera-evaluacion-del-Plan-de-Seguridad-Ciudadana-2-scaled.jpeg 400w, https:\/\/nuevodiario-assets.s3.us-east-2.amazonaws.com\/wp-content\/uploads\/2026\/03\/Raquel-Pena-lidera-evaluacion-del-Plan-de-Seguridad-Ciudadana-2-scaled.jpeg 800w, https:\/\/nuevodiario-assets.s3.us-east-2.amazonaws.com\/wp-content\/uploads\/2026\/03\/Raquel-Pena-lidera-evaluacion-del-Plan-de-Seguridad-Ciudadana-2-scaled.jpeg 768w, https:\/\/nuevodiario-assets.s3.us-east-2.amazonaws.com\/wp-content\/uploads\/2026\/03\/Raquel-Pena-lidera-evaluacion-del-Plan-de-Seguridad-Ciudadana-2-scaled.jpeg 1536w, https:\/\/nuevodiario-assets.s3.us-east-2.amazonaws.com\/wp-content\/uploads\/2026\/03\/Raquel-Pena-lidera-evaluacion-del-Plan-de-Seguridad-Ciudadana-2-scaled.jpeg 2048w, https:\/\/nuevodiario-assets.s3.us-east-2.amazonaws.com\/wp-content\/uploads\/2026\/03\/Raquel-Pena-lidera-evaluacion-del-Plan-de-Seguridad-Ciudadana-2-scaled.jpeg 600w, https:\/\/nuevodiario-assets.s3.us-east-2.amazonaws.com\/wp-content\/uploads\/2026\/03\/Raquel-Pena-lidera-evaluacion-del-Plan-de-Seguridad-Ciudadana-2-scaled.jpeg 1280w, https:\/\/nuevodiario-assets.s3.us-east-2.amazonaws.com\/wp-content\/uploads\/2026\/03\/Raquel-Pena-lidera-evaluacion-del-Plan-de-Seguridad-Ciudadana-2-scaled.jpeg 1920w\" sizes=\"auto, (max-width: 640px) 100vw, 640px\"\/><figcaption id=\"caption-attachment-3042409\" class=\"wp-caption-text\"><strong>Raquel Pe\u00f1a lidera evaluaci\u00f3n del Plan de Seguridad Ciudadana. (Foto: Prensa Presidencia).<\/strong><\/figcaption><\/figure>\n<p>A la reuni\u00f3n asisti\u00f3 la ministra de Interior y Polic\u00eda, Faride Raful; el ministro de la Presidencia, Jos\u00e9 Ignacio Paliza; el ministro de Defensa, teniente general Carlos Antonio Fern\u00e1ndez Onofre; y el director general de la Polic\u00eda Nacional, mayor general Andr\u00e9s Modesto Cruz Cruz, quien particip\u00f3 por primera vez de manera presencial en estas reuniones desde su designaci\u00f3n en el cargo.<\/p>\n<figure id=\"attachment_3042408\" aria-describedby=\"caption-attachment-3042408\" style=\"width: 2560px\" class=\"wp-caption alignnone\"><img data-recalc-dims=\"1\" data-dominant-color=\"6c6069\" data-has-transparency=\"false\" style=\"--dominant-color: #6c6069;\" loading=\"lazy\" decoding=\"async\" class=\"wp-image-3042408 size-full not-transparent\" src=\"https:\/\/i0.wp.com\/nuevodiario-assets.s3.us-east-2.amazonaws.com\/wp-content\/uploads\/2026\/03\/Raquel-Pena-lidera-evaluacion-del-Plan-de-Seguridad-Ciudadana-scaled.jpeg?resize=640%2C427&amp;quality=100&amp;ssl=1\" alt=\"\" width=\"640\" height=\"427\" srcset=\"https:\/\/nuevodiario-assets.s3.us-east-2.amazonaws.com\/wp-content\/uploads\/2026\/03\/Raquel-Pena-lidera-evaluacion-del-Plan-de-Seguridad-Ciudadana-scaled.jpeg 2560w, https:\/\/nuevodiario-assets.s3.us-east-2.amazonaws.com\/wp-content\/uploads\/2026\/03\/Raquel-Pena-lidera-evaluacion-del-Plan-de-Seguridad-Ciudadana-scaled.jpeg 400w, https:\/\/nuevodiario-assets.s3.us-east-2.amazonaws.com\/wp-content\/uploads\/2026\/03\/Raquel-Pena-lidera-evaluacion-del-Plan-de-Seguridad-Ciudadana-scaled.jpeg 800w, https:\/\/nuevodiario-assets.s3.us-east-2.amazonaws.com\/wp-content\/uploads\/2026\/03\/Raquel-Pena-lidera-evaluacion-del-Plan-de-Seguridad-Ciudadana-scaled.jpeg 768w, https:\/\/nuevodiario-assets.s3.us-east-2.amazonaws.com\/wp-content\/uploads\/2026\/03\/Raquel-Pena-lidera-evaluacion-del-Plan-de-Seguridad-Ciudadana-scaled.jpeg 1536w, https:\/\/nuevodiario-assets.s3.us-east-2.amazonaws.com\/wp-content\/uploads\/2026\/03\/Raquel-Pena-lidera-evaluacion-del-Plan-de-Seguridad-Ciudadana-scaled.jpeg 2048w, https:\/\/nuevodiario-assets.s3.us-east-2.amazonaws.com\/wp-content\/uploads\/2026\/03\/Raquel-Pena-lidera-evaluacion-del-Plan-de-Seguridad-Ciudadana-scaled.jpeg 600w, https:\/\/nuevodiario-assets.s3.us-east-2.amazonaws.com\/wp-content\/uploads\/2026\/03\/Raquel-Pena-lidera-evaluacion-del-Plan-de-Seguridad-Ciudadana-scaled.jpeg 1280w, https:\/\/nuevodiario-assets.s3.us-east-2.amazonaws.com\/wp-content\/uploads\/2026\/03\/Raquel-Pena-lidera-evaluacion-del-Plan-de-Seguridad-Ciudadana-scaled.jpeg 1920w\" sizes=\"auto, (max-width: 640px) 100vw, 640px\"\/><figcaption id=\"caption-attachment-3042408\" class=\"wp-caption-text\"><strong>Vicepresidenta, Raquel Pe\u00f1a y MIP, Faride Raful. (Foto: Prensa Presidencia).<\/strong><\/figcaption><\/figure>\n<p>Adem\u00e1s, estuvieron presentes representantes del Consejo Nacional de Drogas; la Comisi\u00f3n Militar y Policial; la Direcci\u00f3n General de Seguridad de Tr\u00e1nsito y Transporte Terrestre; la Polic\u00eda de Turismo; el Sistema Nacional de Atenci\u00f3n a Emergencias 9-1-1; y la Direcci\u00f3n de Asuntos Internos de la Polic\u00eda Nacional.<\/p>\n<p>NLP\/<\/p>\n<p><h3 class=\"jp-relatedposts-headline\"><em>Relacionado<\/em><\/h3>\n<\/p>\n<p>\t\t\t\t\t\t<!-- .entry-footer --><br \/>\n\t\t\t\t\t\t<!-- \n\n<div data-type=\"_mgwidget\" data-widget-id=\"1743501\"><\/div>\n\n  -->\n\t\t\t\t\t<\/div>\n","protected":false},"excerpt":{"rendered":"<p>Raquel Pe\u00f1a lidera evaluaci\u00f3n del Plan de Seguridad Ciudadana. (Foto: Prensa Presidencia). Leer resumen de la noticia (IA) CLICK AQU\u00cd Analizando noticia&#8230; por favor espera. EL NUEVO DIARIO, SANTO DOMINGO.\u2013 La vicepresidenta de la Rep\u00fablica, Raquel Pe\u00f1a, encabez\u00f3 este lunes una nueva sesi\u00f3n de seguimiento al Plan de Seguridad Ciudadana, que busca analizar indicadores y<\/p>\n","protected":false},"author":1,"featured_media":26471,"comment_status":"open","ping_status":"open","sticky":false,"template":"","format":"standard","meta":{"footnotes":""},"categories":[1],"tags":[],"class_list":["post-26470","post","type-post","status-publish","format-standard","has-post-thumbnail","hentry","category-nacionales"],"_links":{"self":[{"href":"https:\/\/acronoticias.com\/index.php\/wp-json\/wp\/v2\/posts\/26470","targetHints":{"allow":["GET"]}}],"collection":[{"href":"https:\/\/acronoticias.com\/index.php\/wp-json\/wp\/v2\/posts"}],"about":[{"href":"https:\/\/acronoticias.com\/index.php\/wp-json\/wp\/v2\/types\/post"}],"author":[{"embeddable":true,"href":"https:\/\/acronoticias.com\/index.php\/wp-json\/wp\/v2\/users\/1"}],"replies":[{"embeddable":true,"href":"https:\/\/acronoticias.com\/index.php\/wp-json\/wp\/v2\/comments?post=26470"}],"version-history":[{"count":0,"href":"https:\/\/acronoticias.com\/index.php\/wp-json\/wp\/v2\/posts\/26470\/revisions"}],"wp:featuredmedia":[{"embeddable":true,"href":"https:\/\/acronoticias.com\/index.php\/wp-json\/wp\/v2\/media\/26471"}],"wp:attachment":[{"href":"https:\/\/acronoticias.com\/index.php\/wp-json\/wp\/v2\/media?parent=26470"}],"wp:term":[{"taxonomy":"category","embeddable":true,"href":"https:\/\/acronoticias.com\/index.php\/wp-json\/wp\/v2\/categories?post=26470"},{"taxonomy":"post_tag","embeddable":true,"href":"https:\/\/acronoticias.com\/index.php\/wp-json\/wp\/v2\/tags?post=26470"}],"curies":[{"name":"wp","href":"https:\/\/api.w.org\/{rel}","templated":true}]}}