{"id":26466,"date":"2026-03-09T16:10:12","date_gmt":"2026-03-09T16:10:12","guid":{"rendered":"https:\/\/acronoticias.com\/index.php\/2026\/03\/09\/velan-restos-de-joven-fallecida-en-accidente-en-san\/"},"modified":"2026-03-09T16:10:12","modified_gmt":"2026-03-09T16:10:12","slug":"velan-restos-de-joven-fallecida-en-accidente-en-san","status":"publish","type":"post","link":"https:\/\/acronoticias.com\/index.php\/2026\/03\/09\/velan-restos-de-joven-fallecida-en-accidente-en-san\/","title":{"rendered":"Velan restos de joven fallecida en accidente en San"},"content":{"rendered":"<div id=\"nota-texto\">\n<p><strong>SAN FRANCISCO DE MACOR\u00cdS.-<\/strong> En medio de profundo dolor y consternaci\u00f3n, familiares, amigos y allegados velan los restos de la joven <strong>Germany Holgu\u00edn Santana<\/strong>, quien perdi\u00f3 la vida tras sufrir un aparatoso accidente de tr\u00e1nsito la madrugada de este lunes.<\/p>\n<p>El velatorio se realiza en su comunidad, donde decenas de personas se han dado cita para expresar sus condolencias y acompa\u00f1ar a la familia en <strong>este dif\u00edcil momento.<\/strong><\/p>\n<p>Holgu\u00edn Santana falleci\u00f3 luego del accidente ocurrido alrededor de las 6:00 de la ma\u00f1ana, frente al club <strong>El Mayorista<\/strong>, ubicado en la avenida <strong>Presidente Antonio Guzm\u00e1n Fern\u00e1ndez<\/strong>, salida hacia <strong>Santo Domingo<\/strong>, en <strong>San Francisco de Macor\u00eds<\/strong>.<\/p>\n<ul class=\"wp-block-list\">\n<li>En el hecho tambi\u00e9n result\u00f3 gravemente herida otra joven que le acompa\u00f1aba, quien fue trasladada a un centro de salud para recibir <strong>atenci\u00f3n m\u00e9dica.<\/strong><\/li>\n<\/ul>\n<h2 class=\"wp-block-heading\">Investigaci\u00f3n en curso<\/h2>\n<p>Las autoridades investigan las circunstancias en que ocurri\u00f3 el accidente que ha causado gran tristeza <strong>entre familiares y comunitarios.<\/strong><\/p>\n<p>Se espera que en las pr\u00f3ximas horas se ofrezcan m\u00e1s detalles <strong>sobre este lamentable suceso.<\/strong><\/p>\n<\/div>\n","protected":false},"excerpt":{"rendered":"<p>SAN FRANCISCO DE MACOR\u00cdS.- En medio de profundo dolor y consternaci\u00f3n, familiares, amigos y allegados velan los restos de la joven Germany Holgu\u00edn Santana, quien perdi\u00f3 la vida tras sufrir un aparatoso accidente de tr\u00e1nsito la madrugada de este lunes. El velatorio se realiza en su comunidad, donde decenas de personas se han dado cita<\/p>\n","protected":false},"author":1,"featured_media":26467,"comment_status":"open","ping_status":"open","sticky":false,"template":"","format":"standard","meta":{"footnotes":""},"categories":[1],"tags":[],"class_list":["post-26466","post","type-post","status-publish","format-standard","has-post-thumbnail","hentry","category-nacionales"],"_links":{"self":[{"href":"https:\/\/acronoticias.com\/index.php\/wp-json\/wp\/v2\/posts\/26466","targetHints":{"allow":["GET"]}}],"collection":[{"href":"https:\/\/acronoticias.com\/index.php\/wp-json\/wp\/v2\/posts"}],"about":[{"href":"https:\/\/acronoticias.com\/index.php\/wp-json\/wp\/v2\/types\/post"}],"author":[{"embeddable":true,"href":"https:\/\/acronoticias.com\/index.php\/wp-json\/wp\/v2\/users\/1"}],"replies":[{"embeddable":true,"href":"https:\/\/acronoticias.com\/index.php\/wp-json\/wp\/v2\/comments?post=26466"}],"version-history":[{"count":0,"href":"https:\/\/acronoticias.com\/index.php\/wp-json\/wp\/v2\/posts\/26466\/revisions"}],"wp:featuredmedia":[{"embeddable":true,"href":"https:\/\/acronoticias.com\/index.php\/wp-json\/wp\/v2\/media\/26467"}],"wp:attachment":[{"href":"https:\/\/acronoticias.com\/index.php\/wp-json\/wp\/v2\/media?parent=26466"}],"wp:term":[{"taxonomy":"category","embeddable":true,"href":"https:\/\/acronoticias.com\/index.php\/wp-json\/wp\/v2\/categories?post=26466"},{"taxonomy":"post_tag","embeddable":true,"href":"https:\/\/acronoticias.com\/index.php\/wp-json\/wp\/v2\/tags?post=26466"}],"curies":[{"name":"wp","href":"https:\/\/api.w.org\/{rel}","templated":true}]}}