{"id":26462,"date":"2026-03-09T15:58:43","date_gmt":"2026-03-09T15:58:43","guid":{"rendered":"https:\/\/acronoticias.com\/index.php\/2026\/03\/09\/danos-en-una-vivienda-en-coblenza\/"},"modified":"2026-03-09T15:58:43","modified_gmt":"2026-03-09T15:58:43","slug":"danos-en-una-vivienda-en-coblenza","status":"publish","type":"post","link":"https:\/\/acronoticias.com\/index.php\/2026\/03\/09\/danos-en-una-vivienda-en-coblenza\/","title":{"rendered":"da\u00f1os en una vivienda en Coblenza"},"content":{"rendered":"<div id=\"nota-texto\">\n<p><strong>Berl\u00edn<\/strong>.- La <strong>Agencia Espacial Europea<\/strong> (ESA) analiza el b\u00f3lido brillante observado en la tarde del domingo desde <strong>B\u00e9lgica<\/strong>, <strong>Francia<\/strong>, <strong>Alemania<\/strong>, <strong>Luxemburgo<\/strong> y <strong>Pa\u00edses Bajos<\/strong>, que se desplazaba del suroeste al noroeste y que, tras fragmentarse, caus\u00f3 da\u00f1os en una vivienda en la ciudad alemana de <strong>Coblenza<\/strong>, en el oeste germano, sin dejar heridos.<\/p>\n<p>El equipo de <strong>Defensa Planetaria<\/strong> del <strong>Programa de Seguridad Espacial<\/strong> de la <strong>ESA<\/strong> utiliza actualmente todos los datos disponibles para estimar el tama\u00f1o del objeto, que calculan ten\u00eda unos pocos metros de di\u00e1metro, se\u00f1al\u00f3 la agencia europea en un comunicado.<\/p>\n<p>El momento y la direcci\u00f3n del impacto indican que es probable que<strong> el objeto no fuera visible para ninguno de los telescopios <\/strong>de gran alcance que escanean el cielo nocturno en busca de este tipo de objetos, algo que no es inusual, ya que hasta la fecha solo se han detectado con \u00e9xito once objetos espaciales naturales antes de su entrada en la atm\u00f3sfera, a\u00f1adi\u00f3 la <strong>ESA<\/strong>.<\/p>\n<p>La <strong>ESA<\/strong> explic\u00f3, adem\u00e1s, que los objetos peque\u00f1os que se acercan a la Tierra desde regiones del cielo m\u00e1s brillantes y diurnas, incluso al atardecer, como en este caso, pasan desapercibidos en la mayor\u00eda de los casos.<\/p>\n<figure class=\"wp-block-embed is-type-rich is-provider-twitter wp-block-embed-twitter\">\n<div class=\"wp-block-embed__wrapper\">\n<blockquote class=\"twitter-tweet\" data-width=\"500\" data-dnt=\"true\">\n<p lang=\"es\" dir=\"ltr\">\ud83c\udde9\ud83c\uddea Un meteoro cruz\u00f3 el cielo del oeste de Alemania (Renania del Norte-Westfalia y Renania-Palatinado) alrededor de las 19:00 horas locales.<br \/>Fragmentos cayeron causando da\u00f1os menores en techos y estructuras, sin heridos reportados. <a href=\"https:\/\/t.co\/G84Q366bE3\">pic.twitter.com\/G84Q366bE3<\/a><\/p>\n<p>\u2014 Noticias y Geopol\u00edtica (@GuerrasyGPcr) <a href=\"https:\/\/twitter.com\/GuerrasyGPcr\/status\/2030808606711615502?ref_src=twsrc%5Etfw\">March 9, 2026<\/a><\/p><\/blockquote><\/div>\n<\/figure>\n<p>La <strong>Oficina Regional de Protecci\u00f3n Civil y Prevenci\u00f3n de Incendios<\/strong> (LfBK) de <strong>Renania-Palatinado<\/strong> inform\u00f3 anoche de que un objeto espacial hab\u00eda sobrevolado este estado federado occidental de <strong>Alemania<\/strong> y que se fragment\u00f3 con una fuerte explosi\u00f3n sobre el oeste del pa\u00eds centroeuropeo.<\/p>\n<p>Los fragmentos alcanzaron la Tierra alrededor de las 19.15 horas locales (18.15 GMT) y se registraron da\u00f1os aislados en <strong>Renania-Palatinado<\/strong>, aunque no se reportaron heridos, indic\u00f3 la <strong>LfBK<\/strong> en un comunicado.<\/p>\n<p>La <strong>LfBK<\/strong> subray\u00f3 que el suceso \u00abno guarda relaci\u00f3n con ninguna actividad militar\u00bb.<\/p>\n<p>Seg\u00fan la <strong>ESA<\/strong>, la bola de fuego, que fue observada hacia las 18:55 horas (17:55 <strong>GMT<\/strong>), brill\u00f3 durante aproximadamente seis segundos y dej\u00f3 un rastro visible en el cielo antes de <strong>fragmentarse en pedazos<\/strong>.<\/p>\n<p>Peque\u00f1os fragmentos de los meteoritos resultantes <strong>atravesaron el tejado de una casa<\/strong> sin causar heridos.<\/p>\n<p>Un portavoz de los bomberos de <strong>Coblenza<\/strong> inform\u00f3 de que al llegar al lugar del impacto pudieron comprobar que un objeto no identificado hab\u00eda dejado <strong>un agujero del tama\u00f1o de una pelota de f\u00fatbol<\/strong> en el tejado de la vivienda afectada.<\/p>\n<\/div>\n<p><script async src=\"\/\/platform.twitter.com\/widgets.js\" charset=\"utf-8\"><\/script><\/p>\n","protected":false},"excerpt":{"rendered":"<p>Berl\u00edn.- La Agencia Espacial Europea (ESA) analiza el b\u00f3lido brillante observado en la tarde del domingo desde B\u00e9lgica, Francia, Alemania, Luxemburgo y Pa\u00edses Bajos, que se desplazaba del suroeste al noroeste y que, tras fragmentarse, caus\u00f3 da\u00f1os en una vivienda en la ciudad alemana de Coblenza, en el oeste germano, sin dejar heridos. El equipo<\/p>\n","protected":false},"author":1,"featured_media":26463,"comment_status":"open","ping_status":"open","sticky":false,"template":"","format":"standard","meta":{"footnotes":""},"categories":[3],"tags":[],"class_list":["post-26462","post","type-post","status-publish","format-standard","has-post-thumbnail","hentry","category-internacionales"],"_links":{"self":[{"href":"https:\/\/acronoticias.com\/index.php\/wp-json\/wp\/v2\/posts\/26462","targetHints":{"allow":["GET"]}}],"collection":[{"href":"https:\/\/acronoticias.com\/index.php\/wp-json\/wp\/v2\/posts"}],"about":[{"href":"https:\/\/acronoticias.com\/index.php\/wp-json\/wp\/v2\/types\/post"}],"author":[{"embeddable":true,"href":"https:\/\/acronoticias.com\/index.php\/wp-json\/wp\/v2\/users\/1"}],"replies":[{"embeddable":true,"href":"https:\/\/acronoticias.com\/index.php\/wp-json\/wp\/v2\/comments?post=26462"}],"version-history":[{"count":0,"href":"https:\/\/acronoticias.com\/index.php\/wp-json\/wp\/v2\/posts\/26462\/revisions"}],"wp:featuredmedia":[{"embeddable":true,"href":"https:\/\/acronoticias.com\/index.php\/wp-json\/wp\/v2\/media\/26463"}],"wp:attachment":[{"href":"https:\/\/acronoticias.com\/index.php\/wp-json\/wp\/v2\/media?parent=26462"}],"wp:term":[{"taxonomy":"category","embeddable":true,"href":"https:\/\/acronoticias.com\/index.php\/wp-json\/wp\/v2\/categories?post=26462"},{"taxonomy":"post_tag","embeddable":true,"href":"https:\/\/acronoticias.com\/index.php\/wp-json\/wp\/v2\/tags?post=26462"}],"curies":[{"name":"wp","href":"https:\/\/api.w.org\/{rel}","templated":true}]}}