{"id":26460,"date":"2026-03-09T15:53:52","date_gmt":"2026-03-09T15:53:52","guid":{"rendered":"https:\/\/acronoticias.com\/index.php\/2026\/03\/09\/adn-reconoce-el-aporte-de-33-mujeres-destacadas-en-distintas-areas-el-nuevo-diario-republica-dominicana\/"},"modified":"2026-03-09T15:53:52","modified_gmt":"2026-03-09T15:53:52","slug":"adn-reconoce-el-aporte-de-33-mujeres-destacadas-en-distintas-areas-el-nuevo-diario-republica-dominicana","status":"publish","type":"post","link":"https:\/\/acronoticias.com\/index.php\/2026\/03\/09\/adn-reconoce-el-aporte-de-33-mujeres-destacadas-en-distintas-areas-el-nuevo-diario-republica-dominicana\/","title":{"rendered":"ADN reconoce el aporte de 33 mujeres destacadas en distintas \u00e1reas \u2013 El Nuevo Diario (Rep\u00fablica Dominicana)"},"content":{"rendered":"<p><i class=\"bi bi-camera-fill\" style=\"font-size:18px; color:var(--rojo)\"\/> Reconocimiento. (Foto: ADN) <\/p>\n<div>\n<div id=\"gemini-summary-wrapper\" class=\"mb-3\">\n                <button id=\"btn-get-summary\" class=\"gemini-btn\" data-post-id=\"3042272\" data-post-title=\"ADN reconoce el aporte de 33 mujeres destacadas en distintas \u00e1reas\"><br \/>\n                    Leer resumen <b class=\"d-none d-md-inline\">de la noticia<\/b> (IA) <span>CLICK AQU\u00cd<\/span><br \/>\n                <\/button><\/p>\n<div id=\"gemini-loading\" class=\"mb-3\">\n<p>                    <span>Analizando noticia&#8230; por favor espera.<\/span>\n                <\/div>\n<\/p><\/div>\n<p>EL NUEVO DIARIO, SANTO DOMINGO.- En el marco de la conmemoraci\u00f3n del D\u00eda Internacional de la Mujer, la Alcald\u00eda del Distrito Nacional y el Concejo de Regidores reconocieron como \u201cHero\u00ednas de la Cotidianidad\u201d a 33 f\u00e9minas sobresalientes en distintas \u00e1reas.<\/p>\n<p>Durante un acto desarrollado en la Sala de Sesiones Lic. Emilio Rodr\u00edguez Demorizi, recibieron reconocimientos mujeres que se han destacado socialmente por aportes comunitarios y religiosos, ejemplos de superaci\u00f3n y logros acad\u00e9micos.<\/p>\n<figure id=\"attachment_3042295\" aria-describedby=\"caption-attachment-3042295\" style=\"width: 1280px\" class=\"wp-caption alignnone\"><img loading=\"lazy\" data-recalc-dims=\"1\" data-dominant-color=\"837e7b\" data-has-transparency=\"false\" style=\"--dominant-color: #837e7b;\" decoding=\"async\" class=\"wp-image-3042295 size-full not-transparent\" src=\"https:\/\/i0.wp.com\/nuevodiario-assets.s3.us-east-2.amazonaws.com\/wp-content\/uploads\/2026\/03\/RECONOCIMIENTOS-2.jpeg?resize=640%2C427&amp;quality=100&amp;ssl=1\" alt=\"\" width=\"640\" height=\"427\" srcset=\"https:\/\/nuevodiario-assets.s3.us-east-2.amazonaws.com\/wp-content\/uploads\/2026\/03\/RECONOCIMIENTOS-2.jpeg 1280w, https:\/\/nuevodiario-assets.s3.us-east-2.amazonaws.com\/wp-content\/uploads\/2026\/03\/RECONOCIMIENTOS-2.jpeg 400w, https:\/\/nuevodiario-assets.s3.us-east-2.amazonaws.com\/wp-content\/uploads\/2026\/03\/RECONOCIMIENTOS-2.jpeg 800w, https:\/\/nuevodiario-assets.s3.us-east-2.amazonaws.com\/wp-content\/uploads\/2026\/03\/RECONOCIMIENTOS-2.jpeg 768w, https:\/\/nuevodiario-assets.s3.us-east-2.amazonaws.com\/wp-content\/uploads\/2026\/03\/RECONOCIMIENTOS-2.jpeg 600w\" sizes=\"auto, (max-width: 640px) 100vw, 640px\"\/><figcaption id=\"caption-attachment-3042295\" class=\"wp-caption-text\">Entrega de reconocimiento. (Foto: ADN)<\/figcaption><\/figure>\n<p>De acuerdo con una nota de prensa, la actividad estuvo encabezada por la secretaria general del cabildo, Elizabeth Mateo, y por el presidente del Concejo de Regidores, Yovany Moya. Adem\u00e1s, estuvo el diputado Manuel N\u00fa\u00f1ez, regidores y familiares de las homenajeadas.<\/p>\n<p>Precisamente, Moya felicit\u00f3 a las asistentes y valor\u00f3 los aportes que a lo largo de los a\u00f1os han realizado para el bien de la sociedad dominicana.<\/p>\n<p>\u201cLa verdad es que para nosotros en el Concejo de Regidores y la Alcald\u00eda del Distrito Nacional, en nombre de la alcaldesa Carolina Mej\u00eda, es un grato honor reconocer a ustedes como mujeres destacadas en sus territorios, en sus casas, en sus barrios, en sus h\u00e1bitats\u201d, se\u00f1al\u00f3 Moya.<\/p>\n<figure id=\"attachment_3042298\" aria-describedby=\"caption-attachment-3042298\" style=\"width: 1040px\" class=\"wp-caption alignnone\"><img data-recalc-dims=\"1\" data-dominant-color=\"7f7470\" data-has-transparency=\"false\" style=\"--dominant-color: #7f7470;\" loading=\"lazy\" decoding=\"async\" class=\"wp-image-3042298 size-full not-transparent\" src=\"https:\/\/i0.wp.com\/nuevodiario-assets.s3.us-east-2.amazonaws.com\/wp-content\/uploads\/2026\/03\/Entrega-3.jpeg?resize=640%2C380&amp;quality=100&amp;ssl=1\" alt=\"\" width=\"640\" height=\"380\" srcset=\"https:\/\/nuevodiario-assets.s3.us-east-2.amazonaws.com\/wp-content\/uploads\/2026\/03\/Entrega-3.jpeg 1040w, https:\/\/nuevodiario-assets.s3.us-east-2.amazonaws.com\/wp-content\/uploads\/2026\/03\/Entrega-3.jpeg 400w, https:\/\/nuevodiario-assets.s3.us-east-2.amazonaws.com\/wp-content\/uploads\/2026\/03\/Entrega-3.jpeg 800w, https:\/\/nuevodiario-assets.s3.us-east-2.amazonaws.com\/wp-content\/uploads\/2026\/03\/Entrega-3.jpeg 768w, https:\/\/nuevodiario-assets.s3.us-east-2.amazonaws.com\/wp-content\/uploads\/2026\/03\/Entrega-3.jpeg 600w\" sizes=\"auto, (max-width: 640px) 100vw, 640px\"\/><figcaption id=\"caption-attachment-3042298\" class=\"wp-caption-text\">Entrega de reconocimiento. (Foto: ADN)<\/figcaption><\/figure>\n<p>La presidenta de la Comisi\u00f3n de G\u00e9nero, regidora Shade Medina, afirm\u00f3 que el reconocimiento nace del profundo respeto y admiraci\u00f3n que sienten por las mujeres que desde distintos espacios realizan aportes extraordinarios que transforman vidas, comunidades y generaciones.<\/p>\n<p>\u201cHoy celebramos a mujeres l\u00edderes, servidoras comunitarias, trabajadoras incansables y que luchan con valores y contribuyen silenciosamente al desarrollo de nuestra naci\u00f3n\u201d, apunt\u00f3 Medina.<\/p>\n<p>Durante el encuentro fueron reconocidas Estanailda Disla Palomino (p\u00f3stumo), Mar\u00eda Fortuna Nova, Eneria Regalado Pozo, Josel\u00edn Altagracia Sosa Mej\u00eda, Santa Polanco Paredes, Mar\u00eda Altagracia de Oleo Montero, In\u00e9s Altagracia Ferm\u00edn, Luisa Veloz Galv\u00e1n, Mayra Elizabeth de la Rosa y Delia Margarita Mojica.<\/p>\n<p>Tambi\u00e9n Rossemary Bonifacio B\u00e1ez, Lourdes Edermira Rodr\u00edguez, Wendy Concepci\u00f3n Severino, Gisela Nova Campusano, Carmen Rodr\u00edguez Garc\u00eda, Yomayri Portorreal de Castro, Ivelisse Rivera de D\u00edaz, Teolinda de Le\u00f3n Mendoza, Consuelo Morillo Carela, Adelfa Terrero y Victoria Evangelista Medina.<\/p>\n<p>Asimismo, Gladys Delia Garces, Dinorah Jes\u00fas Fr\u00edas, Sada Gerda de Florentino, Altagracia Piedad Rodr\u00edguez, Hilda Mercedes Ventura, Rossanna Cristina Rosario, Verenice P\u00e1ez de Contreras, Luisa Ysabel Ovando, Ana Antonia P\u00e9rez, Josefa Pe\u00f1a Vega y Juana Rodr\u00edguez Estrella.<\/p>\n<p>Desde 1977, cada 8 de marzo se conmemora el D\u00eda Internacional de la Mujer, con el prop\u00f3sito de reflexionar sobre la importancia de garantizar los derechos de todas las mujeres, as\u00ed como reconocer su participaci\u00f3n en todos los \u00e1mbitos de la sociedad.<\/p>\n<p><h3 class=\"jp-relatedposts-headline\"><em>Relacionado<\/em><\/h3>\n<\/p>\n<p>\t\t\t\t\t\t<!-- .entry-footer --><br \/>\n\t\t\t\t\t\t<!-- \n\n<div data-type=\"_mgwidget\" data-widget-id=\"1743501\"><\/div>\n\n  -->\n\t\t\t\t\t<\/div>\n","protected":false},"excerpt":{"rendered":"<p>Reconocimiento. (Foto: ADN) Leer resumen de la noticia (IA) CLICK AQU\u00cd Analizando noticia&#8230; por favor espera. EL NUEVO DIARIO, SANTO DOMINGO.- En el marco de la conmemoraci\u00f3n del D\u00eda Internacional de la Mujer, la Alcald\u00eda del Distrito Nacional y el Concejo de Regidores reconocieron como \u201cHero\u00ednas de la Cotidianidad\u201d a 33 f\u00e9minas sobresalientes en distintas<\/p>\n","protected":false},"author":1,"featured_media":26461,"comment_status":"open","ping_status":"open","sticky":false,"template":"","format":"standard","meta":{"footnotes":""},"categories":[1],"tags":[],"class_list":["post-26460","post","type-post","status-publish","format-standard","has-post-thumbnail","hentry","category-nacionales"],"_links":{"self":[{"href":"https:\/\/acronoticias.com\/index.php\/wp-json\/wp\/v2\/posts\/26460","targetHints":{"allow":["GET"]}}],"collection":[{"href":"https:\/\/acronoticias.com\/index.php\/wp-json\/wp\/v2\/posts"}],"about":[{"href":"https:\/\/acronoticias.com\/index.php\/wp-json\/wp\/v2\/types\/post"}],"author":[{"embeddable":true,"href":"https:\/\/acronoticias.com\/index.php\/wp-json\/wp\/v2\/users\/1"}],"replies":[{"embeddable":true,"href":"https:\/\/acronoticias.com\/index.php\/wp-json\/wp\/v2\/comments?post=26460"}],"version-history":[{"count":0,"href":"https:\/\/acronoticias.com\/index.php\/wp-json\/wp\/v2\/posts\/26460\/revisions"}],"wp:featuredmedia":[{"embeddable":true,"href":"https:\/\/acronoticias.com\/index.php\/wp-json\/wp\/v2\/media\/26461"}],"wp:attachment":[{"href":"https:\/\/acronoticias.com\/index.php\/wp-json\/wp\/v2\/media?parent=26460"}],"wp:term":[{"taxonomy":"category","embeddable":true,"href":"https:\/\/acronoticias.com\/index.php\/wp-json\/wp\/v2\/categories?post=26460"},{"taxonomy":"post_tag","embeddable":true,"href":"https:\/\/acronoticias.com\/index.php\/wp-json\/wp\/v2\/tags?post=26460"}],"curies":[{"name":"wp","href":"https:\/\/api.w.org\/{rel}","templated":true}]}}