{"id":26458,"date":"2026-03-09T15:37:09","date_gmt":"2026-03-09T15:37:09","guid":{"rendered":"https:\/\/acronoticias.com\/index.php\/2026\/03\/09\/rtvd-entrega-al-minerd-la-serie-animada-trinitarios-para-ensenanza-de-historia-patria-el-nuevo-diario-republica-dominicana\/"},"modified":"2026-03-09T15:37:09","modified_gmt":"2026-03-09T15:37:09","slug":"rtvd-entrega-al-minerd-la-serie-animada-trinitarios-para-ensenanza-de-historia-patria-el-nuevo-diario-republica-dominicana","status":"publish","type":"post","link":"https:\/\/acronoticias.com\/index.php\/2026\/03\/09\/rtvd-entrega-al-minerd-la-serie-animada-trinitarios-para-ensenanza-de-historia-patria-el-nuevo-diario-republica-dominicana\/","title":{"rendered":"RTVD entrega al Minerd la serie animada \u201cTrinitarios\u201d para ense\u00f1anza de historia patria \u2013 El Nuevo Diario (Rep\u00fablica Dominicana)"},"content":{"rendered":"<p><i class=\"bi bi-camera-fill\" style=\"font-size:18px; color:var(--rojo)\"\/> RTVD entrega al Minerd la serie animada \u201cTrinitarios\u201d para ense\u00f1anza de historia patria. (Foto: F\u00e9lix Lara\/ El Nuevo Diario). <\/p>\n<div>\n<div id=\"gemini-summary-wrapper\" class=\"mb-3\">\n                <button id=\"btn-get-summary\" class=\"gemini-btn\" data-post-id=\"3042210\" data-post-title=\"RTVD entrega al Minerd la serie animada \u201cTrinitarios\u201d para ense\u00f1anza de historia patria\"><br \/>\n                    Leer resumen <b class=\"d-none d-md-inline\">de la noticia<\/b> (IA) <span>CLICK AQU\u00cd<\/span><br \/>\n                <\/button><\/p>\n<div id=\"gemini-loading\" class=\"mb-3\">\n<p>                    <span>Analizando noticia&#8230; por favor espera.<\/span>\n                <\/div>\n<\/p><\/div>\n<p><strong>EL NUEVO DIARIO, SANTO DOMINGO.\u2013<\/strong> Radio Televisi\u00f3n Dominicana (RTVD) entreg\u00f3 este lunes la serie hist\u00f3rica animada \u201cTrinitarios\u201d al Ministerio de Educaci\u00f3n de la Rep\u00fablica Dominicana (Minerd), que busca fortalecer la ense\u00f1anza de la historia patria en el sistema educativo dominicano.<\/p>\n<p>El acto fue encabezado por el ministro de Educaci\u00f3n, Luis Miguel De Camps Garc\u00eda; el director general de RTVD, Iv\u00e1n Ruiz; el director de Radio Televisi\u00f3n Educativa (Edu+), Jos\u00e9 Alberto Selmo, y el director de \u201cTrinitarios\u201d, Luis Cepeda, seg\u00fan detalla un comunicado de prensa.<\/p>\n<p>Asimismo, los servidores p\u00fablicos formalizaron la entrega de la producci\u00f3n audiovisual como un recurso pedag\u00f3gico destinado a apoyar los procesos formativos sobre los valores patri\u00f3ticos y la identidad nacional.<\/p>\n<figure id=\"attachment_3042252\" aria-describedby=\"caption-attachment-3042252\" style=\"width: 1280px\" class=\"wp-caption alignnone\"><img loading=\"lazy\" data-recalc-dims=\"1\" data-dominant-color=\"89a0af\" data-has-transparency=\"false\" style=\"--dominant-color: #89a0af;\" decoding=\"async\" class=\"wp-image-3042252 size-full not-transparent\" src=\"https:\/\/i0.wp.com\/nuevodiario-assets.s3.us-east-2.amazonaws.com\/wp-content\/uploads\/2026\/03\/RTVD-entrega-al-Minerd-la-serie-animada-Trinitarios-para-ensenanza-de-historia-patria-2.jpeg?resize=640%2C431&amp;quality=100&amp;ssl=1\" alt=\"\" width=\"640\" height=\"431\" srcset=\"https:\/\/nuevodiario-assets.s3.us-east-2.amazonaws.com\/wp-content\/uploads\/2026\/03\/RTVD-entrega-al-Minerd-la-serie-animada-Trinitarios-para-ensenanza-de-historia-patria-2.jpeg 1280w, https:\/\/nuevodiario-assets.s3.us-east-2.amazonaws.com\/wp-content\/uploads\/2026\/03\/RTVD-entrega-al-Minerd-la-serie-animada-Trinitarios-para-ensenanza-de-historia-patria-2.jpeg 400w, https:\/\/nuevodiario-assets.s3.us-east-2.amazonaws.com\/wp-content\/uploads\/2026\/03\/RTVD-entrega-al-Minerd-la-serie-animada-Trinitarios-para-ensenanza-de-historia-patria-2.jpeg 800w, https:\/\/nuevodiario-assets.s3.us-east-2.amazonaws.com\/wp-content\/uploads\/2026\/03\/RTVD-entrega-al-Minerd-la-serie-animada-Trinitarios-para-ensenanza-de-historia-patria-2.jpeg 768w, https:\/\/nuevodiario-assets.s3.us-east-2.amazonaws.com\/wp-content\/uploads\/2026\/03\/RTVD-entrega-al-Minerd-la-serie-animada-Trinitarios-para-ensenanza-de-historia-patria-2.jpeg 410w, https:\/\/nuevodiario-assets.s3.us-east-2.amazonaws.com\/wp-content\/uploads\/2026\/03\/RTVD-entrega-al-Minerd-la-serie-animada-Trinitarios-para-ensenanza-de-historia-patria-2.jpeg 600w\" sizes=\"auto, (max-width: 640px) 100vw, 640px\"\/><figcaption id=\"caption-attachment-3042252\" class=\"wp-caption-text\"><strong>RTVD entrega al Minerd la serie animada \u201cTrinitarios\u201d para ense\u00f1anza de historia patria. (Foto: F\u00e9lix Lara\/ El Nuevo Diario).<\/strong><\/figcaption><\/figure>\n<p>A\u00f1ade que, la serie animada \u201cTrinitarios\u201d forma parte de los esfuerzos de RTVD por promover contenidos audiovisuales de alto valor educativo y cultural, inspirados en los ideales de los fundadores de la naci\u00f3n y en el legado hist\u00f3rico que dio origen a la Rep\u00fablica Dominicana.<\/p>\n<figure id=\"attachment_3042255\" aria-describedby=\"caption-attachment-3042255\" style=\"width: 1280px\" class=\"wp-caption alignnone\"><img data-recalc-dims=\"1\" data-dominant-color=\"a2b6bf\" data-has-transparency=\"false\" style=\"--dominant-color: #a2b6bf;\" loading=\"lazy\" decoding=\"async\" class=\"wp-image-3042255 size-full not-transparent\" src=\"https:\/\/i0.wp.com\/nuevodiario-assets.s3.us-east-2.amazonaws.com\/wp-content\/uploads\/2026\/03\/RTVD-entrega-al-Minerd-la-serie-animada-Trinitarios-para-ensenanza-de-historia-patria-3.jpeg?resize=640%2C426&amp;quality=100&amp;ssl=1\" alt=\"\" width=\"640\" height=\"426\" srcset=\"https:\/\/nuevodiario-assets.s3.us-east-2.amazonaws.com\/wp-content\/uploads\/2026\/03\/RTVD-entrega-al-Minerd-la-serie-animada-Trinitarios-para-ensenanza-de-historia-patria-3.jpeg 1280w, https:\/\/nuevodiario-assets.s3.us-east-2.amazonaws.com\/wp-content\/uploads\/2026\/03\/RTVD-entrega-al-Minerd-la-serie-animada-Trinitarios-para-ensenanza-de-historia-patria-3.jpeg 400w, https:\/\/nuevodiario-assets.s3.us-east-2.amazonaws.com\/wp-content\/uploads\/2026\/03\/RTVD-entrega-al-Minerd-la-serie-animada-Trinitarios-para-ensenanza-de-historia-patria-3.jpeg 800w, https:\/\/nuevodiario-assets.s3.us-east-2.amazonaws.com\/wp-content\/uploads\/2026\/03\/RTVD-entrega-al-Minerd-la-serie-animada-Trinitarios-para-ensenanza-de-historia-patria-3.jpeg 768w, https:\/\/nuevodiario-assets.s3.us-east-2.amazonaws.com\/wp-content\/uploads\/2026\/03\/RTVD-entrega-al-Minerd-la-serie-animada-Trinitarios-para-ensenanza-de-historia-patria-3.jpeg 600w\" sizes=\"auto, (max-width: 640px) 100vw, 640px\"\/><figcaption id=\"caption-attachment-3042255\" class=\"wp-caption-text\"><strong>RTVD entrega al Minerd la serie animada \u201cTrinitarios\u201d para ense\u00f1anza de historia patria. (Foto: F\u00e9lix Lara\/ El Nuevo Diario).<\/strong><\/figcaption><\/figure>\n<p>En ese sentido el audiovisual, dirigido por Luis Cepeda con la producci\u00f3n general de Iv\u00e1n Ruiz, consta de una serie de episodios que recrean los acontecimientos desde la ocupaci\u00f3n haitiana de 1822 hasta la noche de independencia del 27 de febrero de 1844.<\/p>\n<figure id=\"attachment_3042260\" aria-describedby=\"caption-attachment-3042260\" style=\"width: 1280px\" class=\"wp-caption alignnone\"><img data-recalc-dims=\"1\" data-dominant-color=\"a4b6b8\" data-has-transparency=\"false\" style=\"--dominant-color: #a4b6b8;\" loading=\"lazy\" decoding=\"async\" class=\"wp-image-3042260 size-full not-transparent\" src=\"https:\/\/i0.wp.com\/nuevodiario-assets.s3.us-east-2.amazonaws.com\/wp-content\/uploads\/2026\/03\/RTVD-entrega-al-Minerd-la-serie-animada-Trinitarios-para-ensenanza-de-historia-patria-7.jpeg?resize=640%2C426&amp;quality=100&amp;ssl=1\" alt=\"\" width=\"640\" height=\"426\" srcset=\"https:\/\/nuevodiario-assets.s3.us-east-2.amazonaws.com\/wp-content\/uploads\/2026\/03\/RTVD-entrega-al-Minerd-la-serie-animada-Trinitarios-para-ensenanza-de-historia-patria-7.jpeg 1280w, https:\/\/nuevodiario-assets.s3.us-east-2.amazonaws.com\/wp-content\/uploads\/2026\/03\/RTVD-entrega-al-Minerd-la-serie-animada-Trinitarios-para-ensenanza-de-historia-patria-7.jpeg 400w, https:\/\/nuevodiario-assets.s3.us-east-2.amazonaws.com\/wp-content\/uploads\/2026\/03\/RTVD-entrega-al-Minerd-la-serie-animada-Trinitarios-para-ensenanza-de-historia-patria-7.jpeg 800w, https:\/\/nuevodiario-assets.s3.us-east-2.amazonaws.com\/wp-content\/uploads\/2026\/03\/RTVD-entrega-al-Minerd-la-serie-animada-Trinitarios-para-ensenanza-de-historia-patria-7.jpeg 768w, https:\/\/nuevodiario-assets.s3.us-east-2.amazonaws.com\/wp-content\/uploads\/2026\/03\/RTVD-entrega-al-Minerd-la-serie-animada-Trinitarios-para-ensenanza-de-historia-patria-7.jpeg 600w\" sizes=\"auto, (max-width: 640px) 100vw, 640px\"\/><figcaption id=\"caption-attachment-3042260\" class=\"wp-caption-text\"><strong>RTVD entrega al Minerd la serie animada \u201cTrinitarios\u201d para ense\u00f1anza de historia patria. (Foto: F\u00e9lix Lara\/ El Nuevo Diario).<\/strong><\/figcaption><\/figure>\n<p>La actividad, fue conducida por los comunicadores Miguel Susana y Mauvie Espinosa, el Minerd recibi\u00f3 formalmente y acept\u00f3 el traspaso de la serie hist\u00f3rica \u201cTrinitarios\u201d, dejando constancia de su conformidad con el prop\u00f3sito educativo, cultural e institucional.<\/p>\n<figure id=\"attachment_3042256\" aria-describedby=\"caption-attachment-3042256\" style=\"width: 1280px\" class=\"wp-caption alignnone\"><img data-recalc-dims=\"1\" data-dominant-color=\"5f5e59\" data-has-transparency=\"false\" style=\"--dominant-color: #5f5e59;\" loading=\"lazy\" decoding=\"async\" class=\"wp-image-3042256 size-full not-transparent\" src=\"https:\/\/i0.wp.com\/nuevodiario-assets.s3.us-east-2.amazonaws.com\/wp-content\/uploads\/2026\/03\/RTVD-entrega-al-Minerd-la-serie-animada-Trinitarios-para-ensenanza-de-historia-patria-4.jpeg?resize=640%2C426&amp;quality=100&amp;ssl=1\" alt=\"\" width=\"640\" height=\"426\" srcset=\"https:\/\/nuevodiario-assets.s3.us-east-2.amazonaws.com\/wp-content\/uploads\/2026\/03\/RTVD-entrega-al-Minerd-la-serie-animada-Trinitarios-para-ensenanza-de-historia-patria-4.jpeg 1280w, https:\/\/nuevodiario-assets.s3.us-east-2.amazonaws.com\/wp-content\/uploads\/2026\/03\/RTVD-entrega-al-Minerd-la-serie-animada-Trinitarios-para-ensenanza-de-historia-patria-4.jpeg 400w, https:\/\/nuevodiario-assets.s3.us-east-2.amazonaws.com\/wp-content\/uploads\/2026\/03\/RTVD-entrega-al-Minerd-la-serie-animada-Trinitarios-para-ensenanza-de-historia-patria-4.jpeg 800w, https:\/\/nuevodiario-assets.s3.us-east-2.amazonaws.com\/wp-content\/uploads\/2026\/03\/RTVD-entrega-al-Minerd-la-serie-animada-Trinitarios-para-ensenanza-de-historia-patria-4.jpeg 768w, https:\/\/nuevodiario-assets.s3.us-east-2.amazonaws.com\/wp-content\/uploads\/2026\/03\/RTVD-entrega-al-Minerd-la-serie-animada-Trinitarios-para-ensenanza-de-historia-patria-4.jpeg 600w\" sizes=\"auto, (max-width: 640px) 100vw, 640px\"\/><figcaption id=\"caption-attachment-3042256\" class=\"wp-caption-text\"><strong>RTVD entrega al Minerd la serie animada \u201cTrinitarios\u201d para ense\u00f1anza de historia patria. (Foto: F\u00e9lix Lara\/ El Nuevo Diario).<\/strong><\/figcaption><\/figure>\n<p>El evento se realiz\u00f3 en las instalaciones del Instituto Polit\u00e9cnico V\u00edctor Estrella Liz, en el Ensanche La Fe, donde autoridades educativas, funcionarios y representantes del sector educativo, cultural, y comunicacional acompa\u00f1aron este acto.<\/p>\n<p>Al acto tambi\u00e9n asistieron Alexis Jim\u00e9nez, viceministro de Desarrollo Social de la Presidencia; Ancell Sch\u00e9ker Mendoza, viceministra de Servicios T\u00e9cnicos y Pedag\u00f3gicos del Minerd; Eddy Ch\u00e1vez, director del Distrito Educativo 15-04; Secundina Vallejo, directora del Polit\u00e9cnico V\u00edctor Estrella Liz; Reina Rosario, directora de Fomento de la Identidad Nacional del Instituto de Dominicanos y Dominicanas en el Exterior (Index), del Ministerio de Relaciones Exteriores; y Juan Pablo Uribe, presidente de la Comisi\u00f3n Permanente de Efem\u00e9rides Patrias.<\/p>\n<p>\u00a0<\/p>\n<p>\u00a0<\/p>\n<p>NLP\/<\/p>\n<p><h3 class=\"jp-relatedposts-headline\"><em>Relacionado<\/em><\/h3>\n<\/p>\n<p>\t\t\t\t\t\t<!-- .entry-footer --><br \/>\n\t\t\t\t\t\t<!-- \n\n<div data-type=\"_mgwidget\" data-widget-id=\"1743501\"><\/div>\n\n  -->\n\t\t\t\t\t<\/div>\n","protected":false},"excerpt":{"rendered":"<p>RTVD entrega al Minerd la serie animada \u201cTrinitarios\u201d para ense\u00f1anza de historia patria. (Foto: F\u00e9lix Lara\/ El Nuevo Diario). Leer resumen de la noticia (IA) CLICK AQU\u00cd Analizando noticia&#8230; por favor espera. EL NUEVO DIARIO, SANTO DOMINGO.\u2013 Radio Televisi\u00f3n Dominicana (RTVD) entreg\u00f3 este lunes la serie hist\u00f3rica animada \u201cTrinitarios\u201d al Ministerio de Educaci\u00f3n de la<\/p>\n","protected":false},"author":1,"featured_media":26459,"comment_status":"open","ping_status":"open","sticky":false,"template":"","format":"standard","meta":{"footnotes":""},"categories":[1],"tags":[],"class_list":["post-26458","post","type-post","status-publish","format-standard","has-post-thumbnail","hentry","category-nacionales"],"_links":{"self":[{"href":"https:\/\/acronoticias.com\/index.php\/wp-json\/wp\/v2\/posts\/26458","targetHints":{"allow":["GET"]}}],"collection":[{"href":"https:\/\/acronoticias.com\/index.php\/wp-json\/wp\/v2\/posts"}],"about":[{"href":"https:\/\/acronoticias.com\/index.php\/wp-json\/wp\/v2\/types\/post"}],"author":[{"embeddable":true,"href":"https:\/\/acronoticias.com\/index.php\/wp-json\/wp\/v2\/users\/1"}],"replies":[{"embeddable":true,"href":"https:\/\/acronoticias.com\/index.php\/wp-json\/wp\/v2\/comments?post=26458"}],"version-history":[{"count":0,"href":"https:\/\/acronoticias.com\/index.php\/wp-json\/wp\/v2\/posts\/26458\/revisions"}],"wp:featuredmedia":[{"embeddable":true,"href":"https:\/\/acronoticias.com\/index.php\/wp-json\/wp\/v2\/media\/26459"}],"wp:attachment":[{"href":"https:\/\/acronoticias.com\/index.php\/wp-json\/wp\/v2\/media?parent=26458"}],"wp:term":[{"taxonomy":"category","embeddable":true,"href":"https:\/\/acronoticias.com\/index.php\/wp-json\/wp\/v2\/categories?post=26458"},{"taxonomy":"post_tag","embeddable":true,"href":"https:\/\/acronoticias.com\/index.php\/wp-json\/wp\/v2\/tags?post=26458"}],"curies":[{"name":"wp","href":"https:\/\/api.w.org\/{rel}","templated":true}]}}