{"id":26456,"date":"2026-03-09T15:20:44","date_gmt":"2026-03-09T15:20:44","guid":{"rendered":"https:\/\/acronoticias.com\/index.php\/2026\/03\/09\/efemerides-patrias-recuerda-ideales-de-francisco-del-rosario-sanchez-el-nuevo-diario-republica-dominicana\/"},"modified":"2026-03-09T15:20:44","modified_gmt":"2026-03-09T15:20:44","slug":"efemerides-patrias-recuerda-ideales-de-francisco-del-rosario-sanchez-el-nuevo-diario-republica-dominicana","status":"publish","type":"post","link":"https:\/\/acronoticias.com\/index.php\/2026\/03\/09\/efemerides-patrias-recuerda-ideales-de-francisco-del-rosario-sanchez-el-nuevo-diario-republica-dominicana\/","title":{"rendered":"Efem\u00e9rides Patrias recuerda ideales de Francisco del Rosario S\u00e1nchez \u2013 El Nuevo Diario (Rep\u00fablica Dominicana)"},"content":{"rendered":"<p><i class=\"bi bi-camera-fill\" style=\"font-size:18px; color:var(--rojo)\"\/> Juan Pablo Uribe y Yeni Berenice Reynoso junto a personalidades en el Altar de la Patria (Foto: Efem\u00e9rides Patrias)<\/p>\n<div>\n<div id=\"gemini-summary-wrapper\" class=\"mb-3\">\n                <button id=\"btn-get-summary\" class=\"gemini-btn\" data-post-id=\"3042183\" data-post-title=\"Efem\u00e9rides Patrias recuerda ideales de Francisco del Rosario S\u00e1nchez\"><br \/>\n                    Leer resumen <b class=\"d-none d-md-inline\">de la noticia<\/b> (IA) <span>CLICK AQU\u00cd<\/span><br \/>\n                <\/button><\/p>\n<div id=\"gemini-loading\" class=\"mb-3\">\n<p>                    <span>Analizando noticia&#8230; por favor espera.<\/span>\n                <\/div>\n<\/p><\/div>\n<p>EL NUEVO DIARIO, SANTO DOMINGO. \u2013 La Presidencia de la Rep\u00fablica, a trav\u00e9s de la Comisi\u00f3n Permanente de Efem\u00e9rides Patrias celebr\u00f3 este lunes un acto patri\u00f3tico en el Parque Independencia al celebrarse este nueve de marzo el 209 aniversario del natalicio del patricio Francisco del Rosario S\u00e1nchez y el cierre formal del \u201cMes de la Patria 2026\u201d, periodo que sirvi\u00f3 para enarbolar los s\u00edmbolos de la dominicanidad en cada coraz\u00f3n y hogar de la patria.<\/p>\n<p>La solemnidad celebratoria inici\u00f3 a las 8:00 de la ma\u00f1ana, con el enhestamiento de la Bandera Nacional y los honores militares de estilo, al general de Divisi\u00f3n Francisco del Rosario S\u00e1nchez, seguido del dep\u00f3sito de ofrenda florales, al comp\u00e1s con el toque de ofrenda y el ritual en la llama votiva, detalla una nota de prensa.<\/p>\n<p>El presidente de la Comisi\u00f3n Permanente de Efem\u00e9rides Patrias, Juan Pablo Uribe, pronunci\u00f3 el discurso central destacando que \u201ccelebramos el natalicio de Francisco del Rosario S\u00e1nchez, 9 de marzo de 1817, patricio, h\u00e9roe y m\u00e1rtir, cuya estatura hist\u00f3rica lo hace merecedor de los m\u00e1s encendidos elogios como forma de reivindicar y consolidar los conceptos innegociables de soberan\u00eda nacional, integridad territorial e integridad demogr\u00e1fica en medio de complejidades globales e insulares\u201d.<\/p>\n<figure id=\"attachment_3042217\" aria-describedby=\"caption-attachment-3042217\" style=\"width: 1600px\" class=\"wp-caption alignnone\"><img loading=\"lazy\" data-recalc-dims=\"1\" data-dominant-color=\"79736f\" data-has-transparency=\"false\" style=\"--dominant-color: #79736f;\" decoding=\"async\" class=\"size-full wp-image-3042217 not-transparent\" src=\"https:\/\/i0.wp.com\/nuevodiario-assets.s3.us-east-2.amazonaws.com\/wp-content\/uploads\/2026\/03\/Personalidades-en-el-Altar-de-la-Patria-Foto-Efemerides-Patrias-3.jpeg?resize=640%2C360&amp;quality=100&amp;ssl=1\" alt=\"\" width=\"640\" height=\"360\" srcset=\"https:\/\/nuevodiario-assets.s3.us-east-2.amazonaws.com\/wp-content\/uploads\/2026\/03\/Personalidades-en-el-Altar-de-la-Patria-Foto-Efemerides-Patrias-3.jpeg 1600w, https:\/\/nuevodiario-assets.s3.us-east-2.amazonaws.com\/wp-content\/uploads\/2026\/03\/Personalidades-en-el-Altar-de-la-Patria-Foto-Efemerides-Patrias-3.jpeg 400w, https:\/\/nuevodiario-assets.s3.us-east-2.amazonaws.com\/wp-content\/uploads\/2026\/03\/Personalidades-en-el-Altar-de-la-Patria-Foto-Efemerides-Patrias-3.jpeg 800w, https:\/\/nuevodiario-assets.s3.us-east-2.amazonaws.com\/wp-content\/uploads\/2026\/03\/Personalidades-en-el-Altar-de-la-Patria-Foto-Efemerides-Patrias-3.jpeg 768w, https:\/\/nuevodiario-assets.s3.us-east-2.amazonaws.com\/wp-content\/uploads\/2026\/03\/Personalidades-en-el-Altar-de-la-Patria-Foto-Efemerides-Patrias-3.jpeg 1536w, https:\/\/nuevodiario-assets.s3.us-east-2.amazonaws.com\/wp-content\/uploads\/2026\/03\/Personalidades-en-el-Altar-de-la-Patria-Foto-Efemerides-Patrias-3.jpeg 355w, https:\/\/nuevodiario-assets.s3.us-east-2.amazonaws.com\/wp-content\/uploads\/2026\/03\/Personalidades-en-el-Altar-de-la-Patria-Foto-Efemerides-Patrias-3.jpeg 600w, https:\/\/nuevodiario-assets.s3.us-east-2.amazonaws.com\/wp-content\/uploads\/2026\/03\/Personalidades-en-el-Altar-de-la-Patria-Foto-Efemerides-Patrias-3.jpeg 1280w\" sizes=\"auto, (max-width: 640px) 100vw, 640px\"\/><figcaption id=\"caption-attachment-3042217\" class=\"wp-caption-text\"><strong>Juan Pablo Uribe al tomar la palabra (Foto: Efem\u00e9rides Patrias)<\/strong><\/figcaption><\/figure>\n<p>Sostuvo que \u201cen el momento portentoso de la independencia nacional su talante \u00e9pico fue definitorio. En la hora perversa de la traici\u00f3n con la anexi\u00f3n a Espa\u00f1a, encabez\u00f3 las primeras luchas ofrendando su sangre, su vida. Con Francisco del Rosario S\u00e1nchez, h\u00e9roe febrerista y m\u00e1rtir restaurador adelantado, que con esta efem\u00e9ride cerramos con \u00e9xito rotundo el Mes de la Patria 2026, reafirm\u00e1ndonos en los principios inconmovibles que sostienen la dominicanidad\u201d.<\/p>\n<figure id=\"attachment_3042216\" aria-describedby=\"caption-attachment-3042216\" style=\"width: 1600px\" class=\"wp-caption alignnone\"><img data-recalc-dims=\"1\" data-dominant-color=\"7e7b7d\" data-has-transparency=\"false\" style=\"--dominant-color: #7e7b7d;\" loading=\"lazy\" decoding=\"async\" class=\"size-full wp-image-3042216 not-transparent\" src=\"https:\/\/i0.wp.com\/nuevodiario-assets.s3.us-east-2.amazonaws.com\/wp-content\/uploads\/2026\/03\/Personalidades-en-el-Altar-de-la-Patria-Foto-Efemerides-Patrias-2.jpeg?resize=640%2C360&amp;quality=100&amp;ssl=1\" alt=\"\" width=\"640\" height=\"360\" srcset=\"https:\/\/nuevodiario-assets.s3.us-east-2.amazonaws.com\/wp-content\/uploads\/2026\/03\/Personalidades-en-el-Altar-de-la-Patria-Foto-Efemerides-Patrias-2.jpeg 1600w, https:\/\/nuevodiario-assets.s3.us-east-2.amazonaws.com\/wp-content\/uploads\/2026\/03\/Personalidades-en-el-Altar-de-la-Patria-Foto-Efemerides-Patrias-2.jpeg 400w, https:\/\/nuevodiario-assets.s3.us-east-2.amazonaws.com\/wp-content\/uploads\/2026\/03\/Personalidades-en-el-Altar-de-la-Patria-Foto-Efemerides-Patrias-2.jpeg 800w, https:\/\/nuevodiario-assets.s3.us-east-2.amazonaws.com\/wp-content\/uploads\/2026\/03\/Personalidades-en-el-Altar-de-la-Patria-Foto-Efemerides-Patrias-2.jpeg 768w, https:\/\/nuevodiario-assets.s3.us-east-2.amazonaws.com\/wp-content\/uploads\/2026\/03\/Personalidades-en-el-Altar-de-la-Patria-Foto-Efemerides-Patrias-2.jpeg 1536w, https:\/\/nuevodiario-assets.s3.us-east-2.amazonaws.com\/wp-content\/uploads\/2026\/03\/Personalidades-en-el-Altar-de-la-Patria-Foto-Efemerides-Patrias-2.jpeg 355w, https:\/\/nuevodiario-assets.s3.us-east-2.amazonaws.com\/wp-content\/uploads\/2026\/03\/Personalidades-en-el-Altar-de-la-Patria-Foto-Efemerides-Patrias-2.jpeg 600w, https:\/\/nuevodiario-assets.s3.us-east-2.amazonaws.com\/wp-content\/uploads\/2026\/03\/Personalidades-en-el-Altar-de-la-Patria-Foto-Efemerides-Patrias-2.jpeg 1280w\" sizes=\"auto, (max-width: 640px) 100vw, 640px\"\/><figcaption id=\"caption-attachment-3042216\" class=\"wp-caption-text\"><strong>Personalidades en el Altar de la Patria (Foto: Efem\u00e9rides Patrias)<\/strong><\/figcaption><\/figure>\n<p>A la actividad acudi\u00f3 la procuradora general de la Rep\u00fablica, Yeni Berenice Reynoso, miembros del Ministerio P\u00fablico, as\u00ed como autoridades como el ministro de Defensa, teniente general Carlos Antonio Fern\u00e1ndez Onofre, entre otros de gran importancia.<\/p>\n<p>ADDP\/<\/p>\n<p><img data-recalc-dims=\"1\" data-dominant-color=\"7b717a\" data-has-transparency=\"false\" style=\"--dominant-color: #7b717a;\" loading=\"lazy\" decoding=\"async\" class=\"alignnone size-full wp-image-3042215 not-transparent\" src=\"https:\/\/i0.wp.com\/nuevodiario-assets.s3.us-east-2.amazonaws.com\/wp-content\/uploads\/2026\/03\/Personalidades-en-el-Altar-de-la-Patria-Foto-Efemerides-Patrias-1.jpeg?resize=640%2C480&amp;quality=100&amp;ssl=1\" alt=\"\" width=\"640\" height=\"480\" srcset=\"https:\/\/nuevodiario-assets.s3.us-east-2.amazonaws.com\/wp-content\/uploads\/2026\/03\/Personalidades-en-el-Altar-de-la-Patria-Foto-Efemerides-Patrias-1.jpeg 1600w, https:\/\/nuevodiario-assets.s3.us-east-2.amazonaws.com\/wp-content\/uploads\/2026\/03\/Personalidades-en-el-Altar-de-la-Patria-Foto-Efemerides-Patrias-1.jpeg 400w, https:\/\/nuevodiario-assets.s3.us-east-2.amazonaws.com\/wp-content\/uploads\/2026\/03\/Personalidades-en-el-Altar-de-la-Patria-Foto-Efemerides-Patrias-1.jpeg 800w, https:\/\/nuevodiario-assets.s3.us-east-2.amazonaws.com\/wp-content\/uploads\/2026\/03\/Personalidades-en-el-Altar-de-la-Patria-Foto-Efemerides-Patrias-1.jpeg 768w, https:\/\/nuevodiario-assets.s3.us-east-2.amazonaws.com\/wp-content\/uploads\/2026\/03\/Personalidades-en-el-Altar-de-la-Patria-Foto-Efemerides-Patrias-1.jpeg 1536w, https:\/\/nuevodiario-assets.s3.us-east-2.amazonaws.com\/wp-content\/uploads\/2026\/03\/Personalidades-en-el-Altar-de-la-Patria-Foto-Efemerides-Patrias-1.jpeg 600w, https:\/\/nuevodiario-assets.s3.us-east-2.amazonaws.com\/wp-content\/uploads\/2026\/03\/Personalidades-en-el-Altar-de-la-Patria-Foto-Efemerides-Patrias-1.jpeg 1280w\" sizes=\"auto, (max-width: 640px) 100vw, 640px\"\/><\/p>\n<p><h3 class=\"jp-relatedposts-headline\"><em>Relacionado<\/em><\/h3>\n<\/p>\n<p>\t\t\t\t\t\t<!-- .entry-footer --><br \/>\n\t\t\t\t\t\t<!-- \n\n<div data-type=\"_mgwidget\" data-widget-id=\"1743501\"><\/div>\n\n  -->\n\t\t\t\t\t<\/div>\n","protected":false},"excerpt":{"rendered":"<p>Juan Pablo Uribe y Yeni Berenice Reynoso junto a personalidades en el Altar de la Patria (Foto: Efem\u00e9rides Patrias) Leer resumen de la noticia (IA) CLICK AQU\u00cd Analizando noticia&#8230; por favor espera. EL NUEVO DIARIO, SANTO DOMINGO. \u2013 La Presidencia de la Rep\u00fablica, a trav\u00e9s de la Comisi\u00f3n Permanente de Efem\u00e9rides Patrias celebr\u00f3 este lunes<\/p>\n","protected":false},"author":1,"featured_media":26457,"comment_status":"open","ping_status":"open","sticky":false,"template":"","format":"standard","meta":{"footnotes":""},"categories":[1],"tags":[],"class_list":["post-26456","post","type-post","status-publish","format-standard","has-post-thumbnail","hentry","category-nacionales"],"_links":{"self":[{"href":"https:\/\/acronoticias.com\/index.php\/wp-json\/wp\/v2\/posts\/26456","targetHints":{"allow":["GET"]}}],"collection":[{"href":"https:\/\/acronoticias.com\/index.php\/wp-json\/wp\/v2\/posts"}],"about":[{"href":"https:\/\/acronoticias.com\/index.php\/wp-json\/wp\/v2\/types\/post"}],"author":[{"embeddable":true,"href":"https:\/\/acronoticias.com\/index.php\/wp-json\/wp\/v2\/users\/1"}],"replies":[{"embeddable":true,"href":"https:\/\/acronoticias.com\/index.php\/wp-json\/wp\/v2\/comments?post=26456"}],"version-history":[{"count":0,"href":"https:\/\/acronoticias.com\/index.php\/wp-json\/wp\/v2\/posts\/26456\/revisions"}],"wp:featuredmedia":[{"embeddable":true,"href":"https:\/\/acronoticias.com\/index.php\/wp-json\/wp\/v2\/media\/26457"}],"wp:attachment":[{"href":"https:\/\/acronoticias.com\/index.php\/wp-json\/wp\/v2\/media?parent=26456"}],"wp:term":[{"taxonomy":"category","embeddable":true,"href":"https:\/\/acronoticias.com\/index.php\/wp-json\/wp\/v2\/categories?post=26456"},{"taxonomy":"post_tag","embeddable":true,"href":"https:\/\/acronoticias.com\/index.php\/wp-json\/wp\/v2\/tags?post=26456"}],"curies":[{"name":"wp","href":"https:\/\/api.w.org\/{rel}","templated":true}]}}