{"id":26450,"date":"2026-03-09T14:58:11","date_gmt":"2026-03-09T14:58:11","guid":{"rendered":"https:\/\/acronoticias.com\/index.php\/2026\/03\/09\/macron-convoca-g7-de-energia-en-paris-por-crisis-iran\/"},"modified":"2026-03-09T14:58:11","modified_gmt":"2026-03-09T14:58:11","slug":"macron-convoca-g7-de-energia-en-paris-por-crisis-iran","status":"publish","type":"post","link":"https:\/\/acronoticias.com\/index.php\/2026\/03\/09\/macron-convoca-g7-de-energia-en-paris-por-crisis-iran\/","title":{"rendered":"Macron convoca G7 de Energ\u00eda en Par\u00eds por crisis Ir\u00e1n"},"content":{"rendered":"<div id=\"nota-texto\">\n<p><strong>Nicosia<\/strong>\/<strong>Par\u00eds<\/strong>. \u2013 El presidente franc\u00e9s, <strong>Emmanuel Macron<\/strong>, anunci\u00f3 para ma\u00f1ana martes una reuni\u00f3n extraordinaria de los ministros de Energ\u00eda del <strong>G7<\/strong> para buscar una \u00abestrecha coordinaci\u00f3n\u00bb de los pa\u00edses m\u00e1s ricos del mundo ante el impacto que los ataques contra <strong>Ir\u00e1n<\/strong> de <strong>Estados Unidos<\/strong> e <strong>Israel<\/strong> est\u00e1n teniendo en los precios del petr\u00f3leo y gas.<\/p>\n<p>Seguiremos trabajando en temas energ\u00e9ticos, que son extremadamente importantes, y en temas econ\u00f3micos. La reuni\u00f3n de Finanzas del <strong>G7<\/strong> se celebr\u00f3 hoy. Ma\u00f1ana habr\u00e1 una reuni\u00f3n entre ministros de Energ\u00eda, en paralelo a la cumbre nuclear de <strong>Par\u00eds<\/strong>, y espero que podamos lograr una estrecha coordinaci\u00f3n en el <strong>G7<\/strong>\u00ab, dijo <strong>Macron<\/strong> en un discurso en <strong>Chipre<\/strong>.<\/p>\n<h2 class=\"wp-block-heading\">Impacto en los precios del petr\u00f3leo<\/h2>\n<p>Los precios del petr\u00f3leo se han disparado m\u00e1s del 50 % desde el comienzo de la guerra y este lunes el barril de <strong>Brent<\/strong>, que sirve de referencia en <strong>Europa<\/strong>, lleg\u00f3 a superar el umbral de los 115 d\u00f3lares.<\/p>\n<blockquote class=\"wp-block-quote is-layout-flow wp-block-quote-is-layout-flow\">\n<p><strong>Macron<\/strong>, que abrir\u00e1 ma\u00f1ana en <strong>Par\u00eds<\/strong> la reuni\u00f3n de alto nivel sobre energ\u00eda nuclear de uso civil, no precis\u00f3 si ese <strong>G7<\/strong> de Energ\u00eda ser\u00e1 presencial o por videoconferencia, como el <strong>G7<\/strong> de Finanzas celebrado este lunes.<\/p>\n<\/blockquote>\n<p><strong>Macron<\/strong> y la presidenta de la <strong>Comisi\u00f3n Europea<\/strong> (<strong>CE<\/strong>), <strong>\u00darsula Von der Leyen<\/strong>, estar\u00e1n presentes en el encuentro de ma\u00f1ana en <strong>Par\u00eds<\/strong>, que se celebra en un momento de crisis energ\u00e9tica por la guerra en <strong>Oriente Medio<\/strong> y justo cuando se cumplen 15 a\u00f1os del desastre nuclear de <strong>Fukushima<\/strong> (Jap\u00f3n).<\/p>\n<ul class=\"wp-block-list\">\n<li>Fuentes de la <strong>Presidencia<\/strong> francesa destacaron que esta cita servir\u00e1 para reivindicar la energ\u00eda nuclear civil como una fuente v\u00e1lida para \u00abdescarbonizar\u00bb la econom\u00eda y para dotar de soberan\u00eda energ\u00e9tica a <strong>Europa<\/strong>.<\/li>\n<\/ul>\n<h2 class=\"wp-block-heading\">Alianza europea por la energ\u00eda nuclear<\/h2>\n<p><strong>Francia<\/strong> busca ampliar la alianza europea en favor de la energ\u00eda nuclear para usos civiles, actualmente con 16 miembros de la <strong>UE<\/strong>, en una reuni\u00f3n de alto nivel que se celebra el 10 de marzo en <strong>Par\u00eds<\/strong>, informaron fuentes del <strong>El\u00edseo<\/strong>. <strong>EFE<\/strong><\/p>\n<\/div>\n","protected":false},"excerpt":{"rendered":"<p>Nicosia\/Par\u00eds. \u2013 El presidente franc\u00e9s, Emmanuel Macron, anunci\u00f3 para ma\u00f1ana martes una reuni\u00f3n extraordinaria de los ministros de Energ\u00eda del G7 para buscar una \u00abestrecha coordinaci\u00f3n\u00bb de los pa\u00edses m\u00e1s ricos del mundo ante el impacto que los ataques contra Ir\u00e1n de Estados Unidos e Israel est\u00e1n teniendo en los precios del petr\u00f3leo y gas.<\/p>\n","protected":false},"author":1,"featured_media":26451,"comment_status":"open","ping_status":"open","sticky":false,"template":"","format":"standard","meta":{"footnotes":""},"categories":[3],"tags":[],"class_list":["post-26450","post","type-post","status-publish","format-standard","has-post-thumbnail","hentry","category-internacionales"],"_links":{"self":[{"href":"https:\/\/acronoticias.com\/index.php\/wp-json\/wp\/v2\/posts\/26450","targetHints":{"allow":["GET"]}}],"collection":[{"href":"https:\/\/acronoticias.com\/index.php\/wp-json\/wp\/v2\/posts"}],"about":[{"href":"https:\/\/acronoticias.com\/index.php\/wp-json\/wp\/v2\/types\/post"}],"author":[{"embeddable":true,"href":"https:\/\/acronoticias.com\/index.php\/wp-json\/wp\/v2\/users\/1"}],"replies":[{"embeddable":true,"href":"https:\/\/acronoticias.com\/index.php\/wp-json\/wp\/v2\/comments?post=26450"}],"version-history":[{"count":0,"href":"https:\/\/acronoticias.com\/index.php\/wp-json\/wp\/v2\/posts\/26450\/revisions"}],"wp:featuredmedia":[{"embeddable":true,"href":"https:\/\/acronoticias.com\/index.php\/wp-json\/wp\/v2\/media\/26451"}],"wp:attachment":[{"href":"https:\/\/acronoticias.com\/index.php\/wp-json\/wp\/v2\/media?parent=26450"}],"wp:term":[{"taxonomy":"category","embeddable":true,"href":"https:\/\/acronoticias.com\/index.php\/wp-json\/wp\/v2\/categories?post=26450"},{"taxonomy":"post_tag","embeddable":true,"href":"https:\/\/acronoticias.com\/index.php\/wp-json\/wp\/v2\/tags?post=26450"}],"curies":[{"name":"wp","href":"https:\/\/api.w.org\/{rel}","templated":true}]}}