{"id":26444,"date":"2026-03-09T14:16:43","date_gmt":"2026-03-09T14:16:43","guid":{"rendered":"https:\/\/acronoticias.com\/index.php\/2026\/03\/09\/bomberos-de-mao-conmemoran-su-dia-con-una-misa-y-reconocimientos-a-sus-miembros-el-nuevo-diario-republica-dominicana\/"},"modified":"2026-03-09T14:16:43","modified_gmt":"2026-03-09T14:16:43","slug":"bomberos-de-mao-conmemoran-su-dia-con-una-misa-y-reconocimientos-a-sus-miembros-el-nuevo-diario-republica-dominicana","status":"publish","type":"post","link":"https:\/\/acronoticias.com\/index.php\/2026\/03\/09\/bomberos-de-mao-conmemoran-su-dia-con-una-misa-y-reconocimientos-a-sus-miembros-el-nuevo-diario-republica-dominicana\/","title":{"rendered":"Bomberos de Mao conmemoran su d\u00eda con una misa y reconocimientos a sus miembros \u2013 El Nuevo Diario (Rep\u00fablica Dominicana)"},"content":{"rendered":"<p><i class=\"bi bi-camera-fill\" style=\"font-size:18px; color:var(--rojo)\"\/> Bomberos de Mao conmemoran su d\u00eda (Foto: \u00c1ngel B. Almonte)<\/p>\n<div>\n<div id=\"gemini-summary-wrapper\" class=\"mb-3\">\n                <button id=\"btn-get-summary\" class=\"gemini-btn\" data-post-id=\"3042030\" data-post-title=\"Bomberos de Mao conmemoran su d\u00eda con una misa y reconocimientos a sus miembros\"><br \/>\n                    Leer resumen <b class=\"d-none d-md-inline\">de la noticia<\/b> (IA) <span>CLICK AQU\u00cd<\/span><br \/>\n                <\/button><\/p>\n<div id=\"gemini-loading\" class=\"mb-3\">\n<p>                    <span>Analizando noticia&#8230; por favor espera.<\/span>\n                <\/div>\n<\/p><\/div>\n<p>EL NUEVO DIARIO, VALVERDE.- El Cuerpo de Bomberos del municipio de Mao conmemor\u00f3 el D\u00eda Nacional del Bombero el domingo con una misa en la Catedral Santa Cruz, en una ceremonia de acci\u00f3n de gracias dedicada a los hombres y mujeres que sirven en esta instituci\u00f3n, destacando su valiosa labor y sacrificio.<\/p>\n<p>La fecha busca honrar a estos servidores p\u00fablicos que arriesgan sus vidas por la comunidad.<\/p>\n<p>En la misa, oficiada por el reverendo Emmanuel Bourdierd, p\u00e1rroco de la Catedral Santa Cruz, se resalt\u00f3 el valor, la entrega y el compromiso de los bomberos al salvaguardar a la ciudadan\u00eda y proteger bienes y propiedades.<\/p>\n<p>Miembros de la plana mayor de la instituci\u00f3n, autoridades civiles y militares participaron en la actividad, incluyendo al director regional Noroeste de la Polic\u00eda Nacional, general Samuel Azcona Reyes, y al comandante de la Cuarta Brigada de Infanter\u00eda del Ej\u00e9rcito de Rep\u00fablica Dominicana, general Jos\u00e9 Manuel Dur\u00e1n Infante.<\/p>\n<figure id=\"attachment_3042044\" aria-describedby=\"caption-attachment-3042044\" style=\"width: 1600px\" class=\"wp-caption alignnone\"><img loading=\"lazy\" data-recalc-dims=\"1\" data-dominant-color=\"756664\" data-has-transparency=\"false\" style=\"--dominant-color: #756664;\" decoding=\"async\" class=\"size-full wp-image-3042044 not-transparent\" src=\"https:\/\/i0.wp.com\/nuevodiario-assets.s3.us-east-2.amazonaws.com\/wp-content\/uploads\/2026\/03\/Dia-del-Bombero-en-Mao.jpeg?resize=640%2C295&amp;quality=100&amp;ssl=1\" alt=\"\" width=\"640\" height=\"295\" srcset=\"https:\/\/nuevodiario-assets.s3.us-east-2.amazonaws.com\/wp-content\/uploads\/2026\/03\/Dia-del-Bombero-en-Mao.jpeg 1600w, https:\/\/nuevodiario-assets.s3.us-east-2.amazonaws.com\/wp-content\/uploads\/2026\/03\/Dia-del-Bombero-en-Mao.jpeg 400w, https:\/\/nuevodiario-assets.s3.us-east-2.amazonaws.com\/wp-content\/uploads\/2026\/03\/Dia-del-Bombero-en-Mao.jpeg 800w, https:\/\/nuevodiario-assets.s3.us-east-2.amazonaws.com\/wp-content\/uploads\/2026\/03\/Dia-del-Bombero-en-Mao.jpeg 768w, https:\/\/nuevodiario-assets.s3.us-east-2.amazonaws.com\/wp-content\/uploads\/2026\/03\/Dia-del-Bombero-en-Mao.jpeg 1536w, https:\/\/nuevodiario-assets.s3.us-east-2.amazonaws.com\/wp-content\/uploads\/2026\/03\/Dia-del-Bombero-en-Mao.jpeg 600w, https:\/\/nuevodiario-assets.s3.us-east-2.amazonaws.com\/wp-content\/uploads\/2026\/03\/Dia-del-Bombero-en-Mao.jpeg 1280w\" sizes=\"auto, (max-width: 640px) 100vw, 640px\"\/><figcaption id=\"caption-attachment-3042044\" class=\"wp-caption-text\">Bomberos de Mao conmemoran su d\u00eda (Foto: \u00c1ngel B. Almonte)<\/figcaption><\/figure>\n<p>Posteriormente, en la estaci\u00f3n del Cuerpo de Bomberos de Mao, se reconoci\u00f3 y premi\u00f3 a varios miembros por su esfuerzo, dedicaci\u00f3n y compromiso. Su valent\u00eda y entrega en el cumplimiento del deber fueron especialmente resaltados.<\/p>\n<p>En Rep\u00fablica Dominicana, el D\u00eda Nacional del Bombero se celebra el segundo domingo de marzo de cada a\u00f1o, seg\u00fan lo establecido por el Decreto No. 9388 del 8 de octubre de 1953.<\/p>\n<p>El D\u00eda Internacional del Bombero surgi\u00f3 tras el fallecimiento de cinco bomberos durante un incendio forestal en Linton, Victoria, Australia. Este hecho sirve como homenaje a los bomberos en todo el mundo por su invaluable contribuci\u00f3n y el riesgo que asumen.<\/p>\n<p><h3 class=\"jp-relatedposts-headline\"><em>Relacionado<\/em><\/h3>\n<\/p>\n<p>\t\t\t\t\t\t<!-- .entry-footer --><br \/>\n\t\t\t\t\t\t<!-- \n\n<div data-type=\"_mgwidget\" data-widget-id=\"1743501\"><\/div>\n\n  -->\n\t\t\t\t\t<\/div>\n","protected":false},"excerpt":{"rendered":"<p>Bomberos de Mao conmemoran su d\u00eda (Foto: \u00c1ngel B. Almonte) Leer resumen de la noticia (IA) CLICK AQU\u00cd Analizando noticia&#8230; por favor espera. EL NUEVO DIARIO, VALVERDE.- El Cuerpo de Bomberos del municipio de Mao conmemor\u00f3 el D\u00eda Nacional del Bombero el domingo con una misa en la Catedral Santa Cruz, en una ceremonia de<\/p>\n","protected":false},"author":1,"featured_media":26445,"comment_status":"open","ping_status":"open","sticky":false,"template":"","format":"standard","meta":{"footnotes":""},"categories":[1],"tags":[],"class_list":["post-26444","post","type-post","status-publish","format-standard","has-post-thumbnail","hentry","category-nacionales"],"_links":{"self":[{"href":"https:\/\/acronoticias.com\/index.php\/wp-json\/wp\/v2\/posts\/26444","targetHints":{"allow":["GET"]}}],"collection":[{"href":"https:\/\/acronoticias.com\/index.php\/wp-json\/wp\/v2\/posts"}],"about":[{"href":"https:\/\/acronoticias.com\/index.php\/wp-json\/wp\/v2\/types\/post"}],"author":[{"embeddable":true,"href":"https:\/\/acronoticias.com\/index.php\/wp-json\/wp\/v2\/users\/1"}],"replies":[{"embeddable":true,"href":"https:\/\/acronoticias.com\/index.php\/wp-json\/wp\/v2\/comments?post=26444"}],"version-history":[{"count":0,"href":"https:\/\/acronoticias.com\/index.php\/wp-json\/wp\/v2\/posts\/26444\/revisions"}],"wp:featuredmedia":[{"embeddable":true,"href":"https:\/\/acronoticias.com\/index.php\/wp-json\/wp\/v2\/media\/26445"}],"wp:attachment":[{"href":"https:\/\/acronoticias.com\/index.php\/wp-json\/wp\/v2\/media?parent=26444"}],"wp:term":[{"taxonomy":"category","embeddable":true,"href":"https:\/\/acronoticias.com\/index.php\/wp-json\/wp\/v2\/categories?post=26444"},{"taxonomy":"post_tag","embeddable":true,"href":"https:\/\/acronoticias.com\/index.php\/wp-json\/wp\/v2\/tags?post=26444"}],"curies":[{"name":"wp","href":"https:\/\/api.w.org\/{rel}","templated":true}]}}