{"id":26434,"date":"2026-03-09T13:28:57","date_gmt":"2026-03-09T13:28:57","guid":{"rendered":"https:\/\/acronoticias.com\/index.php\/2026\/03\/09\/patricia-nunez-y-musesa-llevan-reforma-dejala-ir-a-sabana-perdida-sdn-el-nuevo-diario-republica-dominicana\/"},"modified":"2026-03-09T13:28:57","modified_gmt":"2026-03-09T13:28:57","slug":"patricia-nunez-y-musesa-llevan-reforma-dejala-ir-a-sabana-perdida-sdn-el-nuevo-diario-republica-dominicana","status":"publish","type":"post","link":"https:\/\/acronoticias.com\/index.php\/2026\/03\/09\/patricia-nunez-y-musesa-llevan-reforma-dejala-ir-a-sabana-perdida-sdn-el-nuevo-diario-republica-dominicana\/","title":{"rendered":"Patricia N\u00fa\u00f1ez y Musesa llevan reforma \u201cD\u00e9jala Ir\u201d a Sabana Perdida, SDN \u2013 El Nuevo Diario (Rep\u00fablica Dominicana)"},"content":{"rendered":"<div>\n<div id=\"gemini-summary-wrapper\" class=\"mb-3\">\n                <button id=\"btn-get-summary\" class=\"gemini-btn\" data-post-id=\"3041975\" data-post-title=\"Patricia N\u00fa\u00f1ez y Musesa llevan reforma \u201cD\u00e9jala Ir\u201d a Sabana Perdida, SDN\"><br \/>\n                    Leer resumen <b class=\"d-none d-md-inline\">de la noticia<\/b> (IA) <span>CLICK AQU\u00cd<\/span><br \/>\n                <\/button><\/p>\n<div id=\"gemini-loading\" class=\"mb-3\">\n<p>                    <span>Analizando noticia&#8230; por favor espera.<\/span>\n                <\/div>\n<\/p><\/div>\n<p>EL NUEVO DIARIO, SANTO DOMINGO. \u2013 La diputada por Santo Domingo Norte, Patricia N\u00fa\u00f1ez, junto al Movimiento de Mujeres (Musesa), encabez\u00f3 un encuentro con mujeres l\u00edderes y organizaciones comunitarias en Sabana Perdida para socializar los avances de la Reforma Integral \u201cD\u00e9jala Ir\u201d, iniciativa legislativa que busca fortalecer la protecci\u00f3n de las mujeres, promover la igualdad y ampliar sus oportunidades en la sociedad dominicana.<\/p>\n<p>La actividad se realiz\u00f3 en la Parroquia San Roque, en Los Cerros de Sabana Perdida, y reuni\u00f3 a decenas de mujeres l\u00edderes comunitarias, autoridades y representantes de distintos sectores sociales en un espacio de di\u00e1logo sobre los desaf\u00edos que a\u00fan enfrentan las mujeres y las pol\u00edticas necesarias para avanzar hacia una sociedad m\u00e1s justa, detalla una nota de prensa enviada este lunes.<\/p>\n<p>Durante su intervenci\u00f3n, Patricia N\u00fa\u00f1ez destac\u00f3 la importancia de llevar las discusiones del Congreso Nacional a los barrios del pa\u00eds, socializando con las comunidades el contenido de la Reforma Integral D\u00e9jala Ir, una agenda legislativa que busca fortalecer la prevenci\u00f3n de la violencia, ampliar derechos y generar mayores oportunidades para las mujeres.<\/p>\n<figure id=\"attachment_3042005\" aria-describedby=\"caption-attachment-3042005\" style=\"width: 1600px\" class=\"wp-caption alignnone\"><img loading=\"lazy\" data-recalc-dims=\"1\" data-dominant-color=\"967d85\" data-has-transparency=\"false\" style=\"--dominant-color: #967d85;\" decoding=\"async\" class=\"size-full wp-image-3042005 not-transparent\" src=\"https:\/\/i0.wp.com\/nuevodiario-assets.s3.us-east-2.amazonaws.com\/wp-content\/uploads\/2026\/03\/Patricia-Nunez-y-miembros-de-Musesa-Foto-Prensa-Patricia-Nunez-2.jpeg?resize=640%2C426&amp;quality=100&amp;ssl=1\" alt=\"\" width=\"640\" height=\"426\" srcset=\"https:\/\/nuevodiario-assets.s3.us-east-2.amazonaws.com\/wp-content\/uploads\/2026\/03\/Patricia-Nunez-y-miembros-de-Musesa-Foto-Prensa-Patricia-Nunez-2.jpeg 1600w, https:\/\/nuevodiario-assets.s3.us-east-2.amazonaws.com\/wp-content\/uploads\/2026\/03\/Patricia-Nunez-y-miembros-de-Musesa-Foto-Prensa-Patricia-Nunez-2.jpeg 400w, https:\/\/nuevodiario-assets.s3.us-east-2.amazonaws.com\/wp-content\/uploads\/2026\/03\/Patricia-Nunez-y-miembros-de-Musesa-Foto-Prensa-Patricia-Nunez-2.jpeg 800w, https:\/\/nuevodiario-assets.s3.us-east-2.amazonaws.com\/wp-content\/uploads\/2026\/03\/Patricia-Nunez-y-miembros-de-Musesa-Foto-Prensa-Patricia-Nunez-2.jpeg 768w, https:\/\/nuevodiario-assets.s3.us-east-2.amazonaws.com\/wp-content\/uploads\/2026\/03\/Patricia-Nunez-y-miembros-de-Musesa-Foto-Prensa-Patricia-Nunez-2.jpeg 1536w, https:\/\/nuevodiario-assets.s3.us-east-2.amazonaws.com\/wp-content\/uploads\/2026\/03\/Patricia-Nunez-y-miembros-de-Musesa-Foto-Prensa-Patricia-Nunez-2.jpeg 600w, https:\/\/nuevodiario-assets.s3.us-east-2.amazonaws.com\/wp-content\/uploads\/2026\/03\/Patricia-Nunez-y-miembros-de-Musesa-Foto-Prensa-Patricia-Nunez-2.jpeg 1280w\" sizes=\"auto, (max-width: 640px) 100vw, 640px\"\/><figcaption id=\"caption-attachment-3042005\" class=\"wp-caption-text\"><strong>Patricia N\u00fa\u00f1ez (Foto: Prensa Patricia N\u00fa\u00f1ez)<\/strong><\/figcaption><\/figure>\n<p>En el encuentro tambi\u00e9n se abordaron temas como la educaci\u00f3n sexual en adolescentes para prevenir embarazos tempranos, abusos sexuales y enfermedades de transmisi\u00f3n sexual, as\u00ed como la necesidad de impulsar una Pol\u00edtica Nacional del Cuidado, promover educaci\u00f3n en igualdad y crear mayores oportunidades econ\u00f3micas para las mujeres como herramientas para prevenir la violencia econ\u00f3mica.<\/p>\n<p>La legisladora tambi\u00e9n abord\u00f3 la discusi\u00f3n de la reforma laboral, se\u00f1alando que como miembro de la comisi\u00f3n que estudia esta iniciativa se trabaja para fortalecer la protecci\u00f3n de las trabajadoras dom\u00e9sticas y promover espacios laborales m\u00e1s seguros y dignos para las mujeres.<\/p>\n<p>La jornada cont\u00f3 con la participaci\u00f3n de Cedimujer de Santo Domingo Norte, desde donde se destac\u00f3 la importancia de fortalecer la orientaci\u00f3n, prevenci\u00f3n y acompa\u00f1amiento a las mujeres y adolescentes en las comunidades.<\/p>\n<figure id=\"attachment_3042006\" aria-describedby=\"caption-attachment-3042006\" style=\"width: 1600px\" class=\"wp-caption alignnone\"><img data-recalc-dims=\"1\" data-dominant-color=\"5c555b\" data-has-transparency=\"false\" style=\"--dominant-color: #5c555b;\" loading=\"lazy\" decoding=\"async\" class=\"size-full wp-image-3042006 not-transparent\" src=\"https:\/\/i0.wp.com\/nuevodiario-assets.s3.us-east-2.amazonaws.com\/wp-content\/uploads\/2026\/03\/Patricia-Nunez-y-miembros-de-Musesa-Foto-Prensa-Patricia-Nunez-3.jpeg?resize=640%2C426&amp;quality=100&amp;ssl=1\" alt=\"\" width=\"640\" height=\"426\" srcset=\"https:\/\/nuevodiario-assets.s3.us-east-2.amazonaws.com\/wp-content\/uploads\/2026\/03\/Patricia-Nunez-y-miembros-de-Musesa-Foto-Prensa-Patricia-Nunez-3.jpeg 1600w, https:\/\/nuevodiario-assets.s3.us-east-2.amazonaws.com\/wp-content\/uploads\/2026\/03\/Patricia-Nunez-y-miembros-de-Musesa-Foto-Prensa-Patricia-Nunez-3.jpeg 400w, https:\/\/nuevodiario-assets.s3.us-east-2.amazonaws.com\/wp-content\/uploads\/2026\/03\/Patricia-Nunez-y-miembros-de-Musesa-Foto-Prensa-Patricia-Nunez-3.jpeg 800w, https:\/\/nuevodiario-assets.s3.us-east-2.amazonaws.com\/wp-content\/uploads\/2026\/03\/Patricia-Nunez-y-miembros-de-Musesa-Foto-Prensa-Patricia-Nunez-3.jpeg 768w, https:\/\/nuevodiario-assets.s3.us-east-2.amazonaws.com\/wp-content\/uploads\/2026\/03\/Patricia-Nunez-y-miembros-de-Musesa-Foto-Prensa-Patricia-Nunez-3.jpeg 1536w, https:\/\/nuevodiario-assets.s3.us-east-2.amazonaws.com\/wp-content\/uploads\/2026\/03\/Patricia-Nunez-y-miembros-de-Musesa-Foto-Prensa-Patricia-Nunez-3.jpeg 600w, https:\/\/nuevodiario-assets.s3.us-east-2.amazonaws.com\/wp-content\/uploads\/2026\/03\/Patricia-Nunez-y-miembros-de-Musesa-Foto-Prensa-Patricia-Nunez-3.jpeg 1280w\" sizes=\"auto, (max-width: 640px) 100vw, 640px\"\/><figcaption id=\"caption-attachment-3042006\" class=\"wp-caption-text\"><strong>Patricia N\u00fa\u00f1ez y miembros de Musesa (Foto: Prensa Patricia N\u00fa\u00f1ez)<\/strong><\/figcaption><\/figure>\n<p>Al encuentro asistieron tambi\u00e9n los legisladores Kimberly Taveras y Jheyson Garc\u00eda, quienes respaldaron el esfuerzo de llevar el debate de la Reforma D\u00e9jala Ir a las comunidades.<\/p>\n<p>Durante su intervenci\u00f3n, Kimberly Taveras llam\u00f3 a fortalecer la cohesi\u00f3n social y a continuar concientizando a la poblaci\u00f3n sobre la igualdad entre dominicanas y dominicanos, destacando que la reforma busca consolidar los derechos conquistados por las mujeres y avanzar en los retos pendientes, incluyendo la erradicaci\u00f3n de los feminicidios y los filicidios en la Rep\u00fablica Dominicana.<\/p>\n<figure id=\"attachment_3042008\" aria-describedby=\"caption-attachment-3042008\" style=\"width: 1600px\" class=\"wp-caption alignnone\"><img data-recalc-dims=\"1\" data-dominant-color=\"8d747b\" data-has-transparency=\"false\" style=\"--dominant-color: #8d747b;\" loading=\"lazy\" decoding=\"async\" class=\"size-full wp-image-3042008 not-transparent\" src=\"https:\/\/i0.wp.com\/nuevodiario-assets.s3.us-east-2.amazonaws.com\/wp-content\/uploads\/2026\/03\/Patricia-Nunez-y-miembros-de-Musesa-Foto-Prensa-Patricia-Nunez-4.jpeg?resize=640%2C426&amp;quality=100&amp;ssl=1\" alt=\"\" width=\"640\" height=\"426\" srcset=\"https:\/\/nuevodiario-assets.s3.us-east-2.amazonaws.com\/wp-content\/uploads\/2026\/03\/Patricia-Nunez-y-miembros-de-Musesa-Foto-Prensa-Patricia-Nunez-4.jpeg 1600w, https:\/\/nuevodiario-assets.s3.us-east-2.amazonaws.com\/wp-content\/uploads\/2026\/03\/Patricia-Nunez-y-miembros-de-Musesa-Foto-Prensa-Patricia-Nunez-4.jpeg 400w, https:\/\/nuevodiario-assets.s3.us-east-2.amazonaws.com\/wp-content\/uploads\/2026\/03\/Patricia-Nunez-y-miembros-de-Musesa-Foto-Prensa-Patricia-Nunez-4.jpeg 800w, https:\/\/nuevodiario-assets.s3.us-east-2.amazonaws.com\/wp-content\/uploads\/2026\/03\/Patricia-Nunez-y-miembros-de-Musesa-Foto-Prensa-Patricia-Nunez-4.jpeg 768w, https:\/\/nuevodiario-assets.s3.us-east-2.amazonaws.com\/wp-content\/uploads\/2026\/03\/Patricia-Nunez-y-miembros-de-Musesa-Foto-Prensa-Patricia-Nunez-4.jpeg 1536w, https:\/\/nuevodiario-assets.s3.us-east-2.amazonaws.com\/wp-content\/uploads\/2026\/03\/Patricia-Nunez-y-miembros-de-Musesa-Foto-Prensa-Patricia-Nunez-4.jpeg 600w, https:\/\/nuevodiario-assets.s3.us-east-2.amazonaws.com\/wp-content\/uploads\/2026\/03\/Patricia-Nunez-y-miembros-de-Musesa-Foto-Prensa-Patricia-Nunez-4.jpeg 1280w\" sizes=\"auto, (max-width: 640px) 100vw, 640px\"\/><figcaption id=\"caption-attachment-3042008\" class=\"wp-caption-text\"><strong>Miembros de Musesa (Foto: Prensa Patricia N\u00fa\u00f1ez)<\/strong><\/figcaption><\/figure>\n<p>Por su parte, el diputado Jheyson Garc\u00eda valor\u00f3 la importancia de que el Congreso contin\u00fae acerc\u00e1ndose a las comunidades para escuchar las realidades de las mujeres y construir soluciones legislativas que respondan a esas necesidades.<\/p>\n<p>ADDP\/<\/p>\n<p><h3 class=\"jp-relatedposts-headline\"><em>Relacionado<\/em><\/h3>\n<\/p>\n<p>\t\t\t\t\t\t<!-- .entry-footer --><br \/>\n\t\t\t\t\t\t<!-- \n\n<div data-type=\"_mgwidget\" data-widget-id=\"1743501\"><\/div>\n\n  -->\n\t\t\t\t\t<\/div>\n","protected":false},"excerpt":{"rendered":"<p>Leer resumen de la noticia (IA) CLICK AQU\u00cd Analizando noticia&#8230; por favor espera. EL NUEVO DIARIO, SANTO DOMINGO. \u2013 La diputada por Santo Domingo Norte, Patricia N\u00fa\u00f1ez, junto al Movimiento de Mujeres (Musesa), encabez\u00f3 un encuentro con mujeres l\u00edderes y organizaciones comunitarias en Sabana Perdida para socializar los avances de la Reforma Integral \u201cD\u00e9jala Ir\u201d,<\/p>\n","protected":false},"author":1,"featured_media":26435,"comment_status":"open","ping_status":"open","sticky":false,"template":"","format":"standard","meta":{"footnotes":""},"categories":[1],"tags":[],"class_list":["post-26434","post","type-post","status-publish","format-standard","has-post-thumbnail","hentry","category-nacionales"],"_links":{"self":[{"href":"https:\/\/acronoticias.com\/index.php\/wp-json\/wp\/v2\/posts\/26434","targetHints":{"allow":["GET"]}}],"collection":[{"href":"https:\/\/acronoticias.com\/index.php\/wp-json\/wp\/v2\/posts"}],"about":[{"href":"https:\/\/acronoticias.com\/index.php\/wp-json\/wp\/v2\/types\/post"}],"author":[{"embeddable":true,"href":"https:\/\/acronoticias.com\/index.php\/wp-json\/wp\/v2\/users\/1"}],"replies":[{"embeddable":true,"href":"https:\/\/acronoticias.com\/index.php\/wp-json\/wp\/v2\/comments?post=26434"}],"version-history":[{"count":0,"href":"https:\/\/acronoticias.com\/index.php\/wp-json\/wp\/v2\/posts\/26434\/revisions"}],"wp:featuredmedia":[{"embeddable":true,"href":"https:\/\/acronoticias.com\/index.php\/wp-json\/wp\/v2\/media\/26435"}],"wp:attachment":[{"href":"https:\/\/acronoticias.com\/index.php\/wp-json\/wp\/v2\/media?parent=26434"}],"wp:term":[{"taxonomy":"category","embeddable":true,"href":"https:\/\/acronoticias.com\/index.php\/wp-json\/wp\/v2\/categories?post=26434"},{"taxonomy":"post_tag","embeddable":true,"href":"https:\/\/acronoticias.com\/index.php\/wp-json\/wp\/v2\/tags?post=26434"}],"curies":[{"name":"wp","href":"https:\/\/api.w.org\/{rel}","templated":true}]}}