{"id":26432,"date":"2026-03-09T13:11:21","date_gmt":"2026-03-09T13:11:21","guid":{"rendered":"https:\/\/acronoticias.com\/index.php\/2026\/03\/09\/la-avenida-venezuela-se-llena-de-protagonismo-femenino-con-desfile-cultural-sde-el-nuevo-diario-republica-dominicana\/"},"modified":"2026-03-09T13:11:21","modified_gmt":"2026-03-09T13:11:21","slug":"la-avenida-venezuela-se-llena-de-protagonismo-femenino-con-desfile-cultural-sde-el-nuevo-diario-republica-dominicana","status":"publish","type":"post","link":"https:\/\/acronoticias.com\/index.php\/2026\/03\/09\/la-avenida-venezuela-se-llena-de-protagonismo-femenino-con-desfile-cultural-sde-el-nuevo-diario-republica-dominicana\/","title":{"rendered":"La Avenida Venezuela se llena de protagonismo femenino con Desfile Cultural SDE \u2013 El Nuevo Diario (Rep\u00fablica Dominicana)"},"content":{"rendered":"<p><i class=\"bi bi-camera-fill\" style=\"font-size:18px; color:var(--rojo)\"\/> Desfile Cultural SDE. (Foto: fuente externa) <\/p>\n<div>\n<div id=\"gemini-summary-wrapper\" class=\"mb-3\">\n                <button id=\"btn-get-summary\" class=\"gemini-btn\" data-post-id=\"3041936\" data-post-title=\"La Avenida Venezuela se llena de protagonismo femenino con Desfile Cultural SDE\"><br \/>\n                    Leer resumen <b class=\"d-none d-md-inline\">de la noticia<\/b> (IA) <span>CLICK AQU\u00cd<\/span><br \/>\n                <\/button><\/p>\n<div id=\"gemini-loading\" class=\"mb-3\">\n<p>                    <span>Analizando noticia&#8230; por favor espera.<\/span>\n                <\/div>\n<\/p><\/div>\n<p data-start=\"0\" data-end=\"406\">EL NUEVO DIARIO, SANTO DOMINGO.- La avenida Venezuela se convirti\u00f3 en un escenario de m\u00fasica, color y creatividad con la celebraci\u00f3n del Desfile Cultural Municipal Santo Domingo Este 2026, una de las principales actividades culturales organizadas por el Ayuntamiento de Santo Domingo Este (ASDE), que reuni\u00f3 a m\u00e1s de 40 comparsas y agrupaciones art\u00edsticas provenientes de diferentes sectores del municipio.<\/p>\n<p data-start=\"408\" data-end=\"767\" data-is-last-node=\"\" data-is-only-node=\"\">De acuerdo con una nota de prensa, la jornada cultural inici\u00f3 a las 10:00 de la ma\u00f1ana con diversas actividades deportivas y recreativas abiertas al p\u00fablico, entre ellas voleibol femenino (categor\u00eda 14 a 16 a\u00f1os), baloncesto masculino y femenino, domin\u00f3, ajedrez, vitilla y boxeo, promoviendo la integraci\u00f3n familiar y comunitaria antes del desfile principal.<\/p>\n<figure id=\"attachment_3041956\" aria-describedby=\"caption-attachment-3041956\" style=\"width: 1280px\" class=\"wp-caption alignnone\"><img loading=\"lazy\" data-recalc-dims=\"1\" data-dominant-color=\"596576\" data-has-transparency=\"false\" style=\"--dominant-color: #596576;\" decoding=\"async\" class=\"wp-image-3041956 size-full not-transparent\" src=\"https:\/\/i0.wp.com\/nuevodiario-assets.s3.us-east-2.amazonaws.com\/wp-content\/uploads\/2026\/03\/Dio-Astacio-lunes.jpeg?resize=640%2C480&amp;quality=100&amp;ssl=1\" alt=\"\" width=\"640\" height=\"480\" srcset=\"https:\/\/nuevodiario-assets.s3.us-east-2.amazonaws.com\/wp-content\/uploads\/2026\/03\/Dio-Astacio-lunes.jpeg 1280w, https:\/\/nuevodiario-assets.s3.us-east-2.amazonaws.com\/wp-content\/uploads\/2026\/03\/Dio-Astacio-lunes.jpeg 400w, https:\/\/nuevodiario-assets.s3.us-east-2.amazonaws.com\/wp-content\/uploads\/2026\/03\/Dio-Astacio-lunes.jpeg 800w, https:\/\/nuevodiario-assets.s3.us-east-2.amazonaws.com\/wp-content\/uploads\/2026\/03\/Dio-Astacio-lunes.jpeg 768w, https:\/\/nuevodiario-assets.s3.us-east-2.amazonaws.com\/wp-content\/uploads\/2026\/03\/Dio-Astacio-lunes.jpeg 600w\" sizes=\"auto, (max-width: 640px) 100vw, 640px\"\/><figcaption id=\"caption-attachment-3041956\" class=\"wp-caption-text\"><strong>D\u00edo Astacio participa Desfile Cultural SDE. (Foto: fuente externa)<\/strong><\/figcaption><\/figure>\n<p data-start=\"0\" data-end=\"312\">A partir de las 4:00 de la tarde, comparsas, grupos culturales, escuelas y clubes comunitarios desfilaron por la avenida Venezuela con vistosas presentaciones cargadas de ritmo, creatividad y tradici\u00f3n, mostrando la riqueza cultural que distingue a Santo Domingo Este y reafirmando el orgullo de sus comunidades.<\/p>\n<p data-start=\"314\" data-end=\"842\">En esta edici\u00f3n, el desfile se destac\u00f3 de manera especial por la participaci\u00f3n y el liderazgo de las mujeres del municipio, quienes protagonizaron comparsas, expresiones art\u00edsticas y actividades deportivas en el marco de la conmemoraci\u00f3n del D\u00eda Internacional de la Mujer, resaltando su papel en la cultura, el arte y el desarrollo social de la comunidad. Por su parte, el alcalde D\u00edo Astacio resalt\u00f3 la importancia de impulsar este tipo de iniciativas que fortalecen la identidad cultural y la integraci\u00f3n social del municipio.<\/p>\n<figure id=\"attachment_3041988\" aria-describedby=\"caption-attachment-3041988\" style=\"width: 1170px\" class=\"wp-caption alignnone\"><img data-recalc-dims=\"1\" data-dominant-color=\"807675\" data-has-transparency=\"false\" style=\"--dominant-color: #807675;\" loading=\"lazy\" decoding=\"async\" class=\"wp-image-3041988 size-full not-transparent\" src=\"https:\/\/i0.wp.com\/nuevodiario-assets.s3.us-east-2.amazonaws.com\/wp-content\/uploads\/2026\/03\/desfile-cultura-lunes-1.jpeg?resize=640%2C382&amp;quality=100&amp;ssl=1\" alt=\"\" width=\"640\" height=\"382\" srcset=\"https:\/\/nuevodiario-assets.s3.us-east-2.amazonaws.com\/wp-content\/uploads\/2026\/03\/desfile-cultura-lunes-1.jpeg 1170w, https:\/\/nuevodiario-assets.s3.us-east-2.amazonaws.com\/wp-content\/uploads\/2026\/03\/desfile-cultura-lunes-1.jpeg 400w, https:\/\/nuevodiario-assets.s3.us-east-2.amazonaws.com\/wp-content\/uploads\/2026\/03\/desfile-cultura-lunes-1.jpeg 800w, https:\/\/nuevodiario-assets.s3.us-east-2.amazonaws.com\/wp-content\/uploads\/2026\/03\/desfile-cultura-lunes-1.jpeg 768w, https:\/\/nuevodiario-assets.s3.us-east-2.amazonaws.com\/wp-content\/uploads\/2026\/03\/desfile-cultura-lunes-1.jpeg 600w\" sizes=\"auto, (max-width: 640px) 100vw, 640px\"\/><figcaption id=\"caption-attachment-3041988\" class=\"wp-caption-text\">Desfile. (Foto: fuente externa)<\/figcaption><\/figure>\n<p data-start=\"844\" data-end=\"1193\">\u201cSanto Domingo Este es un municipio lleno de talento, cultura y gente trabajadora. Este desfile es una muestra de lo que somos como comunidad: creatividad, tradici\u00f3n y unidad. Hoy celebramos nuestra cultura y, de manera especial, el aporte invaluable de la mujer en la construcci\u00f3n de una sociedad m\u00e1s fuerte y llena de valores\u201d, expres\u00f3 el alcalde.<\/p>\n<p data-start=\"1195\" data-end=\"1409\">Durante toda la jornada tambi\u00e9n se habilitaron espacios para emprendedores locales, quienes ofrecieron sus productos al p\u00fablico asistente, promoviendo la econom\u00eda comunitaria y el talento creativo de los mun\u00edcipes.<\/p>\n<p data-start=\"1411\" data-end=\"1713\" data-is-last-node=\"\" data-is-only-node=\"\">El Ayuntamiento de Santo Domingo Este contin\u00faa promoviendo iniciativas que fortalecen la cultura, la convivencia ciudadana y el orgullo comunitario, consolidando espacios donde el arte, las tradiciones y la participaci\u00f3n de la mujer se convierten en protagonistas del desarrollo cultural del municipio.<\/p>\n<p><h3 class=\"jp-relatedposts-headline\"><em>Relacionado<\/em><\/h3>\n<\/p>\n<p>\t\t\t\t\t\t<!-- .entry-footer --><br \/>\n\t\t\t\t\t\t<!-- \n\n<div data-type=\"_mgwidget\" data-widget-id=\"1743501\"><\/div>\n\n  -->\n\t\t\t\t\t<\/div>\n","protected":false},"excerpt":{"rendered":"<p>Desfile Cultural SDE. (Foto: fuente externa) Leer resumen de la noticia (IA) CLICK AQU\u00cd Analizando noticia&#8230; por favor espera. EL NUEVO DIARIO, SANTO DOMINGO.- La avenida Venezuela se convirti\u00f3 en un escenario de m\u00fasica, color y creatividad con la celebraci\u00f3n del Desfile Cultural Municipal Santo Domingo Este 2026, una de las principales actividades culturales organizadas<\/p>\n","protected":false},"author":1,"featured_media":26433,"comment_status":"open","ping_status":"open","sticky":false,"template":"","format":"standard","meta":{"footnotes":""},"categories":[1],"tags":[],"class_list":["post-26432","post","type-post","status-publish","format-standard","has-post-thumbnail","hentry","category-nacionales"],"_links":{"self":[{"href":"https:\/\/acronoticias.com\/index.php\/wp-json\/wp\/v2\/posts\/26432","targetHints":{"allow":["GET"]}}],"collection":[{"href":"https:\/\/acronoticias.com\/index.php\/wp-json\/wp\/v2\/posts"}],"about":[{"href":"https:\/\/acronoticias.com\/index.php\/wp-json\/wp\/v2\/types\/post"}],"author":[{"embeddable":true,"href":"https:\/\/acronoticias.com\/index.php\/wp-json\/wp\/v2\/users\/1"}],"replies":[{"embeddable":true,"href":"https:\/\/acronoticias.com\/index.php\/wp-json\/wp\/v2\/comments?post=26432"}],"version-history":[{"count":0,"href":"https:\/\/acronoticias.com\/index.php\/wp-json\/wp\/v2\/posts\/26432\/revisions"}],"wp:featuredmedia":[{"embeddable":true,"href":"https:\/\/acronoticias.com\/index.php\/wp-json\/wp\/v2\/media\/26433"}],"wp:attachment":[{"href":"https:\/\/acronoticias.com\/index.php\/wp-json\/wp\/v2\/media?parent=26432"}],"wp:term":[{"taxonomy":"category","embeddable":true,"href":"https:\/\/acronoticias.com\/index.php\/wp-json\/wp\/v2\/categories?post=26432"},{"taxonomy":"post_tag","embeddable":true,"href":"https:\/\/acronoticias.com\/index.php\/wp-json\/wp\/v2\/tags?post=26432"}],"curies":[{"name":"wp","href":"https:\/\/api.w.org\/{rel}","templated":true}]}}