{"id":26428,"date":"2026-03-09T12:56:35","date_gmt":"2026-03-09T12:56:35","guid":{"rendered":"https:\/\/acronoticias.com\/index.php\/2026\/03\/09\/150-anos-de-la-primera-llamada-telefonica-de-bell-al-5g\/"},"modified":"2026-03-09T12:56:35","modified_gmt":"2026-03-09T12:56:35","slug":"150-anos-de-la-primera-llamada-telefonica-de-bell-al-5g","status":"publish","type":"post","link":"https:\/\/acronoticias.com\/index.php\/2026\/03\/09\/150-anos-de-la-primera-llamada-telefonica-de-bell-al-5g\/","title":{"rendered":"150 a\u00f1os de la primera llamada telef\u00f3nica: de Bell al 5G"},"content":{"rendered":"<div id=\"nota-texto\">\n<p><strong>Madrid<\/strong>.- Hace 150 a\u00f1os, <strong>Alexander Graham Bell<\/strong> hizo la primera llamada telef\u00f3nica de la historia: a su ayudante. Este experimento en un taller de <strong>Boston<\/strong> supuso la semilla de lo que hoy es una sociedad hiperconectada, con redes de alta velocidad, m\u00f3viles inteligentes y grandes cantidades de datos.<\/p>\n<p>Se\u00f1or <strong>Watson<\/strong>, venga aqu\u00ed, quiero verle\u00bb, fue la breve conversaci\u00f3n que tuvo lugar el 10 de marzo de 1876 entre el inventor escoc\u00e9s y su ayudante <strong>Thomas Watson<\/strong>. Esta marcar\u00eda un nuevo punto de partida de las telecomunicaciones, aunque su intenci\u00f3n inicial no era esa, sino renovar la red telegr\u00e1fica, explica a <strong>EFE<\/strong> el profesor de Ingenier\u00eda de Telecomunicaci\u00f3n en la <strong>Universidad Polit\u00e9cnica de Madrid<\/strong>, <strong>Antonio P\u00e9rez Yuste<\/strong>.<\/p>\n<p>El prop\u00f3sito de <strong>Bell<\/strong>, a\u00f1ade este experto, \u00abera mejorar la eficiencia de los sistemas telegr\u00e1ficos el\u00e9ctricos existentes, consiguiendo transmitir m\u00e1s informaci\u00f3n con los mismos recursos\u00bb, proponiendo as\u00ed sustituir el tipo de corrientes que se denominaban \u00abpulsatorias\u00bb por otras que \u00e9l llam\u00f3 \u00abondulatorias\u00bb.<\/p>\n<figure class=\"wp-block-image size-full\"><img fetchpriority=\"high\" decoding=\"async\" width=\"1280\" height=\"720\" src=\"https:\/\/multimedia.noticiassin.com\/wp-content\/uploads\/2026\/03\/de-la-voz-por-cable-a-las-redes-inteligentes-150-anos-de-la-primera-llamada-tel-20260309-112613-O5ov.jpg\" alt=\"\" class=\"wp-image-1962278 lazy\" srcset=\"https:\/\/multimedia.noticiassin.com\/wp-content\/uploads\/2026\/03\/de-la-voz-por-cable-a-las-redes-inteligentes-150-anos-de-la-primera-llamada-tel-20260309-112613-O5ov.jpg 1280w, https:\/\/multimedia.noticiassin.com\/wp-content\/uploads\/2026\/03\/de-la-voz-por-cable-a-las-redes-inteligentes-150-anos-de-la-primera-llamada-tel-20260309-112613-O5ov-768x432.jpg 768w, https:\/\/multimedia.noticiassin.com\/wp-content\/uploads\/2026\/03\/de-la-voz-por-cable-a-las-redes-inteligentes-150-anos-de-la-primera-llamada-tel-20260309-112613-O5ov-288x162.jpg 288w, https:\/\/multimedia.noticiassin.com\/wp-content\/uploads\/2026\/03\/de-la-voz-por-cable-a-las-redes-inteligentes-150-anos-de-la-primera-llamada-tel-20260309-112613-O5ov-588x330.jpg 588w, https:\/\/multimedia.noticiassin.com\/wp-content\/uploads\/2026\/03\/de-la-voz-por-cable-a-las-redes-inteligentes-150-anos-de-la-primera-llamada-tel-20260309-112613-O5ov-608x342.jpg 608w, https:\/\/multimedia.noticiassin.com\/wp-content\/uploads\/2026\/03\/de-la-voz-por-cable-a-las-redes-inteligentes-150-anos-de-la-primera-llamada-tel-20260309-112613-O5ov-742x418.jpg 742w, https:\/\/multimedia.noticiassin.com\/wp-content\/uploads\/2026\/03\/de-la-voz-por-cable-a-las-redes-inteligentes-150-anos-de-la-primera-llamada-tel-20260309-112613-O5ov-150x85.jpg 150w, https:\/\/multimedia.noticiassin.com\/wp-content\/uploads\/2026\/03\/de-la-voz-por-cable-a-las-redes-inteligentes-150-anos-de-la-primera-llamada-tel-20260309-112613-O5ov-1200x675.jpg 1200w\" data-sizes=\"(max-width: 1280px) 100vw, 1280px\"\/><figcaption class=\"wp-element-caption\">Fuente externa: <strong style=\"font-size: revert; color: initial;\">Alexander Graham Bell<\/strong><span style=\"font-size: revert; color: initial;\"> <\/span><\/figcaption><\/figure>\n<p>Ese cambio, a\u00f1ade <strong>P\u00e9rez<\/strong>, fue una idea de <strong>Bell<\/strong> para \u00abun uso alternativo\u00bb del tel\u00e9grafo, pero termin\u00f3 siendo el inicio de la llamada, pues esta no es m\u00e1s \u00abque el conjunto de una suma de frecuencias distintas\u00bb.<\/p>\n<p>No obstante, el <strong>Congreso de Estados Unidos<\/strong> reconoci\u00f3 en 2002 al ingeniero italiano <strong>Antonio Meucci<\/strong> como el primero en crear un dispositivo de comunicaci\u00f3n de voz a distancia (en 1854) que se llam\u00f3 \u2018teletr\u00f3fono\u2019 y luego evolucion\u00f3 al tel\u00e9fono. <strong>Graham Bell<\/strong> lo patent\u00f3 en 1876.<\/p>\n<h2 class=\"wp-block-heading\"><strong>Despu\u00e9s de la llamada<\/strong><\/h2>\n<p>El impacto fue tal que dos a\u00f1os despu\u00e9s de la llamada de <strong>Bell<\/strong> a <strong>Watson<\/strong> se instalaron las primeras centralitas telef\u00f3nicas y m\u00e1s tarde abrieron redes locales de comunicaci\u00f3n, un hecho que para <strong>P\u00e9rez<\/strong> tiene un alto valor documental pues \u00abha pasado muchas veces en la historia que inventos que empiezan como experimentos terminan convirti\u00e9ndose en elementos de consumo masivo\u00bb.<\/p>\n<p>A medida que las redes se extend\u00edan tambi\u00e9n en zonas rurales, asegura el docente, \u00absurgi\u00f3 una econom\u00eda relacionada con la industria de la telefon\u00eda y dedicada al desarrollo de terminales telef\u00f3nicas y cableado\u00bb, dejando as\u00ed de depender de la industria el\u00e9ctrica y evolucionando \u00aba lo que conocemos como las <strong>telecomunicaciones<\/strong>\u00ab.<\/p>\n<figure class=\"wp-block-image size-full\"><img loading=\"lazy\" decoding=\"async\" width=\"1280\" height=\"720\" src=\"https:\/\/multimedia.noticiassin.com\/wp-content\/uploads\/2026\/03\/de-la-voz-por-cable-a-las-redes-inteligentes-150-anos-de-la-primera-llamada-tel-20260309-112444-ApwO.jpg\" alt=\"\" class=\"wp-image-1962277 lazy\" srcset=\"https:\/\/multimedia.noticiassin.com\/wp-content\/uploads\/2026\/03\/de-la-voz-por-cable-a-las-redes-inteligentes-150-anos-de-la-primera-llamada-tel-20260309-112444-ApwO.jpg 1280w, https:\/\/multimedia.noticiassin.com\/wp-content\/uploads\/2026\/03\/de-la-voz-por-cable-a-las-redes-inteligentes-150-anos-de-la-primera-llamada-tel-20260309-112444-ApwO-768x432.jpg 768w, https:\/\/multimedia.noticiassin.com\/wp-content\/uploads\/2026\/03\/de-la-voz-por-cable-a-las-redes-inteligentes-150-anos-de-la-primera-llamada-tel-20260309-112444-ApwO-288x162.jpg 288w, https:\/\/multimedia.noticiassin.com\/wp-content\/uploads\/2026\/03\/de-la-voz-por-cable-a-las-redes-inteligentes-150-anos-de-la-primera-llamada-tel-20260309-112444-ApwO-588x330.jpg 588w, https:\/\/multimedia.noticiassin.com\/wp-content\/uploads\/2026\/03\/de-la-voz-por-cable-a-las-redes-inteligentes-150-anos-de-la-primera-llamada-tel-20260309-112444-ApwO-608x342.jpg 608w, https:\/\/multimedia.noticiassin.com\/wp-content\/uploads\/2026\/03\/de-la-voz-por-cable-a-las-redes-inteligentes-150-anos-de-la-primera-llamada-tel-20260309-112444-ApwO-742x418.jpg 742w, https:\/\/multimedia.noticiassin.com\/wp-content\/uploads\/2026\/03\/de-la-voz-por-cable-a-las-redes-inteligentes-150-anos-de-la-primera-llamada-tel-20260309-112444-ApwO-150x85.jpg 150w, https:\/\/multimedia.noticiassin.com\/wp-content\/uploads\/2026\/03\/de-la-voz-por-cable-a-las-redes-inteligentes-150-anos-de-la-primera-llamada-tel-20260309-112444-ApwO-1200x675.jpg 1200w\" data-sizes=\"(max-width: 1280px) 100vw, 1280px\"\/><figcaption class=\"wp-element-caption\">Fuente externa: <strong>Tel\u00e9grafo<\/strong><\/figcaption><\/figure>\n<p>Sin embargo, <strong>el tel\u00e9grafo no perdi\u00f3 relevancia <\/strong>en la actividad empresarial y el comercio con la llegada del tel\u00e9fono, ya que \u00abpermit\u00eda conservar una prueba documental de la comunicaci\u00f3n\u00bb.<\/p>\n<p>A finales del siglo XIX, el efecto de la expansi\u00f3n telef\u00f3nica comenz\u00f3 a evidenciar cambios sociales \u00abrelevantes\u00bb, anota <strong>P\u00e9rez<\/strong>, como la creaci\u00f3n de empleo femenino en las centralitas que \u00abfueron atendidas exclusivamente por mujeres y eso supuso una incorporaci\u00f3n importante al mercado laboral\u00bb.<\/p>\n<h2 class=\"wp-block-heading\"><strong>La era digital<\/strong><\/h2>\n<p>D\u00e9cadas m\u00e1s tarde, y despu\u00e9s de que el tel\u00e9fono lograra conectar <strong>Europa<\/strong> con <strong>Am\u00e9rica<\/strong> durante la <strong>Segunda Guerra Mundial<\/strong>, la transformaci\u00f3n llegar\u00eda con la telefon\u00eda m\u00f3vil y la digitalizaci\u00f3n.<\/p>\n<p>Un hecho que, seg\u00fan <strong>P\u00e9rez<\/strong>, \u00abcambi\u00f3 radicalmente el panorama\u00bb con la introducci\u00f3n del sistema <strong>GSM<\/strong> (Sistema Global para Comunicaciones M\u00f3viles) de segunda generaci\u00f3n que populariz\u00f3 el m\u00f3vil a trav\u00e9s de innovaciones como la voz digital, el \u2018roaming\u2019 internacional o los mensajes <strong>SMS<\/strong>.<\/p>\n<figure class=\"wp-block-image size-full\"><img loading=\"lazy\" decoding=\"async\" width=\"1280\" height=\"720\" src=\"https:\/\/multimedia.noticiassin.com\/wp-content\/uploads\/2026\/03\/de-la-voz-por-cable-a-las-redes-inteligentes-150-anos-de-la-primera-llamada-tel-20260309-112906-OH9r.jpg\" alt=\"\" class=\"wp-image-1962283 lazy\" srcset=\"https:\/\/multimedia.noticiassin.com\/wp-content\/uploads\/2026\/03\/de-la-voz-por-cable-a-las-redes-inteligentes-150-anos-de-la-primera-llamada-tel-20260309-112906-OH9r.jpg 1280w, https:\/\/multimedia.noticiassin.com\/wp-content\/uploads\/2026\/03\/de-la-voz-por-cable-a-las-redes-inteligentes-150-anos-de-la-primera-llamada-tel-20260309-112906-OH9r-768x432.jpg 768w, https:\/\/multimedia.noticiassin.com\/wp-content\/uploads\/2026\/03\/de-la-voz-por-cable-a-las-redes-inteligentes-150-anos-de-la-primera-llamada-tel-20260309-112906-OH9r-288x162.jpg 288w, https:\/\/multimedia.noticiassin.com\/wp-content\/uploads\/2026\/03\/de-la-voz-por-cable-a-las-redes-inteligentes-150-anos-de-la-primera-llamada-tel-20260309-112906-OH9r-588x330.jpg 588w, https:\/\/multimedia.noticiassin.com\/wp-content\/uploads\/2026\/03\/de-la-voz-por-cable-a-las-redes-inteligentes-150-anos-de-la-primera-llamada-tel-20260309-112906-OH9r-608x342.jpg 608w, https:\/\/multimedia.noticiassin.com\/wp-content\/uploads\/2026\/03\/de-la-voz-por-cable-a-las-redes-inteligentes-150-anos-de-la-primera-llamada-tel-20260309-112906-OH9r-742x418.jpg 742w, https:\/\/multimedia.noticiassin.com\/wp-content\/uploads\/2026\/03\/de-la-voz-por-cable-a-las-redes-inteligentes-150-anos-de-la-primera-llamada-tel-20260309-112906-OH9r-150x85.jpg 150w, https:\/\/multimedia.noticiassin.com\/wp-content\/uploads\/2026\/03\/de-la-voz-por-cable-a-las-redes-inteligentes-150-anos-de-la-primera-llamada-tel-20260309-112906-OH9r-1200x675.jpg 1200w\" data-sizes=\"(max-width: 1280px) 100vw, 1280px\"\/><figcaption class=\"wp-element-caption\">Fuente externa: <strong>Tel\u00e9fonos inteligentes<\/strong><\/figcaption><\/figure>\n<p>Ese proceso, a\u00f1ade <strong>P\u00e9rez<\/strong>, se aceler\u00f3 con la llegada de las<strong> redes 3G<\/strong> y la introducci\u00f3n al mercado de los tel\u00e9fonos inteligentes, impulsado por dispositivos como el <strong>iPhone<\/strong> y sistemas operativos como <strong>Android<\/strong>, lo que considera como \u00abel momento clave que nos transforma absolutamente a toda la sociedad\u00bb.<\/p>\n<p>A partir de ese momento, <strong>el tel\u00e9fono fijo dej\u00f3 de ser un aparato asociado a un lugar f\u00edsico<\/strong> para convertirse en un <strong>dispositivo personal<\/strong> con redes m\u00f3viles que \u00absuperan en penetraci\u00f3n a la telefon\u00eda fija en gran parte del mundo y transportan principalmente datos en lugar de voz\u00bb, agrega el experto.<\/p>\n<p>Para <strong>P\u00e9rez<\/strong>, con siglo y medio de perspectiva, la llamada de <strong>Bell<\/strong> se interpreta como el inicio de un proceso tecnol\u00f3gico que acabar\u00eda transformando por completo la manera de comunicarse en el planeta y \u00abfue el disparador que dio origen a lo que hoy llamamos sociedad digital\u00bb.<\/p>\n<p>\u00abEl tel\u00e9fono fue para la sociedad de la informaci\u00f3n lo que<strong> la m\u00e1quina de vapor <\/strong>fue para la sociedad industrial\u00bb, concluye.<\/p>\n<\/div>\n","protected":false},"excerpt":{"rendered":"<p>Madrid.- Hace 150 a\u00f1os, Alexander Graham Bell hizo la primera llamada telef\u00f3nica de la historia: a su ayudante. Este experimento en un taller de Boston supuso la semilla de lo que hoy es una sociedad hiperconectada, con redes de alta velocidad, m\u00f3viles inteligentes y grandes cantidades de datos. Se\u00f1or Watson, venga aqu\u00ed, quiero verle\u00bb, fue<\/p>\n","protected":false},"author":1,"featured_media":26429,"comment_status":"open","ping_status":"open","sticky":false,"template":"","format":"standard","meta":{"footnotes":""},"categories":[3],"tags":[],"class_list":["post-26428","post","type-post","status-publish","format-standard","has-post-thumbnail","hentry","category-internacionales"],"_links":{"self":[{"href":"https:\/\/acronoticias.com\/index.php\/wp-json\/wp\/v2\/posts\/26428","targetHints":{"allow":["GET"]}}],"collection":[{"href":"https:\/\/acronoticias.com\/index.php\/wp-json\/wp\/v2\/posts"}],"about":[{"href":"https:\/\/acronoticias.com\/index.php\/wp-json\/wp\/v2\/types\/post"}],"author":[{"embeddable":true,"href":"https:\/\/acronoticias.com\/index.php\/wp-json\/wp\/v2\/users\/1"}],"replies":[{"embeddable":true,"href":"https:\/\/acronoticias.com\/index.php\/wp-json\/wp\/v2\/comments?post=26428"}],"version-history":[{"count":0,"href":"https:\/\/acronoticias.com\/index.php\/wp-json\/wp\/v2\/posts\/26428\/revisions"}],"wp:featuredmedia":[{"embeddable":true,"href":"https:\/\/acronoticias.com\/index.php\/wp-json\/wp\/v2\/media\/26429"}],"wp:attachment":[{"href":"https:\/\/acronoticias.com\/index.php\/wp-json\/wp\/v2\/media?parent=26428"}],"wp:term":[{"taxonomy":"category","embeddable":true,"href":"https:\/\/acronoticias.com\/index.php\/wp-json\/wp\/v2\/categories?post=26428"},{"taxonomy":"post_tag","embeddable":true,"href":"https:\/\/acronoticias.com\/index.php\/wp-json\/wp\/v2\/tags?post=26428"}],"curies":[{"name":"wp","href":"https:\/\/api.w.org\/{rel}","templated":true}]}}