{"id":26426,"date":"2026-03-09T12:55:10","date_gmt":"2026-03-09T12:55:10","guid":{"rendered":"https:\/\/acronoticias.com\/index.php\/2026\/03\/09\/fallece-el-regidor-mateo-rondon-en-san-cristobal-el-nuevo-diario-republica-dominicana\/"},"modified":"2026-03-09T12:55:10","modified_gmt":"2026-03-09T12:55:10","slug":"fallece-el-regidor-mateo-rondon-en-san-cristobal-el-nuevo-diario-republica-dominicana","status":"publish","type":"post","link":"https:\/\/acronoticias.com\/index.php\/2026\/03\/09\/fallece-el-regidor-mateo-rondon-en-san-cristobal-el-nuevo-diario-republica-dominicana\/","title":{"rendered":"Fallece el regidor Mateo Rond\u00f3n en San Crist\u00f3bal \u2013 El Nuevo Diario (Rep\u00fablica Dominicana)"},"content":{"rendered":"<div>\n<div id=\"gemini-summary-wrapper\" class=\"mb-3\">\n                <button id=\"btn-get-summary\" class=\"gemini-btn\" data-post-id=\"3041941\" data-post-title=\"Fallece el regidor Mateo Rond\u00f3n en San Crist\u00f3bal\"><br \/>\n                    Leer resumen <b class=\"d-none d-md-inline\">de la noticia<\/b> (IA) <span>CLICK AQU\u00cd<\/span><br \/>\n                <\/button><\/p>\n<div id=\"gemini-loading\" class=\"mb-3\">\n<p>                    <span>Analizando noticia&#8230; por favor espera.<\/span>\n                <\/div>\n<\/p><\/div>\n<p>EL NUEVO DIARIO, SAN CRIT\u00d3BAL.\u2013 El regidor del Partido Revolucionario Moderno (PRM) por el municipio de San Crist\u00f3bal, Mateo Rond\u00f3n, falleci\u00f3 este fin de semana tras perder la batalla contra un c\u00e1ncer de p\u00e1ncreas que afectaba su salud.<\/p>\n<p>Rond\u00f3n fue una figura conocida en la vida p\u00fablica de la provincia. Adem\u00e1s de su carrera pol\u00edtica, era economista y abogado, profesiones desde las cuales tambi\u00e9n desarroll\u00f3 una amplia trayectoria de servicio.<\/p>\n<p>Dentro del PRM tuvo un papel importante desde los inicios de esa organizaci\u00f3n pol\u00edtica, al convertirse en el primer presidente provincial del partido en San Crist\u00f3bal tras su fundaci\u00f3n.<\/p>\n<p>En el \u00e1mbito judicial tambi\u00e9n ocup\u00f3 funciones relevantes. Durante el gobierno del expresidente Hip\u00f3lito Mej\u00eda, se desempe\u00f1\u00f3 como juez de la Corte de Apelaci\u00f3n de San Crist\u00f3bal.<\/p>\n<p>De acuerdo con informaciones ofrecidas por familiares, su cuerpo ser\u00e1 expuesto la ma\u00f1ana de este lunes en San Crist\u00f3bal, donde amigos, dirigentes pol\u00edticos y ciudadanos podr\u00e1n darle el \u00faltimo adi\u00f3s.<\/p>\n<p>Posteriormente, y en cumplimiento de sus \u00faltimos deseos, sus restos ser\u00e1n trasladados a su natal municipio de San Rafael del Yuma, en la provincia La Altagracia, donde ser\u00e1n velados la noche de este lunes y la ma\u00f1ana de este martes en la funeraria Quimao.<\/p>\n<p>Su fallecimiento ha generado pesar entre dirigentes pol\u00edticos, profesionales y ciudadanos que le conocieron.<\/p>\n<p>ADDP\/<\/p>\n<p><h3 class=\"jp-relatedposts-headline\"><em>Relacionado<\/em><\/h3>\n<\/p>\n<p>\t\t\t\t\t\t<!-- .entry-footer --><br \/>\n\t\t\t\t\t\t<!-- \n\n<div data-type=\"_mgwidget\" data-widget-id=\"1743501\"><\/div>\n\n  -->\n\t\t\t\t\t<\/div>\n","protected":false},"excerpt":{"rendered":"<p>Leer resumen de la noticia (IA) CLICK AQU\u00cd Analizando noticia&#8230; por favor espera. EL NUEVO DIARIO, SAN CRIT\u00d3BAL.\u2013 El regidor del Partido Revolucionario Moderno (PRM) por el municipio de San Crist\u00f3bal, Mateo Rond\u00f3n, falleci\u00f3 este fin de semana tras perder la batalla contra un c\u00e1ncer de p\u00e1ncreas que afectaba su salud. Rond\u00f3n fue una figura<\/p>\n","protected":false},"author":1,"featured_media":26427,"comment_status":"open","ping_status":"open","sticky":false,"template":"","format":"standard","meta":{"footnotes":""},"categories":[1],"tags":[],"class_list":["post-26426","post","type-post","status-publish","format-standard","has-post-thumbnail","hentry","category-nacionales"],"_links":{"self":[{"href":"https:\/\/acronoticias.com\/index.php\/wp-json\/wp\/v2\/posts\/26426","targetHints":{"allow":["GET"]}}],"collection":[{"href":"https:\/\/acronoticias.com\/index.php\/wp-json\/wp\/v2\/posts"}],"about":[{"href":"https:\/\/acronoticias.com\/index.php\/wp-json\/wp\/v2\/types\/post"}],"author":[{"embeddable":true,"href":"https:\/\/acronoticias.com\/index.php\/wp-json\/wp\/v2\/users\/1"}],"replies":[{"embeddable":true,"href":"https:\/\/acronoticias.com\/index.php\/wp-json\/wp\/v2\/comments?post=26426"}],"version-history":[{"count":0,"href":"https:\/\/acronoticias.com\/index.php\/wp-json\/wp\/v2\/posts\/26426\/revisions"}],"wp:featuredmedia":[{"embeddable":true,"href":"https:\/\/acronoticias.com\/index.php\/wp-json\/wp\/v2\/media\/26427"}],"wp:attachment":[{"href":"https:\/\/acronoticias.com\/index.php\/wp-json\/wp\/v2\/media?parent=26426"}],"wp:term":[{"taxonomy":"category","embeddable":true,"href":"https:\/\/acronoticias.com\/index.php\/wp-json\/wp\/v2\/categories?post=26426"},{"taxonomy":"post_tag","embeddable":true,"href":"https:\/\/acronoticias.com\/index.php\/wp-json\/wp\/v2\/tags?post=26426"}],"curies":[{"name":"wp","href":"https:\/\/api.w.org\/{rel}","templated":true}]}}