{"id":26424,"date":"2026-03-09T12:37:56","date_gmt":"2026-03-09T12:37:56","guid":{"rendered":"https:\/\/acronoticias.com\/index.php\/2026\/03\/09\/yepez-suncar-plantea-interrogantes-legales-y-ambientales-sobre-proyecto-de-puerto-espacial-en-pedernales-el-nuevo-diario-republica-dominicana\/"},"modified":"2026-03-09T12:37:56","modified_gmt":"2026-03-09T12:37:56","slug":"yepez-suncar-plantea-interrogantes-legales-y-ambientales-sobre-proyecto-de-puerto-espacial-en-pedernales-el-nuevo-diario-republica-dominicana","status":"publish","type":"post","link":"https:\/\/acronoticias.com\/index.php\/2026\/03\/09\/yepez-suncar-plantea-interrogantes-legales-y-ambientales-sobre-proyecto-de-puerto-espacial-en-pedernales-el-nuevo-diario-republica-dominicana\/","title":{"rendered":"Y\u00e9pez Suncar plantea interrogantes legales y ambientales sobre proyecto de puerto espacial en Pedernales \u2013 El Nuevo Diario (Rep\u00fablica Dominicana)"},"content":{"rendered":"<div>\n<div id=\"gemini-summary-wrapper\" class=\"mb-3\">\n                <button id=\"btn-get-summary\" class=\"gemini-btn\" data-post-id=\"3041902\" data-post-title=\"Y\u00e9pez Suncar plantea interrogantes legales y ambientales sobre proyecto de puerto espacial en Pedernales\"><br \/>\n                    Leer resumen <b class=\"d-none d-md-inline\">de la noticia<\/b> (IA) <span>CLICK AQU\u00cd<\/span><br \/>\n                <\/button><\/p>\n<div id=\"gemini-loading\" class=\"mb-3\">\n<p>                    <span>Analizando noticia&#8230; por favor espera.<\/span>\n                <\/div>\n<\/p><\/div>\n<p>EL NUEVO DIARIO, SANTO DOMINGO.-\u00a0El abogado Luis Y\u00e9pez Suncar expres\u00f3 preocupaci\u00f3n por la falta de informaci\u00f3n p\u00fablica detallada sobre el proyecto de construcci\u00f3n de un puerto espacial comercial en Oviedo, provincia Pedernales, anunciado recientemente por el presidente Luis Abinader durante su discurso de rendici\u00f3n de cuentas del pasado 27 de febrero ante el Congreso Nacional.<\/p>\n<p>En su comentario semanal titulado \u201cMi pensamiento en dos minutos\u201d, Y\u00e9pez Suncar analiz\u00f3 el anuncio presidencial seg\u00fan el cual el Gobierno habr\u00eda suscrito un contrato con la empresa estadounidense Lod Holdings para desarrollar un puerto espacial destinado al lanzamiento de cohetes hacia el espacio, con una inversi\u00f3n que superar\u00eda los 600 millones de d\u00f3lares.<\/p>\n<p>El jurista se\u00f1al\u00f3 que, aunque la iniciativa podr\u00eda interpretarse como un paso hacia la innovaci\u00f3n tecnol\u00f3gica y el posicionamiento del pa\u00eds en \u00e1reas de desarrollo avanzadas dentro de la regi\u00f3n, la ausencia de informaci\u00f3n precisa sobre el proyecto genera importantes inquietudes en los \u00e1mbitos jur\u00eddico y medioambiental.<\/p>\n<p><iframe loading=\"lazy\" title=\"Reproductor de video VideoPress\" aria-label=\"Reproductor de video VideoPress\" width=\"640\" height=\"360\" src=\"https:\/\/videopress.com\/embed\/20cX1sNU?hd=1&amp;cover=1&amp;loop=0&amp;autoPlay=0&amp;permalink=1&amp;muted=0&amp;controls=1&amp;playsinline=0&amp;useAverageColor=0&amp;preloadContent=metadata\" frameborder=\"0\" allowfullscreen=\"\" data-resize-to-parent=\"true\" allow=\"clipboard-write\"><\/iframe><\/p>\n<p>Desde la perspectiva legal, Y\u00e9pez Suncar indic\u00f3 que surgen interrogantes que deber\u00edan ser aclaradas con prontitud.<\/p>\n<p>Entre ellas, si los terrenos estatales donde se establecer\u00eda el puerto espacial ser\u00e1n o no enajenados a favor de la empresa inversionista; si el acuerdo contempla exenciones parciales o totales del pago de impuestos; si el Estado dominicano tendr\u00e1 alg\u00fan tipo de participaci\u00f3n en el proyecto; y, especialmente, si el presidente de la Rep\u00fablica estaba facultado para suscribir dicho contrato sin la correspondiente aprobaci\u00f3n del Congreso Nacional.<\/p>\n<p>En el plano medioambiental, el abogado advirti\u00f3 que tambi\u00e9n resulta indispensable despejar cualquier duda sobre el posible impacto del proyecto en el ecosistema de la laguna de Oviedo y las costas cercanas.<\/p>\n<p>En ese sentido, mencion\u00f3 la necesidad de evaluar los riesgos relacionados con la contaminaci\u00f3n ac\u00fastica, los efectos sobre la biodiversidad de la zona y el potencial pasivo ambiental que podr\u00eda generarse para la provincia de Pedernales y otras localidades del sur del pa\u00eds.<\/p>\n<p>Y\u00e9pez Suncar sostuvo que un proyecto de esta magnitud requiere transparencia informativa y un debate p\u00fablico amplio, que permita conocer con claridad sus implicaciones legales, econ\u00f3micas y ambientales antes de su ejecuci\u00f3n.<\/p>\n<p><h3 class=\"jp-relatedposts-headline\"><em>Relacionado<\/em><\/h3>\n<\/p>\n<p>\t\t\t\t\t\t<!-- .entry-footer --><br \/>\n\t\t\t\t\t\t<!-- \n\n<div data-type=\"_mgwidget\" data-widget-id=\"1743501\"><\/div>\n\n  -->\n\t\t\t\t\t<\/div>\n","protected":false},"excerpt":{"rendered":"<p>Leer resumen de la noticia (IA) CLICK AQU\u00cd Analizando noticia&#8230; por favor espera. EL NUEVO DIARIO, SANTO DOMINGO.-\u00a0El abogado Luis Y\u00e9pez Suncar expres\u00f3 preocupaci\u00f3n por la falta de informaci\u00f3n p\u00fablica detallada sobre el proyecto de construcci\u00f3n de un puerto espacial comercial en Oviedo, provincia Pedernales, anunciado recientemente por el presidente Luis Abinader durante su discurso<\/p>\n","protected":false},"author":1,"featured_media":26425,"comment_status":"open","ping_status":"open","sticky":false,"template":"","format":"standard","meta":{"footnotes":""},"categories":[1],"tags":[],"class_list":["post-26424","post","type-post","status-publish","format-standard","has-post-thumbnail","hentry","category-nacionales"],"_links":{"self":[{"href":"https:\/\/acronoticias.com\/index.php\/wp-json\/wp\/v2\/posts\/26424","targetHints":{"allow":["GET"]}}],"collection":[{"href":"https:\/\/acronoticias.com\/index.php\/wp-json\/wp\/v2\/posts"}],"about":[{"href":"https:\/\/acronoticias.com\/index.php\/wp-json\/wp\/v2\/types\/post"}],"author":[{"embeddable":true,"href":"https:\/\/acronoticias.com\/index.php\/wp-json\/wp\/v2\/users\/1"}],"replies":[{"embeddable":true,"href":"https:\/\/acronoticias.com\/index.php\/wp-json\/wp\/v2\/comments?post=26424"}],"version-history":[{"count":0,"href":"https:\/\/acronoticias.com\/index.php\/wp-json\/wp\/v2\/posts\/26424\/revisions"}],"wp:featuredmedia":[{"embeddable":true,"href":"https:\/\/acronoticias.com\/index.php\/wp-json\/wp\/v2\/media\/26425"}],"wp:attachment":[{"href":"https:\/\/acronoticias.com\/index.php\/wp-json\/wp\/v2\/media?parent=26424"}],"wp:term":[{"taxonomy":"category","embeddable":true,"href":"https:\/\/acronoticias.com\/index.php\/wp-json\/wp\/v2\/categories?post=26424"},{"taxonomy":"post_tag","embeddable":true,"href":"https:\/\/acronoticias.com\/index.php\/wp-json\/wp\/v2\/tags?post=26424"}],"curies":[{"name":"wp","href":"https:\/\/api.w.org\/{rel}","templated":true}]}}