{"id":26416,"date":"2026-03-09T11:54:38","date_gmt":"2026-03-09T11:54:38","guid":{"rendered":"https:\/\/acronoticias.com\/index.php\/2026\/03\/09\/que-acordaron-luis-abinader-y-el-presidente-de-bolivia-durante-la-cumbre-convocada-por-donald-trump\/"},"modified":"2026-03-09T11:54:38","modified_gmt":"2026-03-09T11:54:38","slug":"que-acordaron-luis-abinader-y-el-presidente-de-bolivia-durante-la-cumbre-convocada-por-donald-trump","status":"publish","type":"post","link":"https:\/\/acronoticias.com\/index.php\/2026\/03\/09\/que-acordaron-luis-abinader-y-el-presidente-de-bolivia-durante-la-cumbre-convocada-por-donald-trump\/","title":{"rendered":"\u00bfQu\u00e9 acordaron Luis Abinader y el presidente de Bolivia durante la cumbre convocada por Donald Trump?"},"content":{"rendered":"<div>\n<div class=\"c-detail__author full\">\n<div>\n<div class=\"c-detail__author__thumb\">\n<figure>\n                                <picture src=\"https:\/\/imagenes.hoy.com.do\/files\/image_square_xs\/uploads\/2025\/11\/18\/691c7d5bed035.jpeg\" data-size=\"w:40,h:40\">\n                                    <img decoding=\"async\" loading=\"lazy\" alt=\"EFE EFE\" width=\"40\" height=\"40\" src=\"https:\/\/imagenes.hoy.com.do\/files\/image_square_xs\/uploads\/2025\/11\/18\/691c7d5bed035.jpeg\"\/>\n                                <\/picture>\n                                <\/figure>\n<\/div>\n<\/div>\n<\/div>\n<p>                                                                                            <!-- --><\/p>\n<p class=\"paragraph\">Miami (EE.UU.), 7 mar (EFE).- El presidente de la<b> Rep\u00fablica Dominicana<\/b>, <b>Luis Abinader,<\/b> y el de <b>Bolivia<\/b>, <b>Rodrigo Paz Pereira<\/b>, acordaron ese s\u00e1bado<b> estrechar los lazos diplom\u00e1ticos y explorar nichos de cooperaci\u00f3n y el comercio<\/b>, durante un encuentro en Miami, donde ambos participaron en la cumbre convocada por el mandatario estadounidense, Donald Trump, a la que acudieron otros l\u00edderes de derecha de la regi\u00f3n.<\/p>\n<p class=\"paragraph\">De acuerdo con un comunicado de la Presidencia dominicana, Abinader y Paz Pereira conversaron <b>&#8220;sobre temas de inter\u00e9s com\u00fan y el fortalecimiento de las relaciones entre ambas naciones<\/b>&#8220;.<\/p>\n<p class=\"paragraph\">En el encuentro, ambos mandatarios intercambiaron impresiones sobre la cooperaci\u00f3n regional y la importancia de continuar promoviendo iniciativas conjuntas que contribuyan al desarrollo y la estabilidad en el continente, a\u00f1adi\u00f3 nota.<\/p>\n<div class=\"c-detail__box \">\n<article class=\"c-detail__sumario \">\n<figure class=\"c-detail__sumario__thumb\" style=\"display: block;\">\n            <a href=\"#\" title=\"\">\n                <picture data-size=\"w:140,h:140\" loading=\"lazy\" src=\"https:\/\/imagenes.hoy.com.do\/files\/related_image\/files\/fp\/uploads\/2026\/03\/07\/69ac98379a4a7.r_d.640-427.jpeg\" data-full-src=\"https:\/\/imagenes.hoy.com.do\/uploads\/2026\/03\/07\/69ac98379a4a7.jpeg\">\n                    <img loading=\"lazy\" decoding=\"async\" width=\"140\" height=\"140\" alt=\"La bilateral se desarroll\u00f3 como parte de la agenda del presidente Abinader durante su participaci\u00f3n en la cumbre \u201cEscudo de las Am\u00e9ricas\u201d.\" src=\"https:\/\/imagenes.hoy.com.do\/uploads\/2026\/03\/07\/69ac98379a4a7.jpeg\"\/>\n                <\/picture>\n            <\/a><br \/>\n        <\/figure>\n<\/article>\n<\/div>\n<p class=\"paragraph\">El presidente Abinader y Paz Pereira &#8220;se mostraron receptivos y durante su conversaci\u00f3n expresaron el inter\u00e9s de ensanchar los lazos entre ambas naciones, buscar nichos de cooperaci\u00f3n mutua y estrechar m\u00e1s la diplomacia y el comercio&#8221;, a\u00f1adi\u00f3 la informaci\u00f3n.<\/p>\n<p class=\"paragraph\">Los dos gobernantes acudieron este s\u00e1bado a una cumbre en el Trump National Doral Miami, un resort con campo de golf propiedad <b>Donald Trump<\/b>, en la que el mandatario estadounidense formaliz\u00f3 la creaci\u00f3n de una coalici\u00f3n militar para derrotar a los carteles.<\/p>\n<p class=\"paragraph\">A la cumbre tambi\u00e9n asistieron los presidentes de Argentina, Javier Milei; Costa Rica, Rodrigo Chavez; El Salvador, Nayib Bukele; Guyana, Irfaan Ali; Honduras, Nasry Asfura; Panam\u00e1, Jos\u00e9 Ra\u00fal Mulino; Paraguay, Santiago Pe\u00f1a, y Trinidad y Tobago, Kamla Persad-Bissessar.<\/p>\n<p class=\"paragraph\">Tambi\u00e9n particip\u00f3 el presidente electo de Chile, Jos\u00e9 Antonio Kast, quien tomar\u00e1 posesi\u00f3n el pr\u00f3ximo mi\u00e9rcoles. EFE<\/p>\n<\/div>\n","protected":false},"excerpt":{"rendered":"<p>Miami (EE.UU.), 7 mar (EFE).- El presidente de la Rep\u00fablica Dominicana, Luis Abinader, y el de Bolivia, Rodrigo Paz Pereira, acordaron ese s\u00e1bado estrechar los lazos diplom\u00e1ticos y explorar nichos de cooperaci\u00f3n y el comercio, durante un encuentro en Miami, donde ambos participaron en la cumbre convocada por el mandatario estadounidense, Donald Trump, a la<\/p>\n","protected":false},"author":1,"featured_media":26417,"comment_status":"open","ping_status":"open","sticky":false,"template":"","format":"standard","meta":{"footnotes":""},"categories":[3],"tags":[],"class_list":["post-26416","post","type-post","status-publish","format-standard","has-post-thumbnail","hentry","category-internacionales"],"_links":{"self":[{"href":"https:\/\/acronoticias.com\/index.php\/wp-json\/wp\/v2\/posts\/26416","targetHints":{"allow":["GET"]}}],"collection":[{"href":"https:\/\/acronoticias.com\/index.php\/wp-json\/wp\/v2\/posts"}],"about":[{"href":"https:\/\/acronoticias.com\/index.php\/wp-json\/wp\/v2\/types\/post"}],"author":[{"embeddable":true,"href":"https:\/\/acronoticias.com\/index.php\/wp-json\/wp\/v2\/users\/1"}],"replies":[{"embeddable":true,"href":"https:\/\/acronoticias.com\/index.php\/wp-json\/wp\/v2\/comments?post=26416"}],"version-history":[{"count":0,"href":"https:\/\/acronoticias.com\/index.php\/wp-json\/wp\/v2\/posts\/26416\/revisions"}],"wp:featuredmedia":[{"embeddable":true,"href":"https:\/\/acronoticias.com\/index.php\/wp-json\/wp\/v2\/media\/26417"}],"wp:attachment":[{"href":"https:\/\/acronoticias.com\/index.php\/wp-json\/wp\/v2\/media?parent=26416"}],"wp:term":[{"taxonomy":"category","embeddable":true,"href":"https:\/\/acronoticias.com\/index.php\/wp-json\/wp\/v2\/categories?post=26416"},{"taxonomy":"post_tag","embeddable":true,"href":"https:\/\/acronoticias.com\/index.php\/wp-json\/wp\/v2\/tags?post=26416"}],"curies":[{"name":"wp","href":"https:\/\/api.w.org\/{rel}","templated":true}]}}