{"id":26412,"date":"2026-03-09T11:31:46","date_gmt":"2026-03-09T11:31:46","guid":{"rendered":"https:\/\/acronoticias.com\/index.php\/2026\/03\/09\/haitiano-muere-atropellado-en-la-carretera-sabana-de-la-mar-miches-el-nuevo-diario-republica-dominicana\/"},"modified":"2026-03-09T11:31:46","modified_gmt":"2026-03-09T11:31:46","slug":"haitiano-muere-atropellado-en-la-carretera-sabana-de-la-mar-miches-el-nuevo-diario-republica-dominicana","status":"publish","type":"post","link":"https:\/\/acronoticias.com\/index.php\/2026\/03\/09\/haitiano-muere-atropellado-en-la-carretera-sabana-de-la-mar-miches-el-nuevo-diario-republica-dominicana\/","title":{"rendered":"Haitiano muere atropellado en la carretera Sabana de la Mar-Miches \u2013 El Nuevo Diario (Rep\u00fablica Dominicana)"},"content":{"rendered":"<div>\n<div id=\"gemini-summary-wrapper\" class=\"mb-3\">\n                <button id=\"btn-get-summary\" class=\"gemini-btn\" data-post-id=\"3041859\" data-post-title=\"Haitiano muere atropellado en la carretera Sabana de la Mar-Miches\"><br \/>\n                    Leer resumen <b class=\"d-none d-md-inline\">de la noticia<\/b> (IA) <span>CLICK AQU\u00cd<\/span><br \/>\n                <\/button><\/p>\n<div id=\"gemini-loading\" class=\"mb-3\">\n<p>                    <span>Analizando noticia&#8230; por favor espera.<\/span>\n                <\/div>\n<\/p><\/div>\n<p>EL NUEVO DIARIO, HATO MAYOR.- Un haitiano perdi\u00f3 la vida la ma\u00f1ana de este s\u00e1bado tras ser atropellado por un veh\u00edculo en la carretera Sabana de la Mar-Miches, pr\u00f3ximo a la zona conocida como \u00abR\u00edo Arriba\u00bb, Hato Mayor.<\/p>\n<p>La v\u00edctima fue identificada como Jhonnydo Dieubeny, de 28 a\u00f1os, quien\u00a0resid\u00eda en el sector La Gallera de esa demarcaci\u00f3n.<\/p>\n<p>Dieubeny, pereci\u00f3 producto de los golpes y heridas que recibi\u00f3 al ser embestido por un veh\u00edculo, cuyo conductor emprendi\u00f3 la huida.<\/p>\n<p>Seg\u00fan las informaciones preliminares, la v\u00edctima habr\u00eda salido de la finca donde laboraba, con la intenci\u00f3n de echar un d\u00eda de trabajo en otro lugar, pero de camino sufri\u00f3 el accidente que le cost\u00f3 la vida.<\/p>\n<p>Al lugar de la tragedia acudieron el 911, la Polic\u00eda Nacional y la Direcci\u00f3n General de Tr\u00e1nsito Terrestre (Digesett).<\/p>\n<p>El cuerpo fue entregado a sus familiares para su cristiana sepultura.<\/p>\n<p>Las autoridades informaron que el hecho est\u00e1 bajo investigaci\u00f3n, para identificar el conductor y ponerlo a disposici\u00f3n de la justicia.<\/p>\n<p><h3 class=\"jp-relatedposts-headline\"><em>Relacionado<\/em><\/h3>\n<\/p>\n<p>\t\t\t\t\t\t<!-- .entry-footer --><br \/>\n\t\t\t\t\t\t<!-- \n\n<div data-type=\"_mgwidget\" data-widget-id=\"1743501\"><\/div>\n\n  -->\n\t\t\t\t\t<\/div>\n","protected":false},"excerpt":{"rendered":"<p>Leer resumen de la noticia (IA) CLICK AQU\u00cd Analizando noticia&#8230; por favor espera. EL NUEVO DIARIO, HATO MAYOR.- Un haitiano perdi\u00f3 la vida la ma\u00f1ana de este s\u00e1bado tras ser atropellado por un veh\u00edculo en la carretera Sabana de la Mar-Miches, pr\u00f3ximo a la zona conocida como \u00abR\u00edo Arriba\u00bb, Hato Mayor. La v\u00edctima fue identificada<\/p>\n","protected":false},"author":1,"featured_media":26413,"comment_status":"open","ping_status":"open","sticky":false,"template":"","format":"standard","meta":{"footnotes":""},"categories":[1],"tags":[],"class_list":["post-26412","post","type-post","status-publish","format-standard","has-post-thumbnail","hentry","category-nacionales"],"_links":{"self":[{"href":"https:\/\/acronoticias.com\/index.php\/wp-json\/wp\/v2\/posts\/26412","targetHints":{"allow":["GET"]}}],"collection":[{"href":"https:\/\/acronoticias.com\/index.php\/wp-json\/wp\/v2\/posts"}],"about":[{"href":"https:\/\/acronoticias.com\/index.php\/wp-json\/wp\/v2\/types\/post"}],"author":[{"embeddable":true,"href":"https:\/\/acronoticias.com\/index.php\/wp-json\/wp\/v2\/users\/1"}],"replies":[{"embeddable":true,"href":"https:\/\/acronoticias.com\/index.php\/wp-json\/wp\/v2\/comments?post=26412"}],"version-history":[{"count":0,"href":"https:\/\/acronoticias.com\/index.php\/wp-json\/wp\/v2\/posts\/26412\/revisions"}],"wp:featuredmedia":[{"embeddable":true,"href":"https:\/\/acronoticias.com\/index.php\/wp-json\/wp\/v2\/media\/26413"}],"wp:attachment":[{"href":"https:\/\/acronoticias.com\/index.php\/wp-json\/wp\/v2\/media?parent=26412"}],"wp:term":[{"taxonomy":"category","embeddable":true,"href":"https:\/\/acronoticias.com\/index.php\/wp-json\/wp\/v2\/categories?post=26412"},{"taxonomy":"post_tag","embeddable":true,"href":"https:\/\/acronoticias.com\/index.php\/wp-json\/wp\/v2\/tags?post=26412"}],"curies":[{"name":"wp","href":"https:\/\/api.w.org\/{rel}","templated":true}]}}