{"id":26393,"date":"2026-03-09T07:50:34","date_gmt":"2026-03-09T07:50:34","guid":{"rendered":"https:\/\/acronoticias.com\/index.php\/2026\/03\/09\/papa-pide-cesen-las-bombas-en-oriente-medio\/"},"modified":"2026-03-09T07:50:34","modified_gmt":"2026-03-09T07:50:34","slug":"papa-pide-cesen-las-bombas-en-oriente-medio","status":"publish","type":"post","link":"https:\/\/acronoticias.com\/index.php\/2026\/03\/09\/papa-pide-cesen-las-bombas-en-oriente-medio\/","title":{"rendered":"Papa pide cesen las bombas en Oriente Medio"},"content":{"rendered":"<div>\n<div class=\"c-detail__author full\">\n<div>\n<div class=\"c-detail__author__thumb\">\n<figure>\n                                <picture src=\"https:\/\/imagenes.hoy.com.do\/files\/image_square_xs\/uploads\/2025\/11\/18\/691c7d5bed035.jpeg\" data-size=\"w:40,h:40\">\n                                    <img decoding=\"async\" loading=\"lazy\" alt=\"EFE EFE\" width=\"40\" height=\"40\" src=\"https:\/\/imagenes.hoy.com.do\/files\/image_square_xs\/uploads\/2025\/11\/18\/691c7d5bed035.jpeg\"\/>\n                                <\/picture>\n                                <\/figure>\n<\/div>\n<\/div>\n<\/div>\n<p>                                                                                            <!-- --><\/p>\n<p class=\"paragraph\">Ciudad del Vaticano. EFE.<\/p>\n<p class=\"paragraph\">El papa Le\u00f3n XIV llam\u00f3 ayer a que cesen las bombas en Oriente Medio y expres\u00f3 su temor a que el conflicto se extienda a otros pa\u00edses de la regi\u00f3n, en un mensaje al final del rezo del \u00e1ngelus dominical en la plaza de San Pedro.<\/p>\n<p class=\"paragraph\">\u201cQueridos hermanos y hermanas, desde Ir\u00e1n y todo Oriente Medio siguen llegando noticias que causan profunda consternaci\u00f3n\u201d, dijo el papa, asomado a la ventana de su estudio en el Palacio Apost\u00f3lico.   Y agreg\u00f3- \u201cA los episodios de violencia y devastaci\u00f3n y al clima generalizado de odio y miedo se suma el temor de que el conflicto se extienda y otros pa\u00edses de la regi\u00f3n, entre ellos el querido L\u00edbano, vuelvan a sumirse en la inestabilidad&#8221;.   Y ante ello inst\u00f3 a \u201cque cese el estruendo de las bombas, que callen las armas y se abra un espacio de di\u00e1logo en el que se pueda escuchar la voz de los pueblos&#8221;.<\/p>\n<p class=\"paragraph\">Y continu\u00f3- \u201cEncomiendo esta s\u00faplica a Mar\u00eda, Reina de la Paz. Que interceda por aquellos que sufren a causa de la guerra y acompa\u00f1e a los corazones por los caminos de la reconciliaci\u00f3n y la esperanza&#8221;.<\/p>\n<p class=\"paragraph\">En una entrevista la semana pasada en los medios vaticanos, el secretario de Estado el cardenal italiano Pietro Parolin, expres\u00f3 que con las guerras preventivas \u201cel mundo entero corre el riesgo de ser incendiado&#8221;.<\/p>\n<p class=\"paragraph\">\u201cCon profundo pesar, los pueblos de Oriente Medio, incluidas las ya fr\u00e1giles comunidades cristianas, han vuelto a caer en el horror de la guerra, que cobra brutalmente vidas humanas, siembra destrucci\u00f3n y arrastra a naciones enteras a una espiral de violencia con resultados inciertos\u201d, lament\u00f3 el \u201cn\u00famero dos\u201d del Vaticano.<\/p>\n<div class=\"c-detail__box \">\n<article class=\"c-detail__sumario \">\n<figure class=\"c-detail__sumario__thumb\" style=\"display: block;\">\n            <a href=\"#\" title=\"\">\n                <picture data-size=\"w:140,h:140\" loading=\"lazy\" src=\"https:\/\/imagenes.hoy.com.do\/files\/related_image\/uploads\/2026\/03\/08\/69ae41a1cd817.jpeg\" data-full-src=\"https:\/\/imagenes.hoy.com.do\/uploads\/2026\/03\/08\/69ae41a1cd817.jpeg\">\n                    <img loading=\"lazy\" decoding=\"async\" width=\"140\" height=\"140\" alt=\"Enrique Antonio Valdez Aguiar junto al papa Le\u00f3n XIV.\" src=\"https:\/\/imagenes.hoy.com.do\/uploads\/2026\/03\/08\/69ae41a1cd817.jpeg\"\/>\n                <\/picture>\n            <\/a><br \/>\n        <\/figure>\n<\/article>\n<\/div>\n<p class=\"paragraph\"><b>Solidaridad con mujeres<\/b><\/p>\n<p class=\"paragraph\">Le\u00f3n XIV expres\u00f3 ayer, con ocasi\u00f3n del D\u00eda de la Mujer, su solidaridad y sus oraciones a todas las mujeres que sufren violencia.<\/p>\n<p class=\"paragraph\">\u201cHoy, 8 de marzo, se celebra el D\u00eda de la Mujer. Renovamos el compromiso que, para nosotros los cristianos, se basa en el Evangelio para el reconocimiento de la igual dignidad del hombre y la mujer\u201d.  Y agreg\u00f3- \u201cLamentablemente, muchas mujeres siguen siendo discriminadas  y sufren diversas formas de violencia. A ellas expreso mi solidaridad y  oraciones&#8221;.<\/p>\n<\/div>\n","protected":false},"excerpt":{"rendered":"<p>Ciudad del Vaticano. EFE. El papa Le\u00f3n XIV llam\u00f3 ayer a que cesen las bombas en Oriente Medio y expres\u00f3 su temor a que el conflicto se extienda a otros pa\u00edses de la regi\u00f3n, en un mensaje al final del rezo del \u00e1ngelus dominical en la plaza de San Pedro. \u201cQueridos hermanos y hermanas, desde<\/p>\n","protected":false},"author":1,"featured_media":26394,"comment_status":"open","ping_status":"open","sticky":false,"template":"","format":"standard","meta":{"footnotes":""},"categories":[3],"tags":[],"class_list":["post-26393","post","type-post","status-publish","format-standard","has-post-thumbnail","hentry","category-internacionales"],"_links":{"self":[{"href":"https:\/\/acronoticias.com\/index.php\/wp-json\/wp\/v2\/posts\/26393","targetHints":{"allow":["GET"]}}],"collection":[{"href":"https:\/\/acronoticias.com\/index.php\/wp-json\/wp\/v2\/posts"}],"about":[{"href":"https:\/\/acronoticias.com\/index.php\/wp-json\/wp\/v2\/types\/post"}],"author":[{"embeddable":true,"href":"https:\/\/acronoticias.com\/index.php\/wp-json\/wp\/v2\/users\/1"}],"replies":[{"embeddable":true,"href":"https:\/\/acronoticias.com\/index.php\/wp-json\/wp\/v2\/comments?post=26393"}],"version-history":[{"count":0,"href":"https:\/\/acronoticias.com\/index.php\/wp-json\/wp\/v2\/posts\/26393\/revisions"}],"wp:featuredmedia":[{"embeddable":true,"href":"https:\/\/acronoticias.com\/index.php\/wp-json\/wp\/v2\/media\/26394"}],"wp:attachment":[{"href":"https:\/\/acronoticias.com\/index.php\/wp-json\/wp\/v2\/media?parent=26393"}],"wp:term":[{"taxonomy":"category","embeddable":true,"href":"https:\/\/acronoticias.com\/index.php\/wp-json\/wp\/v2\/categories?post=26393"},{"taxonomy":"post_tag","embeddable":true,"href":"https:\/\/acronoticias.com\/index.php\/wp-json\/wp\/v2\/tags?post=26393"}],"curies":[{"name":"wp","href":"https:\/\/api.w.org\/{rel}","templated":true}]}}